{"id":20964,"date":"2025-10-15T09:32:03","date_gmt":"2025-10-15T07:32:03","guid":{"rendered":"https:\/\/blogs.deia.eus\/anasagasti\/?p=20964"},"modified":"2025-10-15T09:49:57","modified_gmt":"2025-10-15T07:49:57","slug":"maduro-cierra-la-embajada-en-noruega-eitb-no-informa","status":"publish","type":"post","link":"https:\/\/blogs.deia.eus\/anasagasti\/2025\/10\/15\/maduro-cierra-la-embajada-en-noruega-eitb-no-informa\/","title":{"rendered":"MADURO CIERRA LA EMBAJADA EN NORUEGA. EITB NO INFORMA."},"content":{"rendered":"\n<p><strong>M<\/strong><strong>i\u00e9rcoles 15 de octubre de 2025<\/strong><\/p>\n\n\n<div class=\"wp-block-image\">\n<figure class=\"aligncenter size-large\"><a href=\"https:\/\/blogs.deia.eus\/anasagasti\/files\/2025\/10\/NOBEL-DE-LA-PAZ-2025.jpg\"><img loading=\"lazy\" decoding=\"async\" width=\"940\" height=\"632\" src=\"https:\/\/blogs.deia.eus\/anasagasti\/files\/2025\/10\/NOBEL-DE-LA-PAZ-2025-940x632.jpg\" alt=\"\" class=\"wp-image-20965\" srcset=\"https:\/\/blogs.deia.eus\/anasagasti\/files\/2025\/10\/NOBEL-DE-LA-PAZ-2025-940x632.jpg 940w, https:\/\/blogs.deia.eus\/anasagasti\/files\/2025\/10\/NOBEL-DE-LA-PAZ-2025-580x390.jpg 580w, https:\/\/blogs.deia.eus\/anasagasti\/files\/2025\/10\/NOBEL-DE-LA-PAZ-2025-768x516.jpg 768w, https:\/\/blogs.deia.eus\/anasagasti\/files\/2025\/10\/NOBEL-DE-LA-PAZ-2025.jpg 1024w\" sizes=\"auto, (max-width: 940px) 100vw, 940px\" \/><\/a><\/figure>\n<\/div>\n\n\n<p>Publico esta noticia porque no espere verla en EITB. Est\u00e1n ocupados en informar sobre la huelga pro Palestina que no hicieron ni har\u00e1n en solidaridad con Ucrania.<\/p>\n\n\n\n<p>Maduro anunci\u00f3 el lunes que cerrar\u00e1 su embajada en Oslo, Noruega, d\u00edas despu\u00e9s de que la l\u00edder de la oposici\u00f3n Mar\u00eda Corina Machado fuera galardonada con el Premio Nobel de la Paz.<\/p>\n\n\n\n<p>El Ministerio de Relaciones Exteriores de Noruega confirm\u00f3 que Caracas hab\u00eda cerrado su sede en Oslo sin dar razones.<\/p>\n\n\n\n<p>El Comit\u00e9 del Nobel en Oslo la nombr\u00f3 ganadora del premio el viernes en reconocimiento de lo que llam\u00f3 \u00absu incansable trabajo promoviendo los derechos democr\u00e1ticos del pueblo de Venezuela\u00bb. Anteriormente el Parlamento Europeo le hab\u00eda entregado el Premio Sajarov.<\/p>\n\n\n\n<p>El totalitario chavismo no tolera que durante a\u00f1os, Machado haya realizado una f\u00e9rrea y consecuente oposici\u00f3n contra Maduro, presidente ileg\u00edtimo desde 2013 y cuyo gobierno es considerado una dictadura &nbsp;por el Parlamento europeo y la mayor\u00eda de estados democr\u00e1ticos que no reconocen su robo electoral..<\/p>\n\n\n\n<p>La l\u00edder opositora se ha visto forzada a vivir oculta desde el a\u00f1o pasado.<\/p>\n\n\n\n<p>Al destacar sus logros, el presidente del Comit\u00e9 Noruego del Nobel, J\u00f8rgen Watne Frydes, llam\u00f3 a Machado una \u00abfigura clave, unificadora de una oposici\u00f3n pol\u00edtica que en un entonces estaba profundamente dividida\u2026 en un Estado brutalmente autoritario que ahora sufre una crisis humanitaria y econ\u00f3mica\u00bb.<\/p>\n\n\n\n<p>Caracas tambi\u00e9n cerr\u00f3 su embajada en Australia, mientras que abri\u00f3 sedes en Zimbabue y Burkina Faso, a quienes catalog\u00f3 de \u00absocios estrat\u00e9gicos en la lucha\u00bb contra \u00abpresiones hegem\u00f3nicas\u00bb.<\/p>\n\n\n\n<p>La \u00faltima vez que Noruega fue objeto de una ruptura diplom\u00e1tica parecida por el Premio Nobel de la Paz fue con la \u201cdemocr\u00e1tica\u201d China en 2010, cuando entreg\u00f3 el galard\u00f3n al disidente pol\u00edtico Liu Xiaobo.<\/p>\n<!-- AddThis Advanced Settings generic via filter on the_content --><!-- AddThis Share Buttons generic via filter on the_content -->","protected":false},"excerpt":{"rendered":"<p>Mi\u00e9rcoles 15 de octubre de 2025 Publico esta noticia porque no espere verla en EITB. Est\u00e1n ocupados en informar sobre la huelga pro Palestina que no hicieron ni har\u00e1n en solidaridad con Ucrania. Maduro anunci\u00f3 el lunes que cerrar\u00e1 su embajada en Oslo, Noruega, d\u00edas despu\u00e9s de que la l\u00edder de la oposici\u00f3n Mar\u00eda Corina &hellip; <a href=\"https:\/\/blogs.deia.eus\/anasagasti\/2025\/10\/15\/maduro-cierra-la-embajada-en-noruega-eitb-no-informa\/\" class=\"more-link\">Sigue leyendo <span class=\"screen-reader-text\">MADURO CIERRA LA EMBAJADA EN NORUEGA. EITB NO INFORMA.<\/span><\/a><!-- AddThis Advanced Settings generic via filter on get_the_excerpt --><!-- AddThis Share Buttons generic via filter on get_the_excerpt --><\/p>\n","protected":false},"author":19,"featured_media":0,"comment_status":"open","ping_status":"open","sticky":false,"template":"","format":"standard","meta":{"footnotes":""},"categories":[1],"tags":[],"class_list":["post-20964","post","type-post","status-publish","format-standard","hentry","category-general"],"_links":{"self":[{"href":"https:\/\/blogs.deia.eus\/anasagasti\/wp-json\/wp\/v2\/posts\/20964","targetHints":{"allow":["GET"]}}],"collection":[{"href":"https:\/\/blogs.deia.eus\/anasagasti\/wp-json\/wp\/v2\/posts"}],"about":[{"href":"https:\/\/blogs.deia.eus\/anasagasti\/wp-json\/wp\/v2\/types\/post"}],"author":[{"embeddable":true,"href":"https:\/\/blogs.deia.eus\/anasagasti\/wp-json\/wp\/v2\/users\/19"}],"replies":[{"embeddable":true,"href":"https:\/\/blogs.deia.eus\/anasagasti\/wp-json\/wp\/v2\/comments?post=20964"}],"version-history":[{"count":1,"href":"https:\/\/blogs.deia.eus\/anasagasti\/wp-json\/wp\/v2\/posts\/20964\/revisions"}],"predecessor-version":[{"id":20966,"href":"https:\/\/blogs.deia.eus\/anasagasti\/wp-json\/wp\/v2\/posts\/20964\/revisions\/20966"}],"wp:attachment":[{"href":"https:\/\/blogs.deia.eus\/anasagasti\/wp-json\/wp\/v2\/media?parent=20964"}],"wp:term":[{"taxonomy":"category","embeddable":true,"href":"https:\/\/blogs.deia.eus\/anasagasti\/wp-json\/wp\/v2\/categories?post=20964"},{"taxonomy":"post_tag","embeddable":true,"href":"https:\/\/blogs.deia.eus\/anasagasti\/wp-json\/wp\/v2\/tags?post=20964"}],"curies":[{"name":"wp","href":"https:\/\/api.w.org\/{rel}","templated":true}]}}