{"id":20967,"date":"2025-10-15T16:40:30","date_gmt":"2025-10-15T14:40:30","guid":{"rendered":"https:\/\/blogs.deia.eus\/anasagasti\/?p=20967"},"modified":"2025-10-15T16:41:21","modified_gmt":"2025-10-15T14:41:21","slug":"haria-una-huelga-eitb-por-la-situacion-de-ucrania","status":"publish","type":"post","link":"https:\/\/blogs.deia.eus\/anasagasti\/2025\/10\/15\/haria-una-huelga-eitb-por-la-situacion-de-ucrania\/","title":{"rendered":"\u00bfHAR\u00cdA UNA HUELGA EITB POR LA SITUACION DE UCRANIA?."},"content":{"rendered":"\n<p><strong>Mi\u00e9rcoles 15 de octubre de 2025<\/strong><\/p>\n\n\n<div class=\"wp-block-image\">\n<figure class=\"aligncenter size-full is-resized\"><a href=\"https:\/\/blogs.deia.eus\/anasagasti\/files\/2025\/10\/IMG-20251015-WA0022.jpg\"><img loading=\"lazy\" decoding=\"async\" width=\"225\" height=\"225\" src=\"https:\/\/blogs.deia.eus\/anasagasti\/files\/2025\/10\/IMG-20251015-WA0022.jpg\" alt=\"\" class=\"wp-image-20968\" style=\"width:507px;height:auto\" srcset=\"https:\/\/blogs.deia.eus\/anasagasti\/files\/2025\/10\/IMG-20251015-WA0022.jpg 225w, https:\/\/blogs.deia.eus\/anasagasti\/files\/2025\/10\/IMG-20251015-WA0022-150x150.jpg 150w\" sizes=\"auto, (max-width: 225px) 100vw, 225px\" \/><\/a><\/figure>\n<\/div>\n\n\n<p>\u00a1Que ingenuo eres I\u00f1aki!. Evidentemente no porque ni ELA y LAB (ELAB) har\u00e1n una huelga en solidaridad con la situaci\u00f3n de Ucrania. Han tenido tres largos a\u00f1os para hacerla y no la han hecho ni la har\u00e1n. Como dir\u00eda el primer Roosevelt de Somoza sobre el dictador nicarag\u00fcense: \u201dPutin es un hijo de p\u2026,pero es nuestro hijo de p\u2026\u201d. Ya se vio con el esp\u00eda Pablo Gonz\u00e1lez que no hab\u00eda informativo donde no fuera noticia, pero ah\u00ed est\u00e1n los dos bizkainos secuestrados por Maduro, que ni existen. Deben ser \u201cgusanos\u201d.<\/p>\n\n\n\n<p>Y un anuncio escrito sobre como EITB ha alterado su programaci\u00f3n en virtud de la huelga. Aqu\u00ed se puede caer el mundo pero lo que se altera est\u00e1 en funci\u00f3n no del poder elegido sino del poder impuesto. Bonita democracia. \u00bfSe puede permitir Euzkadi una huelga por una paz conseguida a muy duras penas y no precisamente por Hamas?.<\/p>\n\n\n\n<p>En Ucrania, m\u00e1s de un mill\u00f3n de muertos, entre rusos y ucranios, tres a\u00f1os de guerra, 2.400 ni\u00f1os muertos, familias vascas que traen ni\u00f1os ucranianos en verano, pero esos no merecen ni Flotilla, con vuelo de regreso en avi\u00f3n, ni huelga general alguna.<\/p>\n\n\n\n<p>Simplemente llama la atenci\u00f3n.<\/p>\n\n\n\n<p>Hoy mi\u00e9rcoles al mediod\u00eda, por mera curiosidad, he visto el desinformativo de EITB. Quince minutos dedicados a la huelga, con la propina de la educativa, que se las trae. No s\u00e9 de qu\u00e9 educaci\u00f3n pueden hablar los huelguistas. Despu\u00e9s nos han hablado de \u00c1balos, Santos Cerd\u00e1n, Trump contra S\u00e1nchez, Milei, IPC, Mauritania y tras Otxarkoaga, han hablado del pleno de las Juntas Generales de Gipuzkoa y el milenario de su nombre \u201cIpuskoa\u201d. La que deber\u00eda ser la primera noticia &nbsp;en una televisi\u00f3n vasca, la novena.<\/p>\n\n\n\n<p>Todo un informativo para Euzkadi. Y eso si. El primer cuarto de hora hablando de la huelga con declaraciones de&nbsp; Garbi\u00f1e&nbsp; Aranburu y Mitxel &nbsp;Lakuntza, los dos mandamases de LAB y ELA, poniendo pringando al gobierno vasco, a los empresarios vascos, a todo lo que se mueva en el \u00e1mbito institucional sin que nadie de los atacados hubiera tenido un segundo para defenderse de sus infundios. En Rusia creo no lo hacen mejor.<\/p>\n\n\n\n<p>Dicen que los \u201cmalos\u201d son fuertes porque los \u201cbuenos\u201d son d\u00e9biles. Es as\u00ed. Y saben de su impunidad.<\/p>\n\n\n\n<p>Hemos denunciado el genocidio contra Palestina. Veremos lo que dura esta situaci\u00f3n tras la firma del lunes en Egipto. Y nos parece bien que se apoye pero, \u00bfQu\u00e9 pasa con Ucrania?.<\/p>\n\n\n\n<p>Es solo una pregunta irreverente.<\/p>\n\n\n\n<p>Aqu\u00ed, para algunos, lo que se demuestra es que sus derechos humanos no son universales sino est\u00e1n a la carta.<\/p>\n<!-- AddThis Advanced Settings generic via filter on the_content --><!-- AddThis Share Buttons generic via filter on the_content -->","protected":false},"excerpt":{"rendered":"<p>Mi\u00e9rcoles 15 de octubre de 2025 \u00a1Que ingenuo eres I\u00f1aki!. Evidentemente no porque ni ELA y LAB (ELAB) har\u00e1n una huelga en solidaridad con la situaci\u00f3n de Ucrania. Han tenido tres largos a\u00f1os para hacerla y no la han hecho ni la har\u00e1n. Como dir\u00eda el primer Roosevelt de Somoza sobre el dictador nicarag\u00fcense: \u201dPutin &hellip; <a href=\"https:\/\/blogs.deia.eus\/anasagasti\/2025\/10\/15\/haria-una-huelga-eitb-por-la-situacion-de-ucrania\/\" class=\"more-link\">Sigue leyendo <span class=\"screen-reader-text\">\u00bfHAR\u00cdA UNA HUELGA EITB POR LA SITUACION DE UCRANIA?.<\/span><\/a><!-- AddThis Advanced Settings generic via filter on get_the_excerpt --><!-- AddThis Share Buttons generic via filter on get_the_excerpt --><\/p>\n","protected":false},"author":19,"featured_media":0,"comment_status":"open","ping_status":"open","sticky":false,"template":"","format":"standard","meta":{"footnotes":""},"categories":[1],"tags":[],"class_list":["post-20967","post","type-post","status-publish","format-standard","hentry","category-general"],"_links":{"self":[{"href":"https:\/\/blogs.deia.eus\/anasagasti\/wp-json\/wp\/v2\/posts\/20967","targetHints":{"allow":["GET"]}}],"collection":[{"href":"https:\/\/blogs.deia.eus\/anasagasti\/wp-json\/wp\/v2\/posts"}],"about":[{"href":"https:\/\/blogs.deia.eus\/anasagasti\/wp-json\/wp\/v2\/types\/post"}],"author":[{"embeddable":true,"href":"https:\/\/blogs.deia.eus\/anasagasti\/wp-json\/wp\/v2\/users\/19"}],"replies":[{"embeddable":true,"href":"https:\/\/blogs.deia.eus\/anasagasti\/wp-json\/wp\/v2\/comments?post=20967"}],"version-history":[{"count":2,"href":"https:\/\/blogs.deia.eus\/anasagasti\/wp-json\/wp\/v2\/posts\/20967\/revisions"}],"predecessor-version":[{"id":20970,"href":"https:\/\/blogs.deia.eus\/anasagasti\/wp-json\/wp\/v2\/posts\/20967\/revisions\/20970"}],"wp:attachment":[{"href":"https:\/\/blogs.deia.eus\/anasagasti\/wp-json\/wp\/v2\/media?parent=20967"}],"wp:term":[{"taxonomy":"category","embeddable":true,"href":"https:\/\/blogs.deia.eus\/anasagasti\/wp-json\/wp\/v2\/categories?post=20967"},{"taxonomy":"post_tag","embeddable":true,"href":"https:\/\/blogs.deia.eus\/anasagasti\/wp-json\/wp\/v2\/tags?post=20967"}],"curies":[{"name":"wp","href":"https:\/\/api.w.org\/{rel}","templated":true}]}}