{"id":20971,"date":"2025-10-16T09:21:14","date_gmt":"2025-10-16T07:21:14","guid":{"rendered":"https:\/\/blogs.deia.eus\/anasagasti\/?p=20971"},"modified":"2025-10-16T09:21:14","modified_gmt":"2025-10-16T07:21:14","slug":"la-internacional-en-arabe-y-el-puno-cerrado-resolveran-la-cuestion-palestina","status":"publish","type":"post","link":"https:\/\/blogs.deia.eus\/anasagasti\/2025\/10\/16\/la-internacional-en-arabe-y-el-puno-cerrado-resolveran-la-cuestion-palestina\/","title":{"rendered":"LA INTERNACIONAL EN \u00c1RABE Y EL PU\u00d1O CERRADO RESOLVER\u00c1N LA CUESTI\u00d3N PALESTINA."},"content":{"rendered":"\n<p><strong>Jueves 16 de octubre de 2025<\/strong><\/p>\n\n\n<div class=\"wp-block-image\">\n<figure class=\"aligncenter size-large\"><a href=\"https:\/\/blogs.deia.eus\/anasagasti\/files\/2025\/10\/Blog-16-de-octubre-de-2025.jpg\"><img loading=\"lazy\" decoding=\"async\" width=\"940\" height=\"940\" src=\"https:\/\/blogs.deia.eus\/anasagasti\/files\/2025\/10\/Blog-16-de-octubre-de-2025-940x940.jpg\" alt=\"\" class=\"wp-image-20972\" srcset=\"https:\/\/blogs.deia.eus\/anasagasti\/files\/2025\/10\/Blog-16-de-octubre-de-2025-940x940.jpg 940w, https:\/\/blogs.deia.eus\/anasagasti\/files\/2025\/10\/Blog-16-de-octubre-de-2025-580x580.jpg 580w, https:\/\/blogs.deia.eus\/anasagasti\/files\/2025\/10\/Blog-16-de-octubre-de-2025-150x150.jpg 150w, https:\/\/blogs.deia.eus\/anasagasti\/files\/2025\/10\/Blog-16-de-octubre-de-2025-768x768.jpg 768w, https:\/\/blogs.deia.eus\/anasagasti\/files\/2025\/10\/Blog-16-de-octubre-de-2025.jpg 1024w\" sizes=\"auto, (max-width: 940px) 100vw, 940px\" \/><\/a><\/figure>\n<\/div>\n\n\n<p>Tras el acuerdo de Egipto, a mayor gloria de Donald Trump, pero con un hecho incontestable como es el peque\u00f1o encauzamiento de una situaci\u00f3n que mataba y mataba diariamente, como sigue ocurriendo en la silenciada Ucrania, este mi\u00e9rcoles 15 de octubre hemos tenido, manu militari sindical, una huelga absurda que no sabemos de qu\u00e9 manera ayuda a encauzar la situaci\u00f3n palestina. Este tipo de huelgas, pu\u00f1o en alto y consignas contra todo lo institucional y en defensa selectiva de los derechos humanos o la haces o quedas manchado por no hacerla. Sionista, asesino, fascista,\u2026.<\/p>\n\n\n\n<p>He visto un titular que hablaba de la iniciativa como si fuera &nbsp;\u201cuna huelga \u00e9tica\u201d y sin embargo he visto asimismo en Bilbao pancartas que dec\u00edan \u201cDestruir Israel. \u00bfSabr\u00e1n que ese odio es otra vulneraci\u00f3n de los derechos humanos?. \u00bfEs esa la huelga \u00e9tica?.<\/p>\n\n\n\n<p>Parece que s\u00ed a tenor por la informaci\u00f3n incre\u00edble de EITB.<\/p>\n\n\n\n<p>Y al final la manifestaci\u00f3n en apoyo a Palestina concluy\u00f3 con la multitud entonando \u201cLa Internacional\u201d en \u00e1rabe frente al Ayuntamiento. Ni el Himno Nacional Vasco, ni el Gernikako, ni el Euzko Gudariak, ni la canci\u00f3n de Laboa sino la Internacional en \u00e1rabe. \u00a1Que guay!<\/p>\n\n\n\n<p>Lo siento. Todo esto no me representa en nada.<\/p>\n\n\n\n<p>Un buen amigo ante todo este potaje, me escribe lo siguiente:<\/p>\n\n\n\n<p><em>\u201cI\u00f1aki, de verdad que no entiendo ya nada de esta sociedad vasca tan rarita.<\/em><\/p>\n\n\n\n<p><em>Tanta gente apoyando a Palestina con una huelga absurda y \u00fanica en el mundo y la asistencia masiva de una sociedad desmovilizada a una manifestaci\u00f3n en demanda de no se sabe qu\u00e9, porque todos ellos aceptan la autoridad de Trump como la del l\u00edder natural global y han dejado en sus manos la soluci\u00f3n, me pilla a contrapi\u00e9.<\/em><\/p>\n\n\n\n<p><em>S\u00f3lo se me ocurre una explicaci\u00f3n.<\/em><\/p>\n\n\n\n<p><em>La sociedad vasca como la entend\u00edamos y con sus graves diferencias, no tiene mucho que ver con la actual. Ni seguridad, vivienda, sueldos, sanidad, educaci\u00f3n, Venezuela, derecho de autodeterminaci\u00f3n, calentamiento global, etc.., todas ellas juntas ser\u00edan capaces de movilizar a tanto ciudadano.<\/em><\/p>\n\n\n\n<p><em>Reconociendo lo que haya que reconocer de malo en el gobierno ultraderechista y sangriento de Israel, no descarto un tufo de antisemitismo manipulado vaya Vd a saber por qu\u00e9 o para qu\u00e9.<\/em><\/p>\n\n\n\n<p><em>La actual sociedad vasca se autocalifica hoy a s\u00ed misma de megaguay, tolerante, internacionalista y lo m\u00e1s de lo m\u00e1s. Pero en el d\u00eda a d\u00eda, en la calle, yo no veo eso. No veo m\u00e1s que crispaci\u00f3n, ansias de ocio, ganas de viajar, sentimiento de explotaci\u00f3n laboral y desorientaci\u00f3n moral, destacando curiosamente el cada vez m\u00e1s acusado ego\u00edsmo personal.<\/em><\/p>\n\n\n\n<p><em>Es inmoral el que condena una violencia con pancartas, huelgas y expresiones de odio e ignora o aplaude otras violencias odiosas de las que el mundo est\u00e1 bien servido. O critica al musulm\u00e1n que atraca en Bilbao y en cambio tolera sin protesta alguna al miliciano -terrorista palestino que mata jud\u00edos y jud\u00edas, les viola o les tortura en Palestina. De hecho lo primero que han hecho tras recuperar Gaza ha sido asesinar, no reconstruir. Eso ya los har\u00e1n los buitres USA.<\/em><\/p>\n\n\n\n<p><em>Hab\u00eda una pel\u00edcula de mi infancia que me gusta un huevo: EL MUNDO EST\u00c1 LOCO, LOCO, LOCO, pero a ver si va a ser que el pirado soy yo.<\/em><em><\/em><\/p>\n\n\n\n<p><em>Disculpa el rollo.<\/em><\/p>\n\n\n\n<p><em>Un abrazo\u201d<\/em><\/p>\n<!-- AddThis Advanced Settings generic via filter on the_content --><!-- AddThis Share Buttons generic via filter on the_content -->","protected":false},"excerpt":{"rendered":"<p>Jueves 16 de octubre de 2025 Tras el acuerdo de Egipto, a mayor gloria de Donald Trump, pero con un hecho incontestable como es el peque\u00f1o encauzamiento de una situaci\u00f3n que mataba y mataba diariamente, como sigue ocurriendo en la silenciada Ucrania, este mi\u00e9rcoles 15 de octubre hemos tenido, manu militari sindical, una huelga absurda &hellip; <a href=\"https:\/\/blogs.deia.eus\/anasagasti\/2025\/10\/16\/la-internacional-en-arabe-y-el-puno-cerrado-resolveran-la-cuestion-palestina\/\" class=\"more-link\">Sigue leyendo <span class=\"screen-reader-text\">LA INTERNACIONAL EN \u00c1RABE Y EL PU\u00d1O CERRADO RESOLVER\u00c1N LA CUESTI\u00d3N PALESTINA.<\/span><\/a><!-- AddThis Advanced Settings generic via filter on get_the_excerpt --><!-- AddThis Share Buttons generic via filter on get_the_excerpt --><\/p>\n","protected":false},"author":19,"featured_media":0,"comment_status":"open","ping_status":"open","sticky":false,"template":"","format":"standard","meta":{"footnotes":""},"categories":[1],"tags":[],"class_list":["post-20971","post","type-post","status-publish","format-standard","hentry","category-general"],"_links":{"self":[{"href":"https:\/\/blogs.deia.eus\/anasagasti\/wp-json\/wp\/v2\/posts\/20971","targetHints":{"allow":["GET"]}}],"collection":[{"href":"https:\/\/blogs.deia.eus\/anasagasti\/wp-json\/wp\/v2\/posts"}],"about":[{"href":"https:\/\/blogs.deia.eus\/anasagasti\/wp-json\/wp\/v2\/types\/post"}],"author":[{"embeddable":true,"href":"https:\/\/blogs.deia.eus\/anasagasti\/wp-json\/wp\/v2\/users\/19"}],"replies":[{"embeddable":true,"href":"https:\/\/blogs.deia.eus\/anasagasti\/wp-json\/wp\/v2\/comments?post=20971"}],"version-history":[{"count":1,"href":"https:\/\/blogs.deia.eus\/anasagasti\/wp-json\/wp\/v2\/posts\/20971\/revisions"}],"predecessor-version":[{"id":20973,"href":"https:\/\/blogs.deia.eus\/anasagasti\/wp-json\/wp\/v2\/posts\/20971\/revisions\/20973"}],"wp:attachment":[{"href":"https:\/\/blogs.deia.eus\/anasagasti\/wp-json\/wp\/v2\/media?parent=20971"}],"wp:term":[{"taxonomy":"category","embeddable":true,"href":"https:\/\/blogs.deia.eus\/anasagasti\/wp-json\/wp\/v2\/categories?post=20971"},{"taxonomy":"post_tag","embeddable":true,"href":"https:\/\/blogs.deia.eus\/anasagasti\/wp-json\/wp\/v2\/tags?post=20971"}],"curies":[{"name":"wp","href":"https:\/\/api.w.org\/{rel}","templated":true}]}}