{"id":20979,"date":"2025-10-18T08:56:31","date_gmt":"2025-10-18T06:56:31","guid":{"rendered":"https:\/\/blogs.deia.eus\/anasagasti\/?p=20979"},"modified":"2025-10-18T08:56:31","modified_gmt":"2025-10-18T06:56:31","slug":"jesus-silva-un-diplomatico-en-tiempos-de-dictadura","status":"publish","type":"post","link":"https:\/\/blogs.deia.eus\/anasagasti\/2025\/10\/18\/jesus-silva-un-diplomatico-en-tiempos-de-dictadura\/","title":{"rendered":"JES\u00daS SILVA, UN DIPLOM\u00c1TICO EN TIEMPOS DE DICTADURA"},"content":{"rendered":"\n<p><strong>S\u00e1bado 18 de octubre de 2025<\/strong><\/p>\n\n\n<div class=\"wp-block-image\">\n<figure class=\"aligncenter size-full is-resized\"><a href=\"https:\/\/blogs.deia.eus\/anasagasti\/files\/2025\/10\/Lopez_Silva.jpg\"><img loading=\"lazy\" decoding=\"async\" width=\"646\" height=\"431\" src=\"https:\/\/blogs.deia.eus\/anasagasti\/files\/2025\/10\/Lopez_Silva.jpg\" alt=\"\" class=\"wp-image-20980\" style=\"width:682px;height:auto\" srcset=\"https:\/\/blogs.deia.eus\/anasagasti\/files\/2025\/10\/Lopez_Silva.jpg 646w, https:\/\/blogs.deia.eus\/anasagasti\/files\/2025\/10\/Lopez_Silva-580x387.jpg 580w\" sizes=\"auto, (max-width: 646px) 100vw, 646px\" \/><\/a><\/figure>\n<\/div>\n\n\n<p>Reproduzco este art\u00edculo ya que conocimos mucho a Jes\u00fas Silva. Un diplom\u00e1tico entregado a su trabajo que en Caracas hizo una buena labor ayudando a las iniciativas que el Centro Vasco de Caracas le propon\u00eda para dar asistencia a sus socios en tiempos del Covid.<\/p>\n\n\n\n<p>Su inesperado deceso, ha causado hondo dolor a quienes le conocimos.<\/p>\n\n\n\n<p>Leopoldo L\u00f3pez recuerda el a\u00f1o y medio que pas\u00f3 en la Embajada de Espa\u00f1a en Caracas, asediada por el r\u00e9gimen chavista, gracias a la determinaci\u00f3n de Jes\u00fas Silva, recientemente fallecido, de quien destaca su lucha y coraje democr\u00e1tico.<\/p>\n\n\n\n<p>El l\u00edder opositor venezolano, Leopoldo L\u00f3pez, escribi\u00f3 lo siguiente:<\/p>\n\n\n\n<p><em>\u201cConoc\u00ed a Jes\u00fas Silva el 30 de abril &nbsp;2019. Aquella madrugada, con el apoyo de militares y polic\u00edas, logr\u00e9 escapar de mi condici\u00f3n de prisionero, en ese momento en casa por c\u00e1rcel, de la dictadura de&nbsp;<a href=\"https:\/\/www.elmundo.es\/e\/ni\/nicolas-maduro.html\" target=\"_blank\" rel=\"noreferrer noopener\"><strong>Nicol\u00e1s Maduro<\/strong><\/a><\/em><em>. Como el d\u00eda en que llegu\u00e9 a la prisi\u00f3n militar de Ramo Verde en febrero de 2014,&nbsp;<a href=\"https:\/\/www.elmundo.es\/internacional\/venezuela.html\" target=\"_blank\" rel=\"noreferrer noopener\"><strong>Venezuela<\/strong><\/a><\/em><em>&nbsp;estaba llena de protestas, calles tomadas, gente movilizada y mucha presi\u00f3n en el aire. Tras las primeras horas de una manifestaci\u00f3n masiva, tuve que buscar refugio en embajadas.<\/em><\/p>\n\n\n\n<p><em>Primero llegu\u00e9 a la Embajada de Chile, donde ya se encontraban varios compa\u00f1eros de mi movimiento Voluntad Popular. Desde all\u00ed, logr\u00e9 comunicarme con varios presidentes de la regi\u00f3n para pedir protecci\u00f3n para militares y civiles perseguidos por la dictadura. Fueron muchos los pa\u00edses que ofrecieron apoyo. En mi caso, gracias al contacto que ten\u00eda mi esposa Lilian con Jes\u00fas Silva, Espa\u00f1a abri\u00f3 sus puertas para recibirme en condici\u00f3n de hu\u00e9sped.<\/em><\/p>\n\n\n\n<p><em>Ese 30 de abril, a las cuatro de la tarde, Lilian, nuestra hija Federica, de apenas un a\u00f1o, y yo llegamos a la Embajada de Espa\u00f1a. Lilian y Federica permanecieron conmigo un mes, hasta que lograron escapar para reunirse con mis hijos mayores en Espa\u00f1a. Yo me qued\u00e9 en la sede diplom\u00e1tica durante 18 meses junto a Jes\u00fas y su esposa Sara.<\/em><\/p>\n\n\n\n<p><em>Jes\u00fas hab\u00eda sido expulsado de Venezuela meses antes por su posici\u00f3n frente al r\u00e9gimen, y s\u00f3lo tras resolverse el&nbsp;impasse&nbsp;diplom\u00e1tico hab\u00eda podido regresar. Pero su regreso nunca lo libr\u00f3 del acoso constante. Durante ese a\u00f1o y medio, la dictadura asedi\u00f3 la embajada, cortando electricidad, agua, recolecci\u00f3n de basura, y rode\u00e1ndola con decenas de cuerpos de seguridad del Estado. Nadie entraba o sal\u00eda sin ser acosado por el SEBIN (Servicio Bolivariano de Inteligencia). En varias ocasiones, aparecieron colectivos armados y hasta un centenar de polic\u00edas con actitud de intimidaci\u00f3n. La amenaza de una incursi\u00f3n violenta era permanente.<\/em><\/p>\n\n\n\n<p><strong><em>En medio de ese cerco, Jes\u00fas Silva nunca cedi\u00f3.<\/em><\/strong><em>&nbsp;Fue llamado en repetidas ocasiones al Ministerio de Exteriores del r\u00e9gimen, donde intentaban presionarlo para que me aislara y, finalmente, me entregara. Nunca lo hizo. Fui testigo directo de su labor diplom\u00e1tica bajo condiciones extremas: siempre sereno, firme en sus principios, y profundamente humano. Su carisma, acompa\u00f1ado de una convicci\u00f3n inquebrantable, le permiti\u00f3 mantener a raya las pretensiones del poder autoritario.<\/em><\/p>\n\n\n\n<p><em>Gracias a su liderazgo, la Embajada espa\u00f1ola se convirti\u00f3 en un centro de articulaci\u00f3n diplom\u00e1tica europea en favor de la libertad y la democracia en Venezuela. Jes\u00fas se comprometi\u00f3 con la causa de los presos pol\u00edticos, apoy\u00f3 a decenas de familias, y mantuvo contacto permanente con los familiares de los venezolanos de nacionalidad espa\u00f1ola encarcelados por motivos pol\u00edticos.&nbsp;<strong>Los orientaba, los acompa\u00f1aba y trabajaba para que sus casos fueran escuchados tanto en Caracas como en Madrid.<\/strong><\/em><\/p>\n\n\n\n<p><em>Recuerdo una madrugada de septiembre de 2020, cuando Jes\u00fas me inform\u00f3 que su periodo en Venezuela llegaba a su fin. Me pidi\u00f3 que reflexionara sobre qu\u00e9 hacer. Le respond\u00ed que mi decisi\u00f3n era salir de la embajada. No fue una decisi\u00f3n f\u00e1cil, pero despu\u00e9s de siete a\u00f1os de prisi\u00f3n, separado de mi familia y con mi madre enferma en Madrid, entend\u00ed que era el momento. Un mes despu\u00e9s, logr\u00e9 escapar, atraves\u00e9 Venezuela, cruc\u00e9 hacia Colombia y finalmente llegu\u00e9 a Espa\u00f1a.<\/em><\/p>\n\n\n\n<p><em>Nos reencontramos muchas veces en Madrid. En 2022, Jes\u00fas recibi\u00f3 un doble reconocimiento por su labor como diplom\u00e1tico comprometido con los derechos humanos: la Medalla de Honor de la World Jurist Association y el reconocimiento de la Human Rights Foundation, ambos otorgados en el marco del Oslo Freedom Forum. En su discurso de aceptaci\u00f3n, dijo que uno de los mayores desaf\u00edos de la diplomacia europea era promover activamente la democracia donde no la hay.<\/em><\/p>\n\n\n\n<p><em>Poco despu\u00e9s fue designado embajador en Ciudad del Cabo, Sud\u00e1frica, donde en 2023 volvi\u00f3 a destacar por su energ\u00eda y carisma. En mi visita con el World Liberty Congress, pude volver a coincidir con \u00e9l. En pocos meses ya se hab\u00eda ganado el respeto y el cari\u00f1o de todos. Fue a trav\u00e9s de \u00e9l como conoc\u00ed a la familia de Desmond Tutu y a otros referentes de la lucha contra el apartheid, hoy aliados de nuestro movimiento global por la libertad.<\/em><\/p>\n\n\n\n<p><em>En un mundo cada vez m\u00e1s autocr\u00e1tico, el ejemplo de Jes\u00fas Silva como diplom\u00e1tico es un referente de los desaf\u00edos que se enfrentan, no desde el abstracto de una pol\u00edtica exterior, sino desde la dimensi\u00f3n personal y moral de quienes sirven en pa\u00edses autoritarios. He visto los extremos: he visto diplom\u00e1ticos arrodillarse y callarse, y&nbsp;<strong>he visto el ejemplo de Jes\u00fas, que nunca cay\u00f3 y siempre avanz\u00f3 en la defensa de los principios de la democracia, la libertad y los derechos humanos<\/strong>.<\/em><\/p>\n\n\n\n<p><em>Jes\u00fas, hermano querido, vuela alto. Aqu\u00ed te recordaremos siempre con gratitud, admiraci\u00f3n y cari\u00f1o. Tu ejemplo seguir\u00e1 inspirando a diplom\u00e1ticos y defensores de la libertad en todo el mundo.<\/em><\/p>\n\n\n\n<p><strong><em>*Leopoldo L\u00f3pez<\/em><\/strong><em>, pol\u00edtico opositor al r\u00e9gimen de Nicol\u00e1s Maduro, es cofundador y secretario general del World Liberty Congress.\u201d<\/em><\/p>\n<!-- AddThis Advanced Settings generic via filter on the_content --><!-- AddThis Share Buttons generic via filter on the_content -->","protected":false},"excerpt":{"rendered":"<p>S\u00e1bado 18 de octubre de 2025 Reproduzco este art\u00edculo ya que conocimos mucho a Jes\u00fas Silva. Un diplom\u00e1tico entregado a su trabajo que en Caracas hizo una buena labor ayudando a las iniciativas que el Centro Vasco de Caracas le propon\u00eda para dar asistencia a sus socios en tiempos del Covid. Su inesperado deceso, ha &hellip; <a href=\"https:\/\/blogs.deia.eus\/anasagasti\/2025\/10\/18\/jesus-silva-un-diplomatico-en-tiempos-de-dictadura\/\" class=\"more-link\">Sigue leyendo <span class=\"screen-reader-text\">JES\u00daS SILVA, UN DIPLOM\u00c1TICO EN TIEMPOS DE DICTADURA<\/span><\/a><!-- AddThis Advanced Settings generic via filter on get_the_excerpt --><!-- AddThis Share Buttons generic via filter on get_the_excerpt --><\/p>\n","protected":false},"author":19,"featured_media":0,"comment_status":"open","ping_status":"open","sticky":false,"template":"","format":"standard","meta":{"footnotes":""},"categories":[1],"tags":[],"class_list":["post-20979","post","type-post","status-publish","format-standard","hentry","category-general"],"_links":{"self":[{"href":"https:\/\/blogs.deia.eus\/anasagasti\/wp-json\/wp\/v2\/posts\/20979","targetHints":{"allow":["GET"]}}],"collection":[{"href":"https:\/\/blogs.deia.eus\/anasagasti\/wp-json\/wp\/v2\/posts"}],"about":[{"href":"https:\/\/blogs.deia.eus\/anasagasti\/wp-json\/wp\/v2\/types\/post"}],"author":[{"embeddable":true,"href":"https:\/\/blogs.deia.eus\/anasagasti\/wp-json\/wp\/v2\/users\/19"}],"replies":[{"embeddable":true,"href":"https:\/\/blogs.deia.eus\/anasagasti\/wp-json\/wp\/v2\/comments?post=20979"}],"version-history":[{"count":1,"href":"https:\/\/blogs.deia.eus\/anasagasti\/wp-json\/wp\/v2\/posts\/20979\/revisions"}],"predecessor-version":[{"id":20981,"href":"https:\/\/blogs.deia.eus\/anasagasti\/wp-json\/wp\/v2\/posts\/20979\/revisions\/20981"}],"wp:attachment":[{"href":"https:\/\/blogs.deia.eus\/anasagasti\/wp-json\/wp\/v2\/media?parent=20979"}],"wp:term":[{"taxonomy":"category","embeddable":true,"href":"https:\/\/blogs.deia.eus\/anasagasti\/wp-json\/wp\/v2\/categories?post=20979"},{"taxonomy":"post_tag","embeddable":true,"href":"https:\/\/blogs.deia.eus\/anasagasti\/wp-json\/wp\/v2\/tags?post=20979"}],"curies":[{"name":"wp","href":"https:\/\/api.w.org\/{rel}","templated":true}]}}