{"id":20982,"date":"2025-10-19T12:30:26","date_gmt":"2025-10-19T10:30:26","guid":{"rendered":"https:\/\/blogs.deia.eus\/anasagasti\/?p=20982"},"modified":"2025-10-19T12:30:27","modified_gmt":"2025-10-19T10:30:27","slug":"canonizan-a-los-dos-primeros-santos-venezolanos","status":"publish","type":"post","link":"https:\/\/blogs.deia.eus\/anasagasti\/2025\/10\/19\/canonizan-a-los-dos-primeros-santos-venezolanos\/","title":{"rendered":"CANONIZAN A LOS DOS PRIMEROS SANTOS VENEZOLANOS."},"content":{"rendered":"\n<p><a href=\"https:\/\/substack.com\/redirect\/2f6548c3-4feb-4318-aa69-019fe6601ed0?j=eyJ1IjoieXI5aHcifQ.EOpLl91H8_nBSsHriUSO2SR09FZoe-VXCEEfJkUm8cw\"><\/a><strong>Domingo 19 de octubre de 2025<\/strong><\/p>\n\n\n<div class=\"wp-block-image\">\n<figure class=\"aligncenter size-large\"><a href=\"https:\/\/blogs.deia.eus\/anasagasti\/files\/2025\/10\/Jose-Gregorio-Hernandez-y-Carmnen-Rendiles.jpg\"><img loading=\"lazy\" decoding=\"async\" width=\"940\" height=\"627\" src=\"https:\/\/blogs.deia.eus\/anasagasti\/files\/2025\/10\/Jose-Gregorio-Hernandez-y-Carmnen-Rendiles-940x627.jpg\" alt=\"\" class=\"wp-image-20983\" srcset=\"https:\/\/blogs.deia.eus\/anasagasti\/files\/2025\/10\/Jose-Gregorio-Hernandez-y-Carmnen-Rendiles-940x627.jpg 940w, https:\/\/blogs.deia.eus\/anasagasti\/files\/2025\/10\/Jose-Gregorio-Hernandez-y-Carmnen-Rendiles-580x387.jpg 580w, https:\/\/blogs.deia.eus\/anasagasti\/files\/2025\/10\/Jose-Gregorio-Hernandez-y-Carmnen-Rendiles-768x512.jpg 768w, https:\/\/blogs.deia.eus\/anasagasti\/files\/2025\/10\/Jose-Gregorio-Hernandez-y-Carmnen-Rendiles.jpg 960w\" sizes=\"auto, (max-width: 940px) 100vw, 940px\" \/><\/a><\/figure>\n<\/div>\n\n\n<p>Este domingo toda la opini\u00f3n p\u00fablica venezolana y el mundo cat\u00f3lico est\u00e1 centrada en el Vaticano ya que canonizan a dos santos, un laico, Jos\u00e9 Gregorio Hern\u00e1dez, que cur\u00f3 con su fe de m\u00e9dico a mucha gente y Carmen Rendiles, una monja, la disc\u00edpula carpintera de Jes\u00fas.<\/p>\n\n\n\n<p>Pero no todo es oraci\u00f3n. Hay mucha pol\u00edtica por medio. Estos primeros santos unen en la fe a un pa\u00eds machacado por una dictadura cruel.<\/p>\n\n\n\n<p><a href=\"https:\/\/substack.com\/redirect\/9e99b99b-d5b3-4e17-aee7-2661d1dfa1ed?j=eyJ1IjoieXI5aHcifQ.EOpLl91H8_nBSsHriUSO2SR09FZoe-VXCEEfJkUm8cw\"><\/a>El Cardenal Baltazar Porras abog\u00f3 por los presos pol\u00edticos y advirti\u00f3 que la situaci\u00f3n de Venezuela \u00abes moralmente inaceptable\u00bb.<\/p>\n\n\n<div class=\"wp-block-image\">\n<figure class=\"aligncenter size-full is-resized\"><a href=\"https:\/\/blogs.deia.eus\/anasagasti\/files\/2025\/10\/Conferencia-Episcopal.jpg\"><img loading=\"lazy\" decoding=\"async\" width=\"750\" height=\"375\" src=\"https:\/\/blogs.deia.eus\/anasagasti\/files\/2025\/10\/Conferencia-Episcopal.jpg\" alt=\"\" class=\"wp-image-20984\" style=\"width:496px;height:auto\" srcset=\"https:\/\/blogs.deia.eus\/anasagasti\/files\/2025\/10\/Conferencia-Episcopal.jpg 750w, https:\/\/blogs.deia.eus\/anasagasti\/files\/2025\/10\/Conferencia-Episcopal-580x290.jpg 580w\" sizes=\"auto, (max-width: 750px) 100vw, 750px\" \/><\/a><\/figure>\n<\/div>\n\n\n<p><em>&nbsp;\u201cTal como lo ha se\u00f1alado reiteradamente la Conferencia Episcopal Venezolana, vivimos en una situaci\u00f3n moralmente inaceptable\u201d, afirm\u00f3 Porras, al enumerar los males que aquejan al pa\u00eds: \u201cla merma del ejercicio de la libertad ciudadana, el crecimiento de la pobreza, la militarizaci\u00f3n como forma de gobierno que excita la violencia, la corrupci\u00f3n y la falta de autonom\u00eda de los poderes p\u00fablicos\u201d.<\/em><\/p>\n\n\n<div class=\"wp-block-image\">\n<figure class=\"aligncenter size-full is-resized\"><a href=\"https:\/\/blogs.deia.eus\/anasagasti\/files\/2025\/10\/Recordatorio-Vaticano-Presos-en-Venezuela.jpg\"><img loading=\"lazy\" decoding=\"async\" width=\"750\" height=\"375\" src=\"https:\/\/blogs.deia.eus\/anasagasti\/files\/2025\/10\/Recordatorio-Vaticano-Presos-en-Venezuela.jpg\" alt=\"\" class=\"wp-image-20985\" style=\"width:494px;height:auto\" srcset=\"https:\/\/blogs.deia.eus\/anasagasti\/files\/2025\/10\/Recordatorio-Vaticano-Presos-en-Venezuela.jpg 750w, https:\/\/blogs.deia.eus\/anasagasti\/files\/2025\/10\/Recordatorio-Vaticano-Presos-en-Venezuela-580x290.jpg 580w\" sizes=\"auto, (max-width: 750px) 100vw, 750px\" \/><\/a><\/figure>\n<\/div>\n\n\n<p><a href=\"https:\/\/substack.com\/redirect\/db2d4d77-269d-4534-b4b9-327f29010a55?j=eyJ1IjoieXI5aHcifQ.EOpLl91H8_nBSsHriUSO2SR09FZoe-VXCEEfJkUm8cw\"><\/a><em>\u201cFamiliares y activistas de derechos humanos se concentraron en Roma con fotograf\u00edas impresas de m\u00e1s de 800 presos pol\u00edticos venezolanos, en la plaza del Risorgimento, en el centro de la capital italiana.\u201d<\/em><\/p>\n\n\n<div class=\"wp-block-image\">\n<figure class=\"aligncenter size-full\"><a href=\"https:\/\/blogs.deia.eus\/anasagasti\/files\/2025\/10\/Barrio-de-Petare-y-Jose-Gregorio-Hernandez.jpg\"><img loading=\"lazy\" decoding=\"async\" width=\"466\" height=\"310\" src=\"https:\/\/blogs.deia.eus\/anasagasti\/files\/2025\/10\/Barrio-de-Petare-y-Jose-Gregorio-Hernandez.jpg\" alt=\"\" class=\"wp-image-20986\" \/><\/a><\/figure>\n<\/div>\n\n\n<p><em>La ceremonia de santificaci\u00f3n del m\u00e9dico Jos\u00e9 Gregorio Hern\u00e1ndez y de la monja Carmen Rendiles se celebra este domingo en Roma en medio de la escalada b\u00e9lica de Estados Unidos. Efigie del m\u00e9dico Jos\u00e9 Gregorio Hern\u00e1ndez en el barrio caraque\u00f1o de Petare.<\/em><\/p>\n\n\n<div class=\"wp-block-image\">\n<figure class=\"aligncenter size-full is-resized\"><a href=\"https:\/\/blogs.deia.eus\/anasagasti\/files\/2025\/10\/Maria-Corina-y-Edmundo-Gonzalez.jpg\"><img loading=\"lazy\" decoding=\"async\" width=\"650\" height=\"488\" src=\"https:\/\/blogs.deia.eus\/anasagasti\/files\/2025\/10\/Maria-Corina-y-Edmundo-Gonzalez.jpg\" alt=\"\" class=\"wp-image-20987\" style=\"width:456px;height:auto\" srcset=\"https:\/\/blogs.deia.eus\/anasagasti\/files\/2025\/10\/Maria-Corina-y-Edmundo-Gonzalez.jpg 650w, https:\/\/blogs.deia.eus\/anasagasti\/files\/2025\/10\/Maria-Corina-y-Edmundo-Gonzalez-580x435.jpg 580w\" sizes=\"auto, (max-width: 650px) 100vw, 650px\" \/><\/a><\/figure>\n<\/div>\n\n\n<p><a href=\"https:\/\/substack.com\/redirect\/c9f09fa5-f90e-4adf-9eb6-0b7458db86c4?j=eyJ1IjoieXI5aHcifQ.EOpLl91H8_nBSsHriUSO2SR09FZoe-VXCEEfJkUm8cw\"><\/a><em>\u201cLa fuerza y la determinaci\u00f3n de nuestro pueblo son inquebrantables; nos hemos crecido ante la adversidad, hemos vencido el odio y ganado confianza, y ahora estamos listos ante la inminencia de un nuevo milagro: un tiempo de luz y libertad llegar\u00e1 pronto para toda Venezuela\u201d, expresaron Mar\u00eda Corina Machado y Edmundo Gonz\u00e1lez<\/em><\/p>\n<!-- AddThis Advanced Settings generic via filter on the_content --><!-- AddThis Share Buttons generic via filter on the_content -->","protected":false},"excerpt":{"rendered":"<p>Domingo 19 de octubre de 2025 Este domingo toda la opini\u00f3n p\u00fablica venezolana y el mundo cat\u00f3lico est\u00e1 centrada en el Vaticano ya que canonizan a dos santos, un laico, Jos\u00e9 Gregorio Hern\u00e1dez, que cur\u00f3 con su fe de m\u00e9dico a mucha gente y Carmen Rendiles, una monja, la disc\u00edpula carpintera de Jes\u00fas. Pero no &hellip; <a href=\"https:\/\/blogs.deia.eus\/anasagasti\/2025\/10\/19\/canonizan-a-los-dos-primeros-santos-venezolanos\/\" class=\"more-link\">Sigue leyendo <span class=\"screen-reader-text\">CANONIZAN A LOS DOS PRIMEROS SANTOS VENEZOLANOS.<\/span><\/a><!-- AddThis Advanced Settings generic via filter on get_the_excerpt --><!-- AddThis Share Buttons generic via filter on get_the_excerpt --><\/p>\n","protected":false},"author":19,"featured_media":0,"comment_status":"open","ping_status":"open","sticky":false,"template":"","format":"standard","meta":{"footnotes":""},"categories":[1],"tags":[],"class_list":["post-20982","post","type-post","status-publish","format-standard","hentry","category-general"],"_links":{"self":[{"href":"https:\/\/blogs.deia.eus\/anasagasti\/wp-json\/wp\/v2\/posts\/20982","targetHints":{"allow":["GET"]}}],"collection":[{"href":"https:\/\/blogs.deia.eus\/anasagasti\/wp-json\/wp\/v2\/posts"}],"about":[{"href":"https:\/\/blogs.deia.eus\/anasagasti\/wp-json\/wp\/v2\/types\/post"}],"author":[{"embeddable":true,"href":"https:\/\/blogs.deia.eus\/anasagasti\/wp-json\/wp\/v2\/users\/19"}],"replies":[{"embeddable":true,"href":"https:\/\/blogs.deia.eus\/anasagasti\/wp-json\/wp\/v2\/comments?post=20982"}],"version-history":[{"count":1,"href":"https:\/\/blogs.deia.eus\/anasagasti\/wp-json\/wp\/v2\/posts\/20982\/revisions"}],"predecessor-version":[{"id":20988,"href":"https:\/\/blogs.deia.eus\/anasagasti\/wp-json\/wp\/v2\/posts\/20982\/revisions\/20988"}],"wp:attachment":[{"href":"https:\/\/blogs.deia.eus\/anasagasti\/wp-json\/wp\/v2\/media?parent=20982"}],"wp:term":[{"taxonomy":"category","embeddable":true,"href":"https:\/\/blogs.deia.eus\/anasagasti\/wp-json\/wp\/v2\/categories?post=20982"},{"taxonomy":"post_tag","embeddable":true,"href":"https:\/\/blogs.deia.eus\/anasagasti\/wp-json\/wp\/v2\/tags?post=20982"}],"curies":[{"name":"wp","href":"https:\/\/api.w.org\/{rel}","templated":true}]}}