{"id":20989,"date":"2025-10-20T09:44:29","date_gmt":"2025-10-20T07:44:29","guid":{"rendered":"https:\/\/blogs.deia.eus\/anasagasti\/?p=20989"},"modified":"2025-10-20T22:24:36","modified_gmt":"2025-10-20T20:24:36","slug":"las-diferentes-varas-de-medir-en-europa-y-en-espana","status":"publish","type":"post","link":"https:\/\/blogs.deia.eus\/anasagasti\/2025\/10\/20\/las-diferentes-varas-de-medir-en-europa-y-en-espana\/","title":{"rendered":"LAS DIFERENTES VARAS DE MEDIR EN EUROPA Y EN ESPA\u00d1A"},"content":{"rendered":"\n<p><strong>Lunes 20 de octubre de 2025<\/strong><\/p>\n\n\n<div class=\"wp-block-image\">\n<figure class=\"aligncenter size-full\"><a href=\"https:\/\/blogs.deia.eus\/anasagasti\/files\/2025\/10\/Andres_Sarkozy_Juan-Carlos_Felipe_JOse-Maria.jpg\"><img loading=\"lazy\" decoding=\"async\" width=\"802\" height=\"768\" src=\"https:\/\/blogs.deia.eus\/anasagasti\/files\/2025\/10\/Andres_Sarkozy_Juan-Carlos_Felipe_JOse-Maria.jpg\" alt=\"\" class=\"wp-image-20990\" srcset=\"https:\/\/blogs.deia.eus\/anasagasti\/files\/2025\/10\/Andres_Sarkozy_Juan-Carlos_Felipe_JOse-Maria.jpg 802w, https:\/\/blogs.deia.eus\/anasagasti\/files\/2025\/10\/Andres_Sarkozy_Juan-Carlos_Felipe_JOse-Maria-580x555.jpg 580w, https:\/\/blogs.deia.eus\/anasagasti\/files\/2025\/10\/Andres_Sarkozy_Juan-Carlos_Felipe_JOse-Maria-768x735.jpg 768w\" sizes=\"auto, (max-width: 802px) 100vw, 802px\" \/><\/a><\/figure>\n<\/div>\n\n\n<p>Mientras en Espa\u00f1a el Em\u00e9rito &nbsp;anda de vacaciones pagadas y ri\u00e9ndose de todo el mundo, en Reino Unido el pr\u00edncipe Andr\u00e9s&nbsp; le obligan a dimitir &nbsp;de sus privilegios y vinculaciones con la monarqu\u00eda. Ya no es m\u00e1s el Duque de York.<\/p>\n\n\n\n<p>Mientras en Francia el ex presidente Sarkozy es condenado a siete a\u00f1os de c\u00e1rcel, en Espa\u00f1a Gonz\u00e1lez (GAL) y Aznar (Irak), eso sin entrar ya en mentiras y corruptelas, se pasean juntitos de la manita por media Espa\u00f1a y nos dicen como tenemos que ser dem\u00f3cratas y buenos chicos.<\/p>\n\n\n\n<p>.<\/p>\n<!-- AddThis Advanced Settings generic via filter on the_content --><!-- AddThis Share Buttons generic via filter on the_content -->","protected":false},"excerpt":{"rendered":"<p>Lunes 20 de octubre de 2025 Mientras en Espa\u00f1a el Em\u00e9rito &nbsp;anda de vacaciones pagadas y ri\u00e9ndose de todo el mundo, en Reino Unido el pr\u00edncipe Andr\u00e9s&nbsp; le obligan a dimitir &nbsp;de sus privilegios y vinculaciones con la monarqu\u00eda. Ya no es m\u00e1s el Duque de York. Mientras en Francia el ex presidente Sarkozy es &hellip; <a href=\"https:\/\/blogs.deia.eus\/anasagasti\/2025\/10\/20\/las-diferentes-varas-de-medir-en-europa-y-en-espana\/\" class=\"more-link\">Sigue leyendo <span class=\"screen-reader-text\">LAS DIFERENTES VARAS DE MEDIR EN EUROPA Y EN ESPA\u00d1A<\/span><\/a><!-- AddThis Advanced Settings generic via filter on get_the_excerpt --><!-- AddThis Share Buttons generic via filter on get_the_excerpt --><\/p>\n","protected":false},"author":19,"featured_media":0,"comment_status":"open","ping_status":"open","sticky":false,"template":"","format":"standard","meta":{"footnotes":""},"categories":[1],"tags":[],"class_list":["post-20989","post","type-post","status-publish","format-standard","hentry","category-general"],"_links":{"self":[{"href":"https:\/\/blogs.deia.eus\/anasagasti\/wp-json\/wp\/v2\/posts\/20989","targetHints":{"allow":["GET"]}}],"collection":[{"href":"https:\/\/blogs.deia.eus\/anasagasti\/wp-json\/wp\/v2\/posts"}],"about":[{"href":"https:\/\/blogs.deia.eus\/anasagasti\/wp-json\/wp\/v2\/types\/post"}],"author":[{"embeddable":true,"href":"https:\/\/blogs.deia.eus\/anasagasti\/wp-json\/wp\/v2\/users\/19"}],"replies":[{"embeddable":true,"href":"https:\/\/blogs.deia.eus\/anasagasti\/wp-json\/wp\/v2\/comments?post=20989"}],"version-history":[{"count":2,"href":"https:\/\/blogs.deia.eus\/anasagasti\/wp-json\/wp\/v2\/posts\/20989\/revisions"}],"predecessor-version":[{"id":20992,"href":"https:\/\/blogs.deia.eus\/anasagasti\/wp-json\/wp\/v2\/posts\/20989\/revisions\/20992"}],"wp:attachment":[{"href":"https:\/\/blogs.deia.eus\/anasagasti\/wp-json\/wp\/v2\/media?parent=20989"}],"wp:term":[{"taxonomy":"category","embeddable":true,"href":"https:\/\/blogs.deia.eus\/anasagasti\/wp-json\/wp\/v2\/categories?post=20989"},{"taxonomy":"post_tag","embeddable":true,"href":"https:\/\/blogs.deia.eus\/anasagasti\/wp-json\/wp\/v2\/tags?post=20989"}],"curies":[{"name":"wp","href":"https:\/\/api.w.org\/{rel}","templated":true}]}}