{"id":20993,"date":"2025-10-21T10:06:05","date_gmt":"2025-10-21T08:06:05","guid":{"rendered":"https:\/\/blogs.deia.eus\/anasagasti\/?p=20993"},"modified":"2025-10-21T10:06:05","modified_gmt":"2025-10-21T08:06:05","slug":"bolivia-no-existe-para-eitb","status":"publish","type":"post","link":"https:\/\/blogs.deia.eus\/anasagasti\/2025\/10\/21\/bolivia-no-existe-para-eitb\/","title":{"rendered":"BOLIVIA NO EXISTE PARA EITB"},"content":{"rendered":"\n<p><strong>Martes 21 de octubre de 2025<\/strong><\/p>\n\n\n<div class=\"wp-block-image\">\n<figure class=\"aligncenter size-large\"><a href=\"https:\/\/blogs.deia.eus\/anasagasti\/files\/2025\/10\/Rodrigo-Paz-Presidente-de-Bolivia.jpg\"><img loading=\"lazy\" decoding=\"async\" width=\"940\" height=\"529\" src=\"https:\/\/blogs.deia.eus\/anasagasti\/files\/2025\/10\/Rodrigo-Paz-Presidente-de-Bolivia-940x529.jpg\" alt=\"\" class=\"wp-image-20994\" srcset=\"https:\/\/blogs.deia.eus\/anasagasti\/files\/2025\/10\/Rodrigo-Paz-Presidente-de-Bolivia-940x529.jpg 940w, https:\/\/blogs.deia.eus\/anasagasti\/files\/2025\/10\/Rodrigo-Paz-Presidente-de-Bolivia-580x326.jpg 580w, https:\/\/blogs.deia.eus\/anasagasti\/files\/2025\/10\/Rodrigo-Paz-Presidente-de-Bolivia-768x432.jpg 768w, https:\/\/blogs.deia.eus\/anasagasti\/files\/2025\/10\/Rodrigo-Paz-Presidente-de-Bolivia.jpg 1200w\" sizes=\"auto, (max-width: 940px) 100vw, 940px\" \/><\/a><\/figure>\n<\/div>\n\n\n<p>La informaci\u00f3n internacional de EITB, quitando Palestina, no existe de manera equilibrada y profesional para su responsable Mikel Reparaz. A los hechos me remito. Jam\u00e1s ha entrevistado a los esforzados bolivianos que viven en Euzkadi y que adversan a Evo Morales y su sucesor. No son progres aunque sean pobres.<\/p>\n\n\n\n<p>Todos los d\u00edas, y llevamos una semana, nos informan en EITB algo sobre lo que va a hacer el Grupo la Oreja de Van Gogh. Todos los d\u00edas. A m\u00ed personalmente con una vez, me sobra, pero son todos los d\u00edas la dosis informativa sobre este Grupo que no ha descubierto precisamente la penicilina. Ahora bien, de las elecciones en Bolivia entre dos candidatos, que previamente en ETB nos hab\u00edan dicho que eran de, derecha, Quiroga y &nbsp;Paz, ha ganado Paz sin que nos digan quien es Paz. Lo de derechas es como para destacar lo malos que son porque Evo Morales y sus desastres deben ser la bendici\u00f3n para aquel pa\u00eds, omitiendo que quien ha ganado es democristiano y que ha sido elegido. Silencio.<\/p>\n\n\n\n<p>Sim\u00f3n Bol\u00edvar liber\u00f3 cinco Rep\u00fablicas americanas del Imperio espa\u00f1ol. Venezuela, Panam\u00e1 -Colombia, Ecuador, Per\u00fa y Bolivia. Vivi\u00f3 47 a\u00f1os y uno en el Casco Viejo de Bilbao. Sus or\u00edgenes estaban cerca de Markina. \u201dBol\u00edvar, pradera de molino en lengua vasca, molino que supo moler trigo de gloria y dar a los pueblos pan de libertad\u201d escribi\u00f3 la poetisa rumana Elena V\u0103c\u0103rescu. Lo logr\u00f3 en la batalla de Ayacucho, que represent\u00f3 el enfrentamiento m\u00e1s importante para consolidar la independencia de esos estados, antiguas colonias.<\/p>\n\n\n\n<p>Antonio Jos\u00e9 de Sucre fue el gran mariscal de Ayacucho. Bol\u00edvar lo design\u00f3 primer presidente de Bolivia y el nombre de Bolivia deriva del apellido de El Libertador desde 1825. Hoy se llama \u201cEstado Plurinacional de Bolivia\u201d tras reconocerse la multiculturalidad, las diferentes nacionalidades y la diversidad de la poblaci\u00f3n boliviana. \u00bfSe imaginan que el estado espa\u00f1ol se denominara as\u00ed?. Pues hay precedentes y no pasa nada.<\/p>\n\n\n\n<p>En el oriente de Venezuela hay un estado que se llama Sucre, en su honor. Su capital es Cuman\u00e1. Puro Caribe. Mis aitas estaban all\u00ed exiliados y los cuatro hermanos nacimos en Cuman\u00e1, la poblaci\u00f3n natal de Sucre que deb\u00eda ser el tipo m\u00e1s leal e inteligente que tuvo Bol\u00edvar. Lo asesinaron.<\/p>\n\n\n\n<p>Cuento esto por la cercan\u00eda con Bolivia. En el Beni los misioneros vascos hicieron una gran labor. Carlos Anasagasti, franciscano, capell\u00e1n de gudaris, fue su primer Obispo. Era de Bermeo. Y en Euzkadi tenemos unos nueve mil&nbsp; bolivianos que votaron el pasado domingo 17 de agosto en el Palacio Euskalduna. EITB, con su desastrosa pol\u00edtica informativa, nos sigue ense\u00f1ando como cocinar, pero nada de lo que deber\u00eda interesar a un ente p\u00fablico y m\u00e1s como en este caso pues se trata&nbsp; de &nbsp;una emigraci\u00f3n agradecida y trabajadora. El 19 de octubre tuvieron la segunda vuelta.<\/p>\n\n\n\n<p><strong>PAZ ZAMORA<\/strong><\/p>\n\n\n\n<p>Con una vida marcada por la pol\u00edtica, incluso antes de nacer en Santiago de Compostela hace 57 a\u00f1os, en el exilio de sus padres perseguidos por dictaduras militares, el senador y candidato Rodrigo Paz busca seguir las huellas de su padre, el ex presidente de Bolivia Jaime Paz Zamora (1989-1993), y escribir su propia historia al frente del Palacio Quemado.<\/p>\n\n\n\n<p>Paz Pereira, gan\u00f3 la primera vuelta de las elecciones presidenciales y ha ganado este domingo 19 las elecciones en su pa\u00eds. Compet\u00eda en la segunda vuelta&nbsp;contra el ex presidente Jorge \u201cTuto\u201d Quiroga. Tras sus primeros a\u00f1os en el exterior, fue al colegio en La Paz. Ten\u00eda 12 a\u00f1os cuando su padre fue el \u00fanico sobreviviente de un&nbsp; atentado a\u00e9reo.Estudi\u00f3 econom\u00eda y relaciones internacionales y una maestr\u00eda de gesti\u00f3n pol\u00edtica en la American University de Washington. En 2002, lleg\u00f3 al Congreso como diputado por el departamento de Tarija, pero entre 2010 y 2020 volvi\u00f3 a la ciudad hom\u00f3nima, donde fue primero concejal y luego alcalde. En el \u00faltimo lustro se desempe\u00f1\u00f3 como senador&nbsp; por la alianza Comunidad Ciudadana, liderada por el ex presidente Carlos Mesa..<\/p>\n\n\n\n<p><strong>LOS EJES DE CAMPA\u00d1A<\/strong><\/p>\n\n\n\n<p>Su carrera en Tarija, la principal regi\u00f3n productora de gas y conocida como \u201cla billetera del pa\u00eds\u201d, con &nbsp;reclamaciones auton\u00f3micas, que desde Euzkadi apoyamos, arroja luz sobre por qu\u00e9 su campa\u00f1a se enfoca en una descentralizaci\u00f3n del Estado para darle mayor presupuesto a los departamentos.<\/p>\n\n\n\n<p>El plan de gobierno del Partido Dem\u00f3crata Cristiano de Paz Zamora, se llama as\u00ed, una tercera v\u00eda tipo PNV, titulado Agenda 50\/50, se ordena en tres ejes. El primero habla de una \u201casfixia\u201d en la que el Estado concentra cerca del 85 % del presupuesto, y pide un modelo que redistribuya los fondos proporcionalmente.<\/p>\n\n\n\n<p>El candidato, adem\u00e1s, propone lo que denomina&nbsp; \u201cPlatita para todos\u201d: un programa de cr\u00e9ditos accesibles, facilidades tributarias para impulsar la econom\u00eda formal, y eliminar barreras de importaci\u00f3n a productos que Bolivia no fabrique, lo que incluye la \u201celiminaci\u00f3n\u201d de la aduana. \u201cVienen tiempos mejores. Bajar aranceles, bajar impuestos, \u201cplatita para todos\u201d, dijo&nbsp;en un acto en Achacachi en junio. \u201cCapitalismo para todos, no para unos cuantos\u201d, ha sintetizado en varias declaraciones.<\/p>\n\n\n\n<p>No obstante, aclar\u00f3 semanas atr\u00e1s que no busca pr\u00e9stamos de organismos internacionales. \u201cEn Bolivia la plata alcanza para reactivar nuestra econom\u00eda. Que conste, soy contrario a cualquier cr\u00e9dito del Fondo Monetario Internacional\u201d. Y el tercer &nbsp;eje que pone como prioridad es &nbsp;la reforma de la Justicia y la lucha contra la corrupci\u00f3n, a la que califica como un problema estructural del pa\u00eds. Paz acompa\u00f1ado junto a Edman Lara como candidato a vicepresidente, un ex capit\u00e1n de la Polic\u00eda Nacional que fue dado de baja en 2024 por &nbsp;haber &nbsp;denunciado flagrantes casos de corrupci\u00f3n en las fuerzas de seguridad, &nbsp;haci\u00e9ndose &nbsp;muy famoso por su valent\u00eda en su denuncia contra la corrupci\u00f3n.<\/p>\n\n\n\n<p>\u201cHay quienes viven de la pol\u00edtica y quienes hacemos servicio p\u00fablico.&nbsp; Creo que mi generaci\u00f3n tiene el derecho de postular a la Presidencia, no desde la capital sino desde &nbsp;&nbsp;Tarija y plantear una alternativa para el pa\u00eds\u201d..<\/p>\n\n\n\n<p>El plan de gobierno tambi\u00e9n menciona la vulnerabilidad de la comunidad LGBT y la problem\u00e1tica de la violencia contra las mujeres, Adem\u00e1s, propone pol\u00edticas de energ\u00edas limpias, en un pa\u00eds mayoritariamente conservador y con una econom\u00eda extractiva de hidrocarburos.<\/p>\n\n\n\n<p>Si Bolivia ya tuvo a dos jefes de Estado nacidos en el exterior de la talla de Sim\u00f3n Bol\u00edvar y Antonio Jos\u00e9 de Sucre, Paz Pereira apuesta por unirse a esa lista y seguir el legado familiar con su sello personal.<\/p>\n\n\n\n<p>Pero esto para ETB no existe.<\/p>\n<!-- AddThis Advanced Settings generic via filter on the_content --><!-- AddThis Share Buttons generic via filter on the_content -->","protected":false},"excerpt":{"rendered":"<p>Martes 21 de octubre de 2025 La informaci\u00f3n internacional de EITB, quitando Palestina, no existe de manera equilibrada y profesional para su responsable Mikel Reparaz. A los hechos me remito. Jam\u00e1s ha entrevistado a los esforzados bolivianos que viven en Euzkadi y que adversan a Evo Morales y su sucesor. No son progres aunque sean &hellip; <a href=\"https:\/\/blogs.deia.eus\/anasagasti\/2025\/10\/21\/bolivia-no-existe-para-eitb\/\" class=\"more-link\">Sigue leyendo <span class=\"screen-reader-text\">BOLIVIA NO EXISTE PARA EITB<\/span><\/a><!-- AddThis Advanced Settings generic via filter on get_the_excerpt --><!-- AddThis Share Buttons generic via filter on get_the_excerpt --><\/p>\n","protected":false},"author":19,"featured_media":0,"comment_status":"open","ping_status":"open","sticky":false,"template":"","format":"standard","meta":{"footnotes":""},"categories":[1],"tags":[],"class_list":["post-20993","post","type-post","status-publish","format-standard","hentry","category-general"],"_links":{"self":[{"href":"https:\/\/blogs.deia.eus\/anasagasti\/wp-json\/wp\/v2\/posts\/20993","targetHints":{"allow":["GET"]}}],"collection":[{"href":"https:\/\/blogs.deia.eus\/anasagasti\/wp-json\/wp\/v2\/posts"}],"about":[{"href":"https:\/\/blogs.deia.eus\/anasagasti\/wp-json\/wp\/v2\/types\/post"}],"author":[{"embeddable":true,"href":"https:\/\/blogs.deia.eus\/anasagasti\/wp-json\/wp\/v2\/users\/19"}],"replies":[{"embeddable":true,"href":"https:\/\/blogs.deia.eus\/anasagasti\/wp-json\/wp\/v2\/comments?post=20993"}],"version-history":[{"count":1,"href":"https:\/\/blogs.deia.eus\/anasagasti\/wp-json\/wp\/v2\/posts\/20993\/revisions"}],"predecessor-version":[{"id":20995,"href":"https:\/\/blogs.deia.eus\/anasagasti\/wp-json\/wp\/v2\/posts\/20993\/revisions\/20995"}],"wp:attachment":[{"href":"https:\/\/blogs.deia.eus\/anasagasti\/wp-json\/wp\/v2\/media?parent=20993"}],"wp:term":[{"taxonomy":"category","embeddable":true,"href":"https:\/\/blogs.deia.eus\/anasagasti\/wp-json\/wp\/v2\/categories?post=20993"},{"taxonomy":"post_tag","embeddable":true,"href":"https:\/\/blogs.deia.eus\/anasagasti\/wp-json\/wp\/v2\/tags?post=20993"}],"curies":[{"name":"wp","href":"https:\/\/api.w.org\/{rel}","templated":true}]}}