{"id":20996,"date":"2025-10-22T10:00:05","date_gmt":"2025-10-22T08:00:05","guid":{"rendered":"https:\/\/blogs.deia.eus\/anasagasti\/?p=20996"},"modified":"2025-10-22T10:00:06","modified_gmt":"2025-10-22T08:00:06","slug":"txakoli-gorri-de-bakio-y-una-foto-con-aznar","status":"publish","type":"post","link":"https:\/\/blogs.deia.eus\/anasagasti\/2025\/10\/22\/txakoli-gorri-de-bakio-y-una-foto-con-aznar\/","title":{"rendered":"TXAKOLI GORRI DE BAKIO Y UNA FOTO CON AZNAR"},"content":{"rendered":"\n<p><strong>Mi\u00e9rcoles 22 de octubre de 2025<\/strong><\/p>\n\n\n<div class=\"wp-block-image\">\n<figure class=\"aligncenter size-full is-resized\"><a href=\"https:\/\/blogs.deia.eus\/anasagasti\/files\/2025\/10\/Presentacion1-1.jpg\"><img loading=\"lazy\" decoding=\"async\" width=\"297\" height=\"409\" src=\"https:\/\/blogs.deia.eus\/anasagasti\/files\/2025\/10\/Presentacion1-1.jpg\" alt=\"\" class=\"wp-image-20997\" style=\"width:577px;height:auto\" \/><\/a><\/figure>\n<\/div>\n\n\n<p>El pasado viernes, estuvimos, Josu Bergara y Jos\u00e9 Mari Zalbidegoitia y yo en el Txakolingune de Bakio, un museo del Txakoli construido con presupuestos negociados en Madrid por el Grupo Vasco, como hicimos con su paseo mar\u00edtimo.<\/p>\n\n\n\n<p>Nos atendi\u00f3 excelentemente&nbsp; la bermeana Mirari que nos puso un video&nbsp; con la&nbsp; historia y el tratamiento&nbsp; del Txakol\u00ed, sus or\u00edgenes y recogida. En&nbsp; otra sala, y con una visi\u00f3n circular, vimos &nbsp;lo que es Bakio, su historia y realidad &nbsp;y una serie de opiniones sobre el Txakoli en Bizkaia de familias que se han dedicado a su cultivo toda la vida. Posteriormente vimos el museo en si con sus lagares, anotaciones, objetos y fotograf\u00edas, para terminar con una degustaci\u00f3n de los Txakolis de Bakio, Zabala, Gorrondona y Doniene aunque en su despensa tienen una excelente &nbsp;variedad de todos los bizkainos. Ca\u00edmos en la tentaci\u00f3n y compramos varios caldos, que fr\u00edos, son exquisitos. Recomiendo la visita ya que en poco tiempo se percibe bien una tan original manifestaci\u00f3n del agro vasco as\u00ed como por&nbsp; la amabilidad del encuentro.<\/p>\n\n\n\n<p>Tras la visita fuimos al Zintziri Errota, una ferrer\u00eda que posteriormente se convirti\u00f3 en molino, a la entrada del pueblo, transformado en un buen restaurant, muy &nbsp;bien cuidado que a petici\u00f3n&nbsp; ponen en funcionamiento con su debida explicaci\u00f3n. Es un gran restaurant y al salir y saludar a Dogartzi, este le dijo al ex Diputado General de Bizkaia, Josu Bergara que le hab\u00eda tocado estar en los fogones en el Baserri Maitea en la comida oficial de 7 de noviembre de 1996 y nos hizo llegar la instant\u00e1nea. Era otro el Aznar que vino a Euzkadi, a quien hab\u00edamos apoyado en su investidura en junio de ese a\u00f1o y consolidado el Concierto e iniciado el proceso de transferencias de manera m\u00e1s \u00e1gil de lo vivido con Gonz\u00e1lez. Igual por eso todos sonr\u00eden.<\/p>\n\n\n\n<p>En la fotograf\u00eda est\u00e1n Carlos Olazabal, Eduardo Vallejo que era alcalde de Gernika, Aitor Esteban presidente de las Juntas Generales de Bizkaia, Jos\u00e9 Mar\u00eda Aznar presidente del gobierno espa\u00f1ol, Josu Bergara, Diputado General de Bizkaia y Jaime Mayor Oreja, ministro del Interior.<\/p>\n\n\n\n<p>\u00a1Qu\u00e9 tiempos!.<\/p>\n\n\n\n<p>Conclusi\u00f3n. hay que conocer el Museo del Txakoli de Bakio y degustar un buen men\u00fa en el Zintziri Errota. Vale mucho la pena.<\/p>\n<!-- AddThis Advanced Settings generic via filter on the_content --><!-- AddThis Share Buttons generic via filter on the_content -->","protected":false},"excerpt":{"rendered":"<p>Mi\u00e9rcoles 22 de octubre de 2025 El pasado viernes, estuvimos, Josu Bergara y Jos\u00e9 Mari Zalbidegoitia y yo en el Txakolingune de Bakio, un museo del Txakoli construido con presupuestos negociados en Madrid por el Grupo Vasco, como hicimos con su paseo mar\u00edtimo. Nos atendi\u00f3 excelentemente&nbsp; la bermeana Mirari que nos puso un video&nbsp; con &hellip; <a href=\"https:\/\/blogs.deia.eus\/anasagasti\/2025\/10\/22\/txakoli-gorri-de-bakio-y-una-foto-con-aznar\/\" class=\"more-link\">Sigue leyendo <span class=\"screen-reader-text\">TXAKOLI GORRI DE BAKIO Y UNA FOTO CON AZNAR<\/span><\/a><!-- AddThis Advanced Settings generic via filter on get_the_excerpt --><!-- AddThis Share Buttons generic via filter on get_the_excerpt --><\/p>\n","protected":false},"author":19,"featured_media":0,"comment_status":"open","ping_status":"open","sticky":false,"template":"","format":"standard","meta":{"footnotes":""},"categories":[1],"tags":[],"class_list":["post-20996","post","type-post","status-publish","format-standard","hentry","category-general"],"_links":{"self":[{"href":"https:\/\/blogs.deia.eus\/anasagasti\/wp-json\/wp\/v2\/posts\/20996","targetHints":{"allow":["GET"]}}],"collection":[{"href":"https:\/\/blogs.deia.eus\/anasagasti\/wp-json\/wp\/v2\/posts"}],"about":[{"href":"https:\/\/blogs.deia.eus\/anasagasti\/wp-json\/wp\/v2\/types\/post"}],"author":[{"embeddable":true,"href":"https:\/\/blogs.deia.eus\/anasagasti\/wp-json\/wp\/v2\/users\/19"}],"replies":[{"embeddable":true,"href":"https:\/\/blogs.deia.eus\/anasagasti\/wp-json\/wp\/v2\/comments?post=20996"}],"version-history":[{"count":1,"href":"https:\/\/blogs.deia.eus\/anasagasti\/wp-json\/wp\/v2\/posts\/20996\/revisions"}],"predecessor-version":[{"id":20998,"href":"https:\/\/blogs.deia.eus\/anasagasti\/wp-json\/wp\/v2\/posts\/20996\/revisions\/20998"}],"wp:attachment":[{"href":"https:\/\/blogs.deia.eus\/anasagasti\/wp-json\/wp\/v2\/media?parent=20996"}],"wp:term":[{"taxonomy":"category","embeddable":true,"href":"https:\/\/blogs.deia.eus\/anasagasti\/wp-json\/wp\/v2\/categories?post=20996"},{"taxonomy":"post_tag","embeddable":true,"href":"https:\/\/blogs.deia.eus\/anasagasti\/wp-json\/wp\/v2\/tags?post=20996"}],"curies":[{"name":"wp","href":"https:\/\/api.w.org\/{rel}","templated":true}]}}