{"id":20999,"date":"2025-10-23T09:43:19","date_gmt":"2025-10-23T07:43:19","guid":{"rendered":"https:\/\/blogs.deia.eus\/anasagasti\/?p=20999"},"modified":"2025-10-23T09:43:19","modified_gmt":"2025-10-23T07:43:19","slug":"el-muy-criticable-comportamiento-de-geroa-bai-en-el-parlamento-navarro","status":"publish","type":"post","link":"https:\/\/blogs.deia.eus\/anasagasti\/2025\/10\/23\/el-muy-criticable-comportamiento-de-geroa-bai-en-el-parlamento-navarro\/","title":{"rendered":"EL\u00a0 MUY CRITICABLE COMPORTAMIENTO \u00a0DE \u00a0GEROA BAI EN EL PARLAMENTO NAVARRO."},"content":{"rendered":"\n<p><strong>Jueves 23 de octubre de 2025<\/strong><\/p>\n\n\n<div class=\"wp-block-image\">\n<figure class=\"aligncenter size-full is-resized\"><a href=\"https:\/\/blogs.deia.eus\/anasagasti\/files\/2025\/10\/Geroa-Bai.jpg\"><img loading=\"lazy\" decoding=\"async\" width=\"239\" height=\"211\" src=\"https:\/\/blogs.deia.eus\/anasagasti\/files\/2025\/10\/Geroa-Bai.jpg\" alt=\"\" class=\"wp-image-21000\" style=\"width:533px;height:auto\" \/><\/a><\/figure>\n<\/div>\n\n\n<p>Las primeras elecciones democr\u00e1ticas en el estado tras la muerte de Franco, fueron el 15 de junio de 1977. El PNV fue con su \u00a0hist\u00f3rica sigla salvo en Navarra. Carlos Garaikoetxea encabez\u00f3 una coalici\u00f3n llamada UAN, compuesta por el PNV, ESB y ANV. No sali\u00f3 elegido. En el resto de territorios obtuvimos ocho diputados. Se hizo esa extra\u00f1a amalgama con gran disgusto de Manuel de Irujo que nos dec\u00eda que el PNV llevaba en liza en Navarra desde la Gamazada y la sigla para un partido hist\u00f3rico es su se\u00f1a de identidad y por tanto \u00a0sagrada. Aunque te voten cuatro. Es tu bandera y tu identificaci\u00f3n. Urbiola, que se hab\u00eda ido a HB y volvi\u00f3, as\u00ed lo reconoci\u00f3. Estuvimos cinco a\u00f1os fuera del circuito electoral y eso nos mat\u00f3. Perdimos pie y las distintas operaciones han sido un fracaso. Hoy respiramos poco en Geroa Bai, que si en su d\u00eda tuvo raz\u00f3n de ser, hoy \u00a0es una plataforma sin futuro a tenor de su actual realidad. Y de seguir as\u00ed, el PNV desaparecer\u00e1 en Navarra en cuanto a su representatividad. Lo dicen las encuestas.<\/p>\n\n\n\n<p>Para colmo, la servidumbre de la&nbsp; sigla &nbsp;a Geroa Bai y sobre todo a Geroa Socialverdes hace que esta plataforma nos arrastre a situaciones incomprensibles de principio y se voten cuestiones sensibles, dentro de un discurso de&nbsp; falsa izquierda progre que son un absurdo.<\/p>\n\n\n\n<p>Y me refiero a lo ocurrido en la Junta de Portavoces del Parlamento navarro que&nbsp; ha rechazado una declaraci\u00f3n institucional para expresar su satisfacci\u00f3n ante la decisi\u00f3n del Comit\u00e9 Noruego del Nobel de la Paz a Mar\u00eda Corina Machado sin tener en cuenta que de manera abrumadora los venezolanos consideran que es una luz que brilla en la oscuridad de la dictadura de Maduro y por eso est\u00e1 en clandestinidad.<\/p>\n\n\n\n<p>No es de recibo para un partido como el PNV que hizo posible en el Congreso de los Diputados el reconocimiento de la victoria electoral de Edmundo Gonz\u00e1lez Urrutia hace un a\u00f1o, haga esto. No es comprensible para las familias de los secuestrados en Caracas Basoa y Mart\u00ednez, reconocidos este jueves en el Parlamento Vasco que pide su liberaci\u00f3n, no es de recibo para la familia Etxearte cuyo hijo fue asesinado en el golpe de estado de Hugo Ch\u00e1vez. No es comprensible para los 21.000 inmigrantes vascos, navarros incluidos, que han tenido que huir de aquella dictadura que encarcela y mata. No es comprensible para la Organizaci\u00f3n Extraterritorial del PNV en Venezuela. No es comprensible para&nbsp; los veinte periodistas encarcelados. Es indignante para todos los navarros que no cobran m\u00e1s que un euro de pensi\u00f3n porque Maduro se las roba. &nbsp;No es comprensible para cualquier dem\u00f3crata que considera que el Comit\u00e9 del Nobel y del Premio Sajarov al dar su premio no lo hacen a la ligera ni son una cuadrilla de ignorantes que premian a&nbsp; gente peligrosa sino se lo dan en Mar\u00eda Corina &nbsp;a personas a las que les han robado unas elecciones y buscan iniciar una transici\u00f3n hacia la democracia. No es comprensible ese voto. No s\u00e9 como no se ha salvado este tema que agrede a mucha gente al ser un voto cargado de t\u00f3picos y complejos mientras se blanquea aquella inmundicia de r\u00e9gimen. No hay quien lo entienda.<\/p>\n\n\n\n<p>Yo no lo entiendo. Si en su d\u00eda tuvo su raz\u00f3n de ser la coalici\u00f3n Nabai y ahora Geroa Bai, no es comprensible que avalemos este voto que va contra todos los principios democr\u00e1ticos. No es comprensible ni tolerable. Y si lo dudan que pregunten a la Extraterritorial del PNV en Venezuela, a los venezolanos que votaron en el Consulado de Bilbao en un 93% a Edmundo-Mar\u00eda Corina, y a los estados democr\u00e1ticos que nunca han reconocido la satrap\u00eda de Maduro, aunque si lo hacen a Arkaitz Rodr\u00edguez, secretario general de Bildu, que estuvo en la toma de posesi\u00f3n del tirano y a Diana Urrea y Fullaondo, que la misma noche electoral del 28 de julio 2024, todav\u00eda sin actas, hace un a\u00f1o, felicitaban a Maduro. Estos avalistas de dictaduras le dir\u00e1n que se defiende a la ultraderecha con esa t\u00edpica y t\u00f3pica elementalidad infantil de acusar con mentiras &nbsp;para deformar la realidad y actuar seg\u00fan sus consignas.<\/p>\n\n\n\n<p>No es&nbsp; comprensible lo hecho por Geroa Bai en el Parlamento Navarro. Si lo es por parte de Bildu que apoya las dictaduras de Cuba, Nicaragua, Corea, Rusia, China y todo aquello que huela al azufre de Hugo Ch\u00e1vez.<\/p>\n\n\n\n<p>Ojal\u00e1 en breve Edmundo Gonz\u00e1lez Urrutia vuelva a Caracas como presidente democr\u00e1tico electo y Mar\u00eda Corina Machado salga del zulo donde la tiene encerrada la dictadura madurista. Y veremos entonces que lo que&nbsp; har\u00e1 Geroa Bai. La gente decente si sabe lo que har\u00eda.<\/p>\n<!-- AddThis Advanced Settings generic via filter on the_content --><!-- AddThis Share Buttons generic via filter on the_content -->","protected":false},"excerpt":{"rendered":"<p>Jueves 23 de octubre de 2025 Las primeras elecciones democr\u00e1ticas en el estado tras la muerte de Franco, fueron el 15 de junio de 1977. El PNV fue con su \u00a0hist\u00f3rica sigla salvo en Navarra. Carlos Garaikoetxea encabez\u00f3 una coalici\u00f3n llamada UAN, compuesta por el PNV, ESB y ANV. No sali\u00f3 elegido. En el resto &hellip; <a href=\"https:\/\/blogs.deia.eus\/anasagasti\/2025\/10\/23\/el-muy-criticable-comportamiento-de-geroa-bai-en-el-parlamento-navarro\/\" class=\"more-link\">Sigue leyendo <span class=\"screen-reader-text\">EL\u00a0 MUY CRITICABLE COMPORTAMIENTO \u00a0DE \u00a0GEROA BAI EN EL PARLAMENTO NAVARRO.<\/span><\/a><!-- AddThis Advanced Settings generic via filter on get_the_excerpt --><!-- AddThis Share Buttons generic via filter on get_the_excerpt --><\/p>\n","protected":false},"author":19,"featured_media":0,"comment_status":"open","ping_status":"open","sticky":false,"template":"","format":"standard","meta":{"footnotes":""},"categories":[1],"tags":[],"class_list":["post-20999","post","type-post","status-publish","format-standard","hentry","category-general"],"_links":{"self":[{"href":"https:\/\/blogs.deia.eus\/anasagasti\/wp-json\/wp\/v2\/posts\/20999","targetHints":{"allow":["GET"]}}],"collection":[{"href":"https:\/\/blogs.deia.eus\/anasagasti\/wp-json\/wp\/v2\/posts"}],"about":[{"href":"https:\/\/blogs.deia.eus\/anasagasti\/wp-json\/wp\/v2\/types\/post"}],"author":[{"embeddable":true,"href":"https:\/\/blogs.deia.eus\/anasagasti\/wp-json\/wp\/v2\/users\/19"}],"replies":[{"embeddable":true,"href":"https:\/\/blogs.deia.eus\/anasagasti\/wp-json\/wp\/v2\/comments?post=20999"}],"version-history":[{"count":1,"href":"https:\/\/blogs.deia.eus\/anasagasti\/wp-json\/wp\/v2\/posts\/20999\/revisions"}],"predecessor-version":[{"id":21001,"href":"https:\/\/blogs.deia.eus\/anasagasti\/wp-json\/wp\/v2\/posts\/20999\/revisions\/21001"}],"wp:attachment":[{"href":"https:\/\/blogs.deia.eus\/anasagasti\/wp-json\/wp\/v2\/media?parent=20999"}],"wp:term":[{"taxonomy":"category","embeddable":true,"href":"https:\/\/blogs.deia.eus\/anasagasti\/wp-json\/wp\/v2\/categories?post=20999"},{"taxonomy":"post_tag","embeddable":true,"href":"https:\/\/blogs.deia.eus\/anasagasti\/wp-json\/wp\/v2\/tags?post=20999"}],"curies":[{"name":"wp","href":"https:\/\/api.w.org\/{rel}","templated":true}]}}