{"id":21002,"date":"2025-10-24T10:05:46","date_gmt":"2025-10-24T08:05:46","guid":{"rendered":"https:\/\/blogs.deia.eus\/anasagasti\/?p=21002"},"modified":"2025-10-24T10:05:47","modified_gmt":"2025-10-24T08:05:47","slug":"vergonzosa-la-actitud-de-bildu-y-sumar-con-los-familiares-de-los-vascos-secuestrados-por-maduro","status":"publish","type":"post","link":"https:\/\/blogs.deia.eus\/anasagasti\/2025\/10\/24\/vergonzosa-la-actitud-de-bildu-y-sumar-con-los-familiares-de-los-vascos-secuestrados-por-maduro\/","title":{"rendered":"VERGONZOSA LA ACTITUD DE BILDU Y SUMAR CON LOS FAMILIARES DE LOS VASCOS SECUESTRADOS POR MADURO."},"content":{"rendered":"\n<p><strong>Viernes 24 de octubre de 2025<\/strong><\/p>\n\n\n<div class=\"wp-block-image\">\n<figure class=\"aligncenter size-large\"><a href=\"https:\/\/blogs.deia.eus\/anasagasti\/files\/2025\/10\/Apoyo-Parlamento-Vasco-a-la-liberacion-de-Basoa-y-Martinez.jpg\"><img loading=\"lazy\" decoding=\"async\" width=\"940\" height=\"703\" src=\"https:\/\/blogs.deia.eus\/anasagasti\/files\/2025\/10\/Apoyo-Parlamento-Vasco-a-la-liberacion-de-Basoa-y-Martinez-940x703.jpg\" alt=\"\" class=\"wp-image-21003\" srcset=\"https:\/\/blogs.deia.eus\/anasagasti\/files\/2025\/10\/Apoyo-Parlamento-Vasco-a-la-liberacion-de-Basoa-y-Martinez-940x703.jpg 940w, https:\/\/blogs.deia.eus\/anasagasti\/files\/2025\/10\/Apoyo-Parlamento-Vasco-a-la-liberacion-de-Basoa-y-Martinez-580x434.jpg 580w, https:\/\/blogs.deia.eus\/anasagasti\/files\/2025\/10\/Apoyo-Parlamento-Vasco-a-la-liberacion-de-Basoa-y-Martinez-768x575.jpg 768w, https:\/\/blogs.deia.eus\/anasagasti\/files\/2025\/10\/Apoyo-Parlamento-Vasco-a-la-liberacion-de-Basoa-y-Martinez.jpg 1024w\" sizes=\"auto, (max-width: 940px) 100vw, 940px\" \/><\/a><\/figure>\n<\/div>\n\n\n<p>El jueves en el parlamento Vasco, la presidenta Bakartxo Tejeria ley\u00f3 una declaraci\u00f3n institucional en relaci\u00f3n a los dos bilba\u00ednos secuestrados por la dictadura de Maduro. En el palco se encontraban los familiares de&nbsp; Andr\u00e9s Mart\u00ednez y Jos\u00e9 Mar\u00eda Basoa que agradecieron a los partidos que han hecho posible esta Declaraci\u00f3n de la Presidenta.<\/p>\n\n\n\n<p>Llam\u00f3 la atenci\u00f3n la vergonzosa actitud de los parlamentarios de Bildu y el \u00fanico diputado &nbsp;de Sumar, que ni les recibieron mostrando una absoluta falta de decoro, humanidad e institucionalidad.<\/p>\n\n\n\n<p>Tanto el Lehendakari como la Presidenta y los diversos parlamentarios, as\u00ed como Pedro Gil, coordinador de diversas iniciativas en pro de la democracia en Venezuela, estuvieron en todo momento en contacto con ellos, contrastando esta conducta con la de Bildu y Sumar que no han querido salir en la foto para no enfadar a Maduro. En esta fotograf\u00eda vemos a Pedro Gil, a Bakartxo Tejer\u00eda y a Mikel Arruabarrena, parlamentario del PNV flanqueando la instant\u00e1nea.<\/p>\n\n\n\n<p>Hay que recordar que dos representantes de Bildu, Fullaondo y Urrea estuvieron de observadoras parciales &nbsp;en las elecciones de julio del a\u00f1o pasado y les falt\u00f3 tiempo para reconocer el robo electoral de Maduro. Con semejante curr\u00edculum no &nbsp;es de extra\u00f1ar que Bildu y Sumar, tan sensibles en relaci\u00f3n con Palestina o con Pablo Gonz\u00e1lez, el periodista acusado de esp\u00eda ruso y creyendo que los derechos humanos no son universales sino a la carta, mantengan este tipo de comportamiento inhumano y por tanto denunciable.<\/p>\n\n\n\n<p>Jos\u00e9 Mar\u00eda Basoa y Andr\u00e9s Mart\u00ednez son dos ciudadanos vascos que viajaron a la Amazon\u00eda venezolana en agosto 2024, donde fueron detenidos e incomunicados por la satrap\u00eda chavista desde el pasado 2 de septiembre.<\/p>\n\n\n\n<p>El r\u00e9gimen dictatorial les acus\u00f3 de miembros del CNI y de &nbsp;conspirar, as\u00ed como de supuestos planes para atentar contra Maduro y jerarcas del r\u00e9gimen, desconociendo las estrechas relaciones de Zapatero y S\u00e1nchez con Maduro.<\/p>\n\n\n\n<p>Durante los trece meses de encarcelamiento no han podido ejercer su derecho a defensa mediante asistencia letrada. Las \u00fanicas comunicaciones con el exterior en este tiempo se limitan a una llamada telef\u00f3nica de cinco minutos realizada por Mart\u00ednez a su hermana el pasado mayo 2025, una visita del c\u00f3nsul espa\u00f1ol en el horrible centro penitenciario de El Rodeo el 1 de septiembre y una breve llamada de Andr\u00e9s a su familia en octubre.<\/p>\n\n\n\n<p>El Parlamento Vasco denunci\u00f3 este jueves esta situaci\u00f3n y ha pedido se cumplan todas las garant\u00edas sobre sus derechos fundamentales y procesales&nbsp; ante la indefensi\u00f3n absoluta en la que malviven.<\/p>\n<!-- AddThis Advanced Settings generic via filter on the_content --><!-- AddThis Share Buttons generic via filter on the_content -->","protected":false},"excerpt":{"rendered":"<p>Viernes 24 de octubre de 2025 El jueves en el parlamento Vasco, la presidenta Bakartxo Tejeria ley\u00f3 una declaraci\u00f3n institucional en relaci\u00f3n a los dos bilba\u00ednos secuestrados por la dictadura de Maduro. En el palco se encontraban los familiares de&nbsp; Andr\u00e9s Mart\u00ednez y Jos\u00e9 Mar\u00eda Basoa que agradecieron a los partidos que han hecho posible &hellip; <a href=\"https:\/\/blogs.deia.eus\/anasagasti\/2025\/10\/24\/vergonzosa-la-actitud-de-bildu-y-sumar-con-los-familiares-de-los-vascos-secuestrados-por-maduro\/\" class=\"more-link\">Sigue leyendo <span class=\"screen-reader-text\">VERGONZOSA LA ACTITUD DE BILDU Y SUMAR CON LOS FAMILIARES DE LOS VASCOS SECUESTRADOS POR MADURO.<\/span><\/a><!-- AddThis Advanced Settings generic via filter on get_the_excerpt --><!-- AddThis Share Buttons generic via filter on get_the_excerpt --><\/p>\n","protected":false},"author":19,"featured_media":0,"comment_status":"open","ping_status":"open","sticky":false,"template":"","format":"standard","meta":{"footnotes":""},"categories":[1],"tags":[],"class_list":["post-21002","post","type-post","status-publish","format-standard","hentry","category-general"],"_links":{"self":[{"href":"https:\/\/blogs.deia.eus\/anasagasti\/wp-json\/wp\/v2\/posts\/21002","targetHints":{"allow":["GET"]}}],"collection":[{"href":"https:\/\/blogs.deia.eus\/anasagasti\/wp-json\/wp\/v2\/posts"}],"about":[{"href":"https:\/\/blogs.deia.eus\/anasagasti\/wp-json\/wp\/v2\/types\/post"}],"author":[{"embeddable":true,"href":"https:\/\/blogs.deia.eus\/anasagasti\/wp-json\/wp\/v2\/users\/19"}],"replies":[{"embeddable":true,"href":"https:\/\/blogs.deia.eus\/anasagasti\/wp-json\/wp\/v2\/comments?post=21002"}],"version-history":[{"count":1,"href":"https:\/\/blogs.deia.eus\/anasagasti\/wp-json\/wp\/v2\/posts\/21002\/revisions"}],"predecessor-version":[{"id":21004,"href":"https:\/\/blogs.deia.eus\/anasagasti\/wp-json\/wp\/v2\/posts\/21002\/revisions\/21004"}],"wp:attachment":[{"href":"https:\/\/blogs.deia.eus\/anasagasti\/wp-json\/wp\/v2\/media?parent=21002"}],"wp:term":[{"taxonomy":"category","embeddable":true,"href":"https:\/\/blogs.deia.eus\/anasagasti\/wp-json\/wp\/v2\/categories?post=21002"},{"taxonomy":"post_tag","embeddable":true,"href":"https:\/\/blogs.deia.eus\/anasagasti\/wp-json\/wp\/v2\/tags?post=21002"}],"curies":[{"name":"wp","href":"https:\/\/api.w.org\/{rel}","templated":true}]}}