{"id":21005,"date":"2025-10-25T09:18:57","date_gmt":"2025-10-25T07:18:57","guid":{"rendered":"https:\/\/blogs.deia.eus\/anasagasti\/?p=21005"},"modified":"2025-10-25T11:03:36","modified_gmt":"2025-10-25T09:03:36","slug":"placa-en-la-casa-donde-nacio-jose-ramon-scheifler","status":"publish","type":"post","link":"https:\/\/blogs.deia.eus\/anasagasti\/2025\/10\/25\/placa-en-la-casa-donde-nacio-jose-ramon-scheifler\/","title":{"rendered":"PLACA EN LA CASA DONDE NACI\u00d3 JOS\u00c9 RAM\u00d3N SCHEIFLER"},"content":{"rendered":"\n<p><strong>S\u00e1bado 25 de octubre de 2025<\/strong><\/p>\n\n\n<div class=\"wp-block-image\">\n<figure class=\"aligncenter size-large\"><a href=\"https:\/\/blogs.deia.eus\/anasagasti\/files\/2025\/10\/Jose-Ramon-Scheifler.jpg\"><img loading=\"lazy\" decoding=\"async\" width=\"940\" height=\"571\" src=\"https:\/\/blogs.deia.eus\/anasagasti\/files\/2025\/10\/Jose-Ramon-Scheifler-940x571.jpg\" alt=\"\" class=\"wp-image-21006\" srcset=\"https:\/\/blogs.deia.eus\/anasagasti\/files\/2025\/10\/Jose-Ramon-Scheifler-940x571.jpg 940w, https:\/\/blogs.deia.eus\/anasagasti\/files\/2025\/10\/Jose-Ramon-Scheifler-580x352.jpg 580w, https:\/\/blogs.deia.eus\/anasagasti\/files\/2025\/10\/Jose-Ramon-Scheifler-768x467.jpg 768w, https:\/\/blogs.deia.eus\/anasagasti\/files\/2025\/10\/Jose-Ramon-Scheifler.jpg 1024w\" sizes=\"auto, (max-width: 940px) 100vw, 940px\" \/><\/a><\/figure>\n<\/div>\n\n\n<p>Estuve este viernes en la calle Berroeta Aldamar 3 en el acto de la colocaci\u00f3n de una placa en la casa donde naci\u00f3 el te\u00f3logo jesuita y profesor universitario Jos\u00e9 Ram\u00f3n Scheifler. El alcalde Aburto dijo que era una obligaci\u00f3n honrar a una persona de la calidad humana del jesuita desaparecido en 2021 y, por su parte, el rector de la Universidad de Deusto Juan Jos\u00e9 Etxeberria record\u00f3 como su abuelo lleg\u00f3 a Bilbao de Bohemia, su aita fue consignatario de buques y Jos\u00e9 Ram\u00f3n jug\u00f3 en la Plaza Albia, am\u00e9n del recuerdo al exilio que vivi\u00f3 la familia tras la guerra y la vida educativa y vocacional de un bilba\u00edno singular y tan valioso.<\/p>\n\n\n\n<p>En el acto estuve con Javier Batarrita, una persona muy ligada al P. Scheifler, trabajando asimismo en la recopilaci\u00f3n y edici\u00f3n de sus art\u00edculos publicados en Deia, Rose Miren Pagola, I\u00f1igo Camino, Andoni Ortuzar, Bego\u00f1a Loro\u00f1o, Mar\u00eda Unzueta y un grupo numerosos de jesuitas y amigos del sacerdote &nbsp;desaparecido y sobre todo su hermana.<\/p>\n\n\n\n<p>Y traigo aqu\u00ed la foto de cuando cumpli\u00f3 cien a\u00f1os, con Ortuzar y Erkoreka, y le visitamos en la Universidad &nbsp;as\u00ed como &nbsp;una rese\u00f1a de una visita a su despacho donde trabajaba y escrib\u00eda.<\/p>\n\n\n\n<p>Dice as\u00ed:.<\/p>\n\n\n\n<p>De la mano del gran Javier Batarrita he ido a visitar al P. Jos\u00e9 Ram\u00f3n Scheifler en su cuarto-estudio de la Universidad de Deusto. All\u00ed estaba con una lupa leyendo un libro en una habitaci\u00f3n que tiene atm\u00f3sfera de hombre ilustrado. Nos ha agradecido la visita porque cuando&nbsp; se van a cumplir cien a\u00f1os significa que casi todos los de tu generaci\u00f3n, de la anterior y de la siguiente han desaparecido por ley de vida. Y salvo problemas auditivos, el hombre est\u00e1 con la cabeza l\u00facida y deseando seguir la realidad. Bilbaino de 1920, exiliado en 1937, jesuita, profesor de Ciencias B\u00edblicas de la Facultad de Munster, Roma y Jerusal\u00e9n, profesor invitado en las Universidades de M\u00e9xico, Guatemala y San Salvador. Todo un lujo de sabidur\u00eda concentrada.<\/p>\n\n\n\n<p>Hablar de Scheifler no es solo hablar de los jesuitas sino tambi\u00e9n de Deia. No menos de 123 editoriales fueron escritos de su mano y m\u00e1s de mil trabajos publicados en sus p\u00e1ginas con su firma, trabajo que ahora trata de recopilar un familiar. Yo les hice entrega de una serie de ellos en los que&nbsp; desde Sabino Arana, hasta la acci\u00f3n de los jesuitas en el mundo, la divisi\u00f3n del PNV, la valoraci\u00f3n de los distintos gobiernos, todo era analizado minuciosamente con ojos de taxidermista y una cultura y vivencias enciclop\u00e9dicas. No en vano Mario Onaind\u00eda cuando sub\u00eda a la tribuna del Parlamento Vasco nos dec\u00eda que era la inteligencia del PNV. Hoy se lo he contado y se ha re\u00eddo.<\/p>\n\n\n\n<p>Le he preguntado por el P. Arrupe y me ha dicho que le conoci\u00f3 siendo muy joven y que en Roma estuvo con \u00e9l manteniendo dos encontronazos a cuenta de la biblioteca de los jesuitas de O\u00f1a que \u00e9l quer\u00eda traer a la Facultad de Teolog\u00eda de Bilbao donde fue decano y acab\u00f3 en Comillas. \u201dTodo no se puede ganar\u201d le debi\u00f3 decir el Prep\u00f3sito General y, tras su fallecimiento, Scheifler escribi\u00f3 una ponderada&nbsp; biograf\u00eda donde resum\u00eda su existencia diciendo que hab\u00eda nacido para profeta y hab\u00eda acabado de m\u00e1rtir. Yo le he contado lo que nos dijo el P. Barturen cuando&nbsp; recibi\u00f3 el premio Sabino Arana&nbsp; de Cooperaci\u00f3n en sus palabras de aceptaci\u00f3n del premio en Donostia.<\/p>\n\n\n\n<p>\u201cEl P. Arrupe visit\u00f3 las comunidades jesu\u00edticas de Am\u00e9rica desde Canad\u00e1 a la Tierra de Fuego. De regreso a Roma sali\u00f3 desde Brasil y les visit\u00f3&nbsp; en la ciudad de Bah\u00eda. Al ir a tomar el avi\u00f3n, Arrupe le pidi\u00f3 a Barturen le acompa\u00f1ara al avi\u00f3n y en el camino le dijo que hab\u00eda visitado a los jesuitas de Am\u00e9rica y que hab\u00eda constatado que donde hab\u00eda una obra social que funcionaba hab\u00eda un vasco\u201d. Bonita vivencia.<\/p>\n\n\n\n<p>Hemos recordado su \u00faltima entrevista en Deia donde hablaba&nbsp; en ella desde su sabidur\u00eda&nbsp; y lo hac\u00eda&nbsp; sin mucho protocolo&nbsp; as\u00ed como de su \u00faltimo art\u00edculo a ra\u00edz del fallecimiento de Xabier Arzalluz con quien mantuvo una largu\u00edsima y fraterna&nbsp; amistad. La semana pasada le visit\u00f3 su viuda Bego\u00f1a Loro\u00f1o.<\/p>\n\n\n\n<p>Y all\u00ed le hemos dejado con sus libros y recuerdos deseando&nbsp; recibir visitas que le acerquen a una realidad que \u00e9l ha vivido tan intensamente.<\/p>\n\n\n\n<p>P. Jos\u00e9 Ram\u00f3n Scheifler, toda una personalidad y todo un referente.<\/p>\n\n\n\n<p>Este es su \u00faltimo art\u00edculo escrito a ra\u00edz del fallecimiento de Arzalluz:<\/p>\n\n\n\n<p><em>\u201c\u00bfRecuerdas Xabier, cu\u00e1ndo y c\u00f3mo nos conocimos?. Hace m\u00e1s de sesenta a\u00f1os. Todav\u00eda eras estudiante jesuita. Comenc\u00e9 mi curso b\u00edblico. Te presentaste para seguirlo. A las tres o cuatro clases, te llam\u00e9 y te dije: \u201cXabier, vete a Alemania y emp\u00e1pate del esp\u00edritu centroeuropeo. Despu\u00e9s, ens\u00e9\u00f1alo a nuestro pueblo. Somos un pueblo antiguo y singular, pero europeo\u201d. Y me hiciste caso.<\/em><\/p>\n\n\n\n<p><em>Un d\u00eda me dijiste que dejabas la sotana. \u201cNo tengo fe suficiente para ser un profesional de la fe\u201d. Y te dije: \u201cTe entiendo, en tu caso, yo har\u00eda lo mismo. Pero nada se ha roto en nuestras almas\u201d. Y todo sigui\u00f3 igual entre nosotros.<\/em><\/p>\n\n\n\n<p><em>Hemos vivido mucho juntos desde puestos muy distintos. Pero siempre nos mantuvimos muy cercanos. \u00a1Cu\u00e1ntos a\u00f1os y ratos juntos, como cuando ten\u00edamos dieciocho a\u00f1os! \u00a1Los mismos, pero tan distintos!<\/em><\/p>\n\n\n<div class=\"wp-block-image\">\n<figure class=\"aligncenter size-full\"><a href=\"https:\/\/blogs.deia.eus\/anasagasti\/files\/2025\/10\/Jose-Ramon-Scheifler_1.jpg\"><img loading=\"lazy\" decoding=\"async\" width=\"517\" height=\"512\" src=\"https:\/\/blogs.deia.eus\/anasagasti\/files\/2025\/10\/Jose-Ramon-Scheifler_1.jpg\" alt=\"\" class=\"wp-image-21008\" srcset=\"https:\/\/blogs.deia.eus\/anasagasti\/files\/2025\/10\/Jose-Ramon-Scheifler_1.jpg 517w, https:\/\/blogs.deia.eus\/anasagasti\/files\/2025\/10\/Jose-Ramon-Scheifler_1-150x150.jpg 150w\" sizes=\"auto, (max-width: 517px) 100vw, 517px\" \/><\/a><\/figure>\n<\/div>\n\n\n<p><em>Recientemente te presentaste en mi despacho. \u00a1Qu\u00e9 ilusi\u00f3n Xabier! \u00a1Como en los viejos tiempos! Pues todos son buenos para hacer el Bien y solventar problemas, Xabier. Y me dijiste: \u201cEs lo que quiero hacer hoy, \u00f3yeme en confesi\u00f3n\u201d. Y lo hicimos, all\u00ed mismo, casi sin palabras, pero no sin l\u00e1grimas. Llorar no es de mujeres, ni de cobardes.<\/em><\/p>\n\n\n\n<p><em>No, no le esperaba: \u201cMe encuentro bien, y ahora muy bien, por habernos encontrado\u201d, me dijo. Yo tambi\u00e9n le ve\u00eda bien. Ni la menor sospecha, y yo soy mayor. Pero \u00a1se fue!, y parte de m\u00ed con \u00e9l. \u00a1\u00c9ramos tan distintos y tan cercanos!<br>\u00a1Hasta siempre compa\u00f1ero!<\/em><\/p>\n<!-- AddThis Advanced Settings generic via filter on the_content --><!-- AddThis Share Buttons generic via filter on the_content -->","protected":false},"excerpt":{"rendered":"<p>S\u00e1bado 25 de octubre de 2025 Estuve este viernes en la calle Berroeta Aldamar 3 en el acto de la colocaci\u00f3n de una placa en la casa donde naci\u00f3 el te\u00f3logo jesuita y profesor universitario Jos\u00e9 Ram\u00f3n Scheifler. El alcalde Aburto dijo que era una obligaci\u00f3n honrar a una persona de la calidad humana del &hellip; <a href=\"https:\/\/blogs.deia.eus\/anasagasti\/2025\/10\/25\/placa-en-la-casa-donde-nacio-jose-ramon-scheifler\/\" class=\"more-link\">Sigue leyendo <span class=\"screen-reader-text\">PLACA EN LA CASA DONDE NACI\u00d3 JOS\u00c9 RAM\u00d3N SCHEIFLER<\/span><\/a><!-- AddThis Advanced Settings generic via filter on get_the_excerpt --><!-- AddThis Share Buttons generic via filter on get_the_excerpt --><\/p>\n","protected":false},"author":19,"featured_media":0,"comment_status":"open","ping_status":"open","sticky":false,"template":"","format":"standard","meta":{"footnotes":""},"categories":[1],"tags":[],"class_list":["post-21005","post","type-post","status-publish","format-standard","hentry","category-general"],"_links":{"self":[{"href":"https:\/\/blogs.deia.eus\/anasagasti\/wp-json\/wp\/v2\/posts\/21005","targetHints":{"allow":["GET"]}}],"collection":[{"href":"https:\/\/blogs.deia.eus\/anasagasti\/wp-json\/wp\/v2\/posts"}],"about":[{"href":"https:\/\/blogs.deia.eus\/anasagasti\/wp-json\/wp\/v2\/types\/post"}],"author":[{"embeddable":true,"href":"https:\/\/blogs.deia.eus\/anasagasti\/wp-json\/wp\/v2\/users\/19"}],"replies":[{"embeddable":true,"href":"https:\/\/blogs.deia.eus\/anasagasti\/wp-json\/wp\/v2\/comments?post=21005"}],"version-history":[{"count":2,"href":"https:\/\/blogs.deia.eus\/anasagasti\/wp-json\/wp\/v2\/posts\/21005\/revisions"}],"predecessor-version":[{"id":21010,"href":"https:\/\/blogs.deia.eus\/anasagasti\/wp-json\/wp\/v2\/posts\/21005\/revisions\/21010"}],"wp:attachment":[{"href":"https:\/\/blogs.deia.eus\/anasagasti\/wp-json\/wp\/v2\/media?parent=21005"}],"wp:term":[{"taxonomy":"category","embeddable":true,"href":"https:\/\/blogs.deia.eus\/anasagasti\/wp-json\/wp\/v2\/categories?post=21005"},{"taxonomy":"post_tag","embeddable":true,"href":"https:\/\/blogs.deia.eus\/anasagasti\/wp-json\/wp\/v2\/tags?post=21005"}],"curies":[{"name":"wp","href":"https:\/\/api.w.org\/{rel}","templated":true}]}}