{"id":21012,"date":"2025-10-26T08:50:06","date_gmt":"2025-10-26T06:50:06","guid":{"rendered":"https:\/\/blogs.deia.eus\/anasagasti\/?p=21012"},"modified":"2025-10-26T08:50:06","modified_gmt":"2025-10-26T06:50:06","slug":"es-verdad-que-zabalgarbi-ha-causado-ya-192-000-muertos","status":"publish","type":"post","link":"https:\/\/blogs.deia.eus\/anasagasti\/2025\/10\/26\/es-verdad-que-zabalgarbi-ha-causado-ya-192-000-muertos\/","title":{"rendered":"\u00bfES VERDAD QUE ZABALGARBI HA CAUSADO YA 192.000 MUERTOS?"},"content":{"rendered":"\n<p><strong>Domingo 26 de octubre de 2025<\/strong><\/p>\n\n\n<div class=\"wp-block-image\">\n<figure class=\"aligncenter size-large\"><a href=\"https:\/\/blogs.deia.eus\/anasagasti\/files\/2025\/10\/Garbi_Zabalgarbi.jpg\"><img loading=\"lazy\" decoding=\"async\" width=\"940\" height=\"411\" src=\"https:\/\/blogs.deia.eus\/anasagasti\/files\/2025\/10\/Garbi_Zabalgarbi-940x411.jpg\" alt=\"\" class=\"wp-image-21013\" srcset=\"https:\/\/blogs.deia.eus\/anasagasti\/files\/2025\/10\/Garbi_Zabalgarbi-940x411.jpg 940w, https:\/\/blogs.deia.eus\/anasagasti\/files\/2025\/10\/Garbi_Zabalgarbi-580x254.jpg 580w, https:\/\/blogs.deia.eus\/anasagasti\/files\/2025\/10\/Garbi_Zabalgarbi-768x336.jpg 768w, https:\/\/blogs.deia.eus\/anasagasti\/files\/2025\/10\/Garbi_Zabalgarbi.jpg 1024w\" sizes=\"auto, (max-width: 940px) 100vw, 940px\" \/><\/a><\/figure>\n<\/div>\n\n\n<p>\u201cIncineradora, un muerto cada hora\u201d. Al &nbsp;menos son 192.00 muertos los que hubiese causado Zabalgarbi en veinte a\u00f1os, a tenor de los esl\u00f3ganes de Bildu-HB contrarios a la incineradora, la suma de la poblaci\u00f3n de Getxo y Barakaldo estar\u00eda hoy en el cementerio. Se dice pronto, pero ese fue el lema de las pancartas de hace treinta a\u00f1os contra la construcci\u00f3n de Zabalgarbi. \u201cIncineradora, un muerto cada hora\u201d. Y eso que a su construcci\u00f3n se le hab\u00eda dado cobertura en un pleno en Juntas Generales donde con un 83% se acord\u00f3 el Plan Integral de Gesti\u00f3n de los Residuos S\u00f3lidos Urbanos de Bizkaia.<\/p>\n\n\n\n<p>Cont\u00f3 los posibles muertos en veinte a\u00f1os, y lo dijo, Mar\u00eda Esther Solabarrieta, ex Diputada de Medio Ambiente y Acci\u00f3n Territorial (1995-2003), en el acto conmemorativo al 20 Aniversario de este vital servicio p\u00fablico organizado por su Director General Mikel Huici en el Euskalduna este pasado lunes. Josu Bergara, ex Diputado General de Bizkaia (1995-2003), le encarg\u00f3 a Mar\u00eda Esther, organizar pol\u00edtica, administrativa y socialmente la iniciativa porque a quien le hab\u00eda propuesto previamente le hab\u00eda contestado: \u201dNo quiero ser diana de ETA\u201d. Y es que ETA exist\u00eda y mataba. Lo hab\u00eda demostrado en Lemoiz. Era pues todo un desaf\u00edo.<\/p>\n\n\n\n<p>El hecho de ser mujer y dar la cara ante ese submundo del NO con el que responde la IA para todo lo sensato, el comunicar y comunicar casi diariamente lo que se estaba haciendo, los viajes de Junteros &nbsp;y periodistas a las ciudades europeas donde funcionaban incineradoras en los centros de la ciudad, el aguantar que le reventaran cualquier acto, cualquier inauguraci\u00f3n y persistir a pesar de las manifestaciones debajo de casa dieron sus frutos. Con todo esto en contra, logr\u00f3 lo que hoy se conmemora aunque los que le llamaban mentirosa (\u00a1Como miente la Diputada de Medio Ambiente!) y demag\u00f3gicamente insultaban por estar al servicio del gran capital, como siguen haciendo en la actualidad, seguir\u00e1n sembrando miedo y seguir\u00e1n sin aportar nada y, sobre todo, seguir\u00e1n sin reconocer nada, como con el Guggenheim o el Metro y sin entonar el m\u00ednimo mea culpa. Por algo la parlamentaria de Bildu, Diana Urrea dec\u00eda en el programa en Jaque el lunes a ra\u00edz de los incidentes de Gasteiz, \u201dhay que mirar adelante y vosotros solo mir\u00e1is atr\u00e1s\u201d. Pues claro. Hay que saber qui\u00e9n es qui\u00e9n y cu\u00e1l es su DNI moral.<\/p>\n\n\n\n<p>Toda aquella apuesta se hizo en Bizkaia en solitario ya que Gipuzkoa no quiso emprender lo mismo con Zergarbi, una iniciativa de Sener para cogenerar energ\u00eda procedente de los residuos s\u00f3lidos urbanos. La quema de basuras en la actualidad cubre las necesidades energ\u00e9ticas del 35% de los bizkainos, am\u00e9n de solucionar un problem\u00f3n de salubridad endiablado ante los siete colmatados vertederos m\u00e1s los innumerables incontrolados que hab\u00eda. En Gipuzkoa al gobernar Bildu idearon la incre\u00edble milonga del \u201cPuerta a Puerta\u201d, algo sucio, antiest\u00e9tico y trabajoso para el ciudadano que los mand\u00f3 a su casa en la siguiente elecci\u00f3n. Y sin embargo vuelven con las mismas monsergas. Y lo hacen porque nos est\u00e1 faltando coraje para decir quien es quien.<\/p>\n\n\n\n<p>Estuvo en el acto la viuda de Javier Garc\u00eda Egotxeaga, Mar\u00eda Jes\u00fas Bergara con su hijo Borja. Javier fue vicelehendakari, presidente ejecutivo de Zabalgarbi y aut\u00e9ntico tractor de iniciativas de todo tipo. Participaron en el coloquio Jorge Sendagorta (Sener) quien coment\u00f3 el proyecto de cogeneraci\u00f3n energ\u00e9tica de las basuras. Jon Azua, quien cont\u00f3 la carta que le hab\u00eda enviado al Diputado General Jos\u00e9 Alberto Pradera cuando era Director del EVE, ya que Pradera promov\u00eda hacer lo mismo. Mar\u00eda Esther quien record\u00f3 a Javier Garc\u00eda Egotxeaga, Jos\u00e9 Mari Isasi, Txema Men\u00e9ndez, Jos\u00e9 Ram\u00f3n Lizarraga de Zabalgarbi, as\u00ed como a Kepa Bordegarai, el asesor del departamento recordando que hab\u00edan formado un equipo diez al tener las ideas muy claras y el convencimiento de que hab\u00eda que dar la pelea. El resultado est\u00e1 a la vista aunque no fuera f\u00e1cil elegir ubicaci\u00f3n, fracasando Erandio, lugar seleccionado inicialmente. Cont\u00f3 la vivencia del perro mascota Garbi.&nbsp; El creativo P\u00e9rez les dijo que para entrar en las casas hab\u00eda que enganchar con el mundo infantil y esa mascota, dio much\u00edsimo juego teniendo incluso un disfraz de Garbi, movido &nbsp;por Jon, un chaval estudiante de Bellas Artes, que animaba los actos y que volviendo de Madrid, tras una entrega medioambiental, perro incluido, fue detenido por la polic\u00eda al parecer, para ellos, un sospechoso miembro de un comando por su voluminoso disfraz metido en un bols\u00f3n. Continu\u00f3 Carlos Mart\u00ednez de la empresa FCC, correspondi\u00e9ndole poner en marcha la planta de Artigas, as\u00ed como las mejoras y ampliaci\u00f3n del vertedero controlado. Roberto Gal\u00edndez de la Mancomunidad de Municipios de la Margen Izquierda recordando que Argalario llegaba a su fin y que sin dudar se incorporaron a Zabalgarbi y finalmente la BBK<\/p>\n\n\n\n<p>Vuelvo al principio. O tenemos mala memoria o se busca tengamos mala memoria. Se trata de no reconocer nada a nadie. Zabalgarbi a pesar de las amenazas de muerte ofrece hoy un extraordinario servicio a Bizkaia y eso se logr\u00f3 porque las Instituciones&nbsp; y &nbsp;aquel PNV y el mundo empresarial pusieron toda la carne en el asador superando amenazas y consignas tales como \u201cComo miente la Diputada de Medio Ambiente\u201d, \u201dIncineradora, un muerto cada hora\u201d. Fueron consecuentes y valientes en esta \u00e9poca de lemas y actitudes simplificadas, de embrutecimiento y burocratizaci\u00f3n. Y ah\u00ed est\u00e1 la realidad, y sin un solo muerto, para disgusto de aquellos pancarteros tan cerriles.<\/p>\n\n\n\n<p><strong>AQUELLA SOLI<\/strong><\/p>\n\n\n\n<p>Hay recuerdos que no se olvidan. Est\u00e1n grabados con fuego. Uno&nbsp; de ellos es una imagen &nbsp;que tengo en la entrada del pabell\u00f3n de La Casilla en el mitin por la aprobaci\u00f3n del estatuto de Gernika en octubre 1979. Salud\u00e9 al presidente de Soli, Manu Robles Arangiz. Recuerdo su apret\u00f3n de manos. Fue como d\u00e1rsela a una tenaza. Me &nbsp;dijo: \u201dConoc\u00ed a tu aita. Era muy activo en Juventud Vasca y en Soli. Defend\u00edamos a los Trabajadores y el nexo de uni\u00f3n ideol\u00f3gica con el&nbsp; Partido era el cristianismo y&nbsp; la defensa de las Enc\u00edclicas del Papa\u201d. Hoy viendo a esta ELA, volver\u00edan a la tumba, porque lo que dice Mikel Lakuntza no tiene absolutamente nada que ver con aquella Soli a la que solo &nbsp;le han dejado un nombre sin esqueleto mientras han vaciado su ideolog\u00eda y acci\u00f3n reivindicativa. No es comprensible la defensa que hacen de satrap\u00edas como la de Cuba, Nicaragua, Venezuela, Rusia, Corea, pa\u00edses dictatoriales sin sindicatos. Es de locos. No deben saber que los derechos humanos son universales y no derechos a la carta. Les falta consecuencia moral.<\/p>\n\n\n\n<p>Traigo una muestra. En mis manos su revista mensual Alda. Ya&nbsp; el subt\u00edtulo me pone en guardia. \u201dDemocracia Alternativa\u201d. Adjetivar la democracia siempre es para manipularla. En su interior, de 47 p\u00e1ginas, su portada y doce p\u00e1ginas est\u00e1n dedicadas a una entrevista con Pablo Gonz\u00e1lez detenido el 28 de febrero del 2022 en la frontera entre Polonia y Ucrania por los servicios secretos polacos, acusado de ser un esp\u00eda ruso. Doce p\u00e1ginas, a mi juicio publicando una mentira tras otra, de un periodista canjeado en persona por Vladimir Putin. Previamente nos hab\u00edan saturado de manipuladas noticias con plataformas, informaci\u00f3n diaria en EITB, tras convertirlo en un icono de la represi\u00f3n de la UE, sin dejar hablar a las personas que le acusan de esp\u00eda y cuyas informaciones ocasionaron da\u00f1os irremediables. Nada sobre los dos bizkainos, Basoa y Mart\u00ednez, secuestrados por el r\u00e9gimen de Maduro, a los &nbsp;que el Parlamento Vasco el jueves apoy\u00f3 pidiendo a Maduro de explicaciones y garant\u00edas del por qu\u00e9 los ha encarcelado. No dir\u00e1n nada de estos dos vascos pero dedican &nbsp;doce p\u00e1ginas en su bolet\u00edn mensual, para este caballero al que no dejan pisar la UE. Todo un alarde de apolog\u00eda del posible delito de delaci\u00f3n y espionaje &nbsp;tratando de convertir un supuesto esp\u00eda ruso, seg\u00fan los polacos, en un l\u00edder vasco perseguido por los malos. \u00bfQu\u00e9 tendr\u00e1 que ver este Pablo Gonz\u00e1lez con las reivindicaciones de los trabajadores vascos?. \u00bfEs esta la ELA continuadora de aquella creada por el PNV en 1911?. No padre. Solo mantiene&nbsp; su m\u00e1gico nombre y por algo no quieren dejarlo.<\/p>\n\n\n\n<p><strong>MAX WEBER<\/strong><\/p>\n\n\n\n<p>Max Weber citaba tres virtudes que caracterizan al pol\u00edtico de raza: pasi\u00f3n, responsabilidad y ojo de buen cubero. La pasi\u00f3n es su demonio interior como entrega total a una causa. Es esta la que traza los par\u00e1metros concretos de su responsabilidad. El ojo de buen cubero lo capacita para ser sensato y exitosamente responsable. Tener ojo de buen cubero significa saberse distanciar lo suficiente de las cosas y casos para medir serenamente el alcance de decisiones y actuaciones y la posibilidad de que produzcan efectos indeseables teniendo muy en cuenta que el enemigo mortal del pol\u00edtico es la vanidad. Y la neo izquierda que soportamos la tiene a toneladas.<\/p>\n\n\n\n<p>No han le\u00eddo a Marx, no saben qui\u00e9n es Engels, creen que Trotsky es un juego de consola, oyen a Gramsci y piensan es un medicamento. Son de una ignorancia supina. Dejaron de defender a las mayor\u00edas trabajadoras y pasaron a defender las minor\u00edas parasitarias. \u00bfCu\u00e1nto durar\u00e1 el \u201capoyo\u201d a los ni\u00f1os palestinos y no a los ucranianos?. Quiz\u00e1s lo mismo que el apoyo \u201chasta la victoria final\u201d al pueblo saharaui.<\/p>\n\n\n\n<p>Leemos que al parecer ha nacido una sigla que rechaza la inmigraci\u00f3n desde la izquierda nacionalista, Ezker Nazionala que alimenta el rechazo hacia los inmigrantes y el rechazo de lucha de clases: la inmigraci\u00f3n masiva beneficia al capital. \u00bfSe trata de uno m\u00e1s de los \u201cm\u00faltiples disfraces infinitos\u201d de la izquierda revolucionaria vasca para ampliar su base social y captar descontentos?, porque es curioso leer esto mientras en otra parte de esa misma izquierda revolucionaria vasca \u201cse desvive en apoyo a los inmigrantes contra el sistema capitalista\u201d. \u00bfSe trata de ocupar un espacio social desde la izquierda antes de que surja una posible \u201cEuskal Aliantza\u201d desde la derecha nacionalista?.<\/p>\n\n\n\n<p>El asunto es que han detectado una realidad, un problema que \u201coficialmente\u201d se oculta, aunque sea real, y que no se aborda eficazmente con criterios europeos de humanidad, raz\u00f3n, solidaridad y trabajo real tambi\u00e9n en \u00c1frica y contra las mafias y que no resuelve el buenismo de una clase pol\u00edtica que considera este asunto una patata muy caliente, siendo un hecho tan real &nbsp;que cada vez se expanden m\u00e1s los focos de inseguridad vinculados a delitos cometidos por j\u00f3venes migrantes, como se lee en la prensa e informa el Departamento de Interior, y ante eso tratan de arrimar el ascua a su sardina abertzale o seudo abertzale. De lo que es evidente es que se pretende acaparar todos los \u00e1mbitos de descontento sin importarles un pito las aparentes contradicciones mientras a los dem\u00e1s nos toca tocar el viol\u00f3n cuando nada dicen de los 192.000 muertos que ha producido Zabalgarbi en veinte a\u00f1os.<\/p>\n<!-- AddThis Advanced Settings generic via filter on the_content --><!-- AddThis Share Buttons generic via filter on the_content -->","protected":false},"excerpt":{"rendered":"<p>Domingo 26 de octubre de 2025 \u201cIncineradora, un muerto cada hora\u201d. Al &nbsp;menos son 192.00 muertos los que hubiese causado Zabalgarbi en veinte a\u00f1os, a tenor de los esl\u00f3ganes de Bildu-HB contrarios a la incineradora, la suma de la poblaci\u00f3n de Getxo y Barakaldo estar\u00eda hoy en el cementerio. Se dice pronto, pero ese fue &hellip; <a href=\"https:\/\/blogs.deia.eus\/anasagasti\/2025\/10\/26\/es-verdad-que-zabalgarbi-ha-causado-ya-192-000-muertos\/\" class=\"more-link\">Sigue leyendo <span class=\"screen-reader-text\">\u00bfES VERDAD QUE ZABALGARBI HA CAUSADO YA 192.000 MUERTOS?<\/span><\/a><!-- AddThis Advanced Settings generic via filter on get_the_excerpt --><!-- AddThis Share Buttons generic via filter on get_the_excerpt --><\/p>\n","protected":false},"author":19,"featured_media":0,"comment_status":"open","ping_status":"open","sticky":false,"template":"","format":"standard","meta":{"footnotes":""},"categories":[1],"tags":[],"class_list":["post-21012","post","type-post","status-publish","format-standard","hentry","category-general"],"_links":{"self":[{"href":"https:\/\/blogs.deia.eus\/anasagasti\/wp-json\/wp\/v2\/posts\/21012","targetHints":{"allow":["GET"]}}],"collection":[{"href":"https:\/\/blogs.deia.eus\/anasagasti\/wp-json\/wp\/v2\/posts"}],"about":[{"href":"https:\/\/blogs.deia.eus\/anasagasti\/wp-json\/wp\/v2\/types\/post"}],"author":[{"embeddable":true,"href":"https:\/\/blogs.deia.eus\/anasagasti\/wp-json\/wp\/v2\/users\/19"}],"replies":[{"embeddable":true,"href":"https:\/\/blogs.deia.eus\/anasagasti\/wp-json\/wp\/v2\/comments?post=21012"}],"version-history":[{"count":1,"href":"https:\/\/blogs.deia.eus\/anasagasti\/wp-json\/wp\/v2\/posts\/21012\/revisions"}],"predecessor-version":[{"id":21014,"href":"https:\/\/blogs.deia.eus\/anasagasti\/wp-json\/wp\/v2\/posts\/21012\/revisions\/21014"}],"wp:attachment":[{"href":"https:\/\/blogs.deia.eus\/anasagasti\/wp-json\/wp\/v2\/media?parent=21012"}],"wp:term":[{"taxonomy":"category","embeddable":true,"href":"https:\/\/blogs.deia.eus\/anasagasti\/wp-json\/wp\/v2\/categories?post=21012"},{"taxonomy":"post_tag","embeddable":true,"href":"https:\/\/blogs.deia.eus\/anasagasti\/wp-json\/wp\/v2\/tags?post=21012"}],"curies":[{"name":"wp","href":"https:\/\/api.w.org\/{rel}","templated":true}]}}