{"id":21015,"date":"2025-10-27T09:26:13","date_gmt":"2025-10-27T07:26:13","guid":{"rendered":"https:\/\/blogs.deia.eus\/anasagasti\/?p=21015"},"modified":"2025-10-27T09:26:14","modified_gmt":"2025-10-27T07:26:14","slug":"teobaldo-el-buen-guerrero","status":"publish","type":"post","link":"https:\/\/blogs.deia.eus\/anasagasti\/2025\/10\/27\/teobaldo-el-buen-guerrero\/","title":{"rendered":"TEOBALDO\u00a0 EL BUEN GUERRERO"},"content":{"rendered":"\n<p><strong>Lunes 27 de octubre de 2025<\/strong><\/p>\n\n\n<div class=\"wp-block-image\">\n<figure class=\"aligncenter size-large\"><a href=\"https:\/\/blogs.deia.eus\/anasagasti\/files\/2025\/10\/Teobaldo-Guerrero.jpg\"><img loading=\"lazy\" decoding=\"async\" width=\"940\" height=\"529\" src=\"https:\/\/blogs.deia.eus\/anasagasti\/files\/2025\/10\/Teobaldo-Guerrero-940x529.jpg\" alt=\"\" class=\"wp-image-21016\" srcset=\"https:\/\/blogs.deia.eus\/anasagasti\/files\/2025\/10\/Teobaldo-Guerrero-940x529.jpg 940w, https:\/\/blogs.deia.eus\/anasagasti\/files\/2025\/10\/Teobaldo-Guerrero-580x326.jpg 580w, https:\/\/blogs.deia.eus\/anasagasti\/files\/2025\/10\/Teobaldo-Guerrero-768x432.jpg 768w, https:\/\/blogs.deia.eus\/anasagasti\/files\/2025\/10\/Teobaldo-Guerrero.jpg 1200w\" sizes=\"auto, (max-width: 940px) 100vw, 940px\" \/><\/a><\/figure>\n<\/div>\n\n\n<p>Gorka Guerrero es el hijo de Teobaldo Guerrero y quien ha publicado en Deia &nbsp;una rese\u00f1a entra\u00f1able tras el fallecimiento de su aita. Me encontraba en Madrid &nbsp;y no pude ir a su funeral en homenaje a una persona referencial y como &nbsp;respeto a sus allegados. El Bizkai Buru Batzar envi\u00f3 una carta a su familia. Teobaldo fue burukide del BBB bajo la presidencia de Javier Atutxa junto a &nbsp;Arantza Petralanda y Mar\u00eda Esther Solabarrieta, Jos\u00e9 Antonio Aspuru, Rafa Sarria, Eneko Caballero, Fernando Egileor, Jon S\u00e1nchez, Xabier Maidagan, I\u00f1aki San Juan, y Jos\u00e9 Antonio L\u00f3pez Ega\u00f1a como burukides. Les toc\u00f3 tomar decisiones importantes.<\/p>\n\n\n\n<p>Ignoro cu\u00e1ndo y por qu\u00e9 raz\u00f3n se decidi\u00f3 no publicar esquelas en Deia cuando fallece un afiliado o un burukide algo que me parece un error. Es lo menos que se puede hacer para mostrar respeto y un recuerdo mientras se destaca su compromiso. Hay decisiones absurdas que no se sostienen. Pero siguen y siguen.<\/p>\n\n\n\n<p>Teobaldo Guerrero fue asimismo miembro de la Asamblea Nacional siendo un cl\u00e1sico de cualquier reuni\u00f3n, asamblea, evento o manifestaci\u00f3n como burukide, fiel infanter\u00eda o como director de coros. Su hijo destaca la biograf\u00eda de su aita estos aspectos de su trayectoria. Rese\u00f1as parecidas se deber\u00edan hacer&nbsp; de forma autom\u00e1tica. No es que los tiempos cambien, es que las gentes &nbsp;trabajan menos y son menos &nbsp;solidarias.<\/p>\n\n\n\n<p>He aqu\u00ed pues el art\u00edculo de su hijo Gorka:<\/p>\n\n\n\n<p><strong><em>\u201cMi aita, un hombre bueno, honesto, \u00edntegro, tenaz en sus convicciones y con un gran sentido del humor<\/em><\/strong><em>. Muy ilustrado, quiz\u00e1s por su&nbsp;<strong>educaci\u00f3n seminarista<\/strong>. Un hombre de fe, cristiano. Tres estrellas guiaron su vida.&nbsp;<\/em><\/p>\n\n\n\n<p><em>La primera, la que m\u00e1s brillaba, su familia.<strong>&nbsp;Mi ama, su luz.&nbsp;<\/strong>Enamorado de ella con una pasi\u00f3n que mantuvo hasta el \u00faltimo d\u00eda.&nbsp;<strong>Casi 70 a\u00f1os juntos.&nbsp;<\/strong>Sin mi ama no habr\u00eda sido la misma persona. Despu\u00e9s<strong>&nbsp;yo, su \u00fanico hijo<\/strong>. Ha sido mi gu\u00eda y mi referencia en la vida. Sin \u00e9l, y sin mi ama, yo tampoco habr\u00eda sido el mismo. Y,&nbsp;<strong>sus nietos<\/strong>, siempre pendiente&nbsp;de ellos. Qu\u00e9 tal&nbsp;<strong>Aitzol<\/strong>, c\u00f3mo va&nbsp;<strong>Uxue<\/strong>, qu\u00e9 tal&nbsp;<strong>Izaro<\/strong>, preguntaba cada dos por tres. Finalmente,&nbsp;<strong>sus amigos y compa\u00f1eros.<\/strong><\/em><\/p>\n\n\n\n<p><em>La segunda,<strong>&nbsp;su pa\u00eds. abertzale y jeltzale hasta la m\u00e9dula<\/strong>. Trabaj\u00f3 incansablemente por nuestra tierra, para ver una Euskadi mejor y m\u00e1s tolerante. Desde el \u00e1mbito personal en su paso por la pol\u00edtica como candidato y posterior teniente alcalde del Ayuntamiento de Sestao, su pueblo. Igualmente, dadas sus<strong>&nbsp;profundas convicciones nacionalistas, colabor\u00f3 en la puesta en marcha de la ikastola Umeen Etxea en 1968 que posteriormente en 1980 se integrar\u00eda en Asti Leku<\/strong>. En lo profesional, entre otras labores, dirigi\u00f3 un proyecto como entonces, en 1983, er<strong>a Aparkabisa hoy convertido en un centro de log\u00edstica del transporte referente a nivel estatal.&nbsp;<\/strong>Persona de paz, de concordia. Tambi\u00e9n un hombre de consenso con una empat\u00eda que estaba sellada en su ADN.&nbsp;<\/em><\/p>\n\n\n\n<p><em>La tercera estrella<strong>, la m\u00fasica. Mel\u00f3mano empedernido. Buen tenor y gran director<\/strong>. Con 17 a\u00f1os empez\u00f3 a dirigir el&nbsp;<strong>Orfe\u00f3n de Sestao<\/strong>&nbsp;al que mantuvo en un gran nivel durante 20 a\u00f1os. Despu\u00e9s, el&nbsp;<strong>Otxote Gazteak de Lutxana.&nbsp;&nbsp;<\/strong>No era s\u00f3lo un Otxote, m\u00e1s bien se configuraba como una cuadrilla de amigos que cantaban especialmente bien. Y, m\u00e1s tarde, en 1996, tutelando el coro Itxartu Abesbatza de Getxo. Era mi aita y su pasi\u00f3n por la m\u00fasica vasca.<\/em><\/p>\n\n\n\n<p><em>En definitiva,<strong>&nbsp;una persona que pas\u00f3 por este mundo dejando su impronta y que creo que lo hizo algo mejor.<\/strong>&nbsp;En mi caso, mi bast\u00f3n, mi gu\u00eda, mi referente en la vida y uno de mis amores. Tengo claro que la vida sin \u00e9l nunca ser\u00e1 igual.&nbsp;Eskerrik asko aita, bihotz-bihotzez.\u201d<\/em><\/p>\n<!-- AddThis Advanced Settings generic via filter on the_content --><!-- AddThis Share Buttons generic via filter on the_content -->","protected":false},"excerpt":{"rendered":"<p>Lunes 27 de octubre de 2025 Gorka Guerrero es el hijo de Teobaldo Guerrero y quien ha publicado en Deia &nbsp;una rese\u00f1a entra\u00f1able tras el fallecimiento de su aita. Me encontraba en Madrid &nbsp;y no pude ir a su funeral en homenaje a una persona referencial y como &nbsp;respeto a sus allegados. El Bizkai Buru &hellip; <a href=\"https:\/\/blogs.deia.eus\/anasagasti\/2025\/10\/27\/teobaldo-el-buen-guerrero\/\" class=\"more-link\">Sigue leyendo <span class=\"screen-reader-text\">TEOBALDO\u00a0 EL BUEN GUERRERO<\/span><\/a><!-- AddThis Advanced Settings generic via filter on get_the_excerpt --><!-- AddThis Share Buttons generic via filter on get_the_excerpt --><\/p>\n","protected":false},"author":19,"featured_media":0,"comment_status":"open","ping_status":"open","sticky":false,"template":"","format":"standard","meta":{"footnotes":""},"categories":[1],"tags":[],"class_list":["post-21015","post","type-post","status-publish","format-standard","hentry","category-general"],"_links":{"self":[{"href":"https:\/\/blogs.deia.eus\/anasagasti\/wp-json\/wp\/v2\/posts\/21015","targetHints":{"allow":["GET"]}}],"collection":[{"href":"https:\/\/blogs.deia.eus\/anasagasti\/wp-json\/wp\/v2\/posts"}],"about":[{"href":"https:\/\/blogs.deia.eus\/anasagasti\/wp-json\/wp\/v2\/types\/post"}],"author":[{"embeddable":true,"href":"https:\/\/blogs.deia.eus\/anasagasti\/wp-json\/wp\/v2\/users\/19"}],"replies":[{"embeddable":true,"href":"https:\/\/blogs.deia.eus\/anasagasti\/wp-json\/wp\/v2\/comments?post=21015"}],"version-history":[{"count":1,"href":"https:\/\/blogs.deia.eus\/anasagasti\/wp-json\/wp\/v2\/posts\/21015\/revisions"}],"predecessor-version":[{"id":21017,"href":"https:\/\/blogs.deia.eus\/anasagasti\/wp-json\/wp\/v2\/posts\/21015\/revisions\/21017"}],"wp:attachment":[{"href":"https:\/\/blogs.deia.eus\/anasagasti\/wp-json\/wp\/v2\/media?parent=21015"}],"wp:term":[{"taxonomy":"category","embeddable":true,"href":"https:\/\/blogs.deia.eus\/anasagasti\/wp-json\/wp\/v2\/categories?post=21015"},{"taxonomy":"post_tag","embeddable":true,"href":"https:\/\/blogs.deia.eus\/anasagasti\/wp-json\/wp\/v2\/tags?post=21015"}],"curies":[{"name":"wp","href":"https:\/\/api.w.org\/{rel}","templated":true}]}}