{"id":21018,"date":"2025-10-28T09:22:30","date_gmt":"2025-10-28T07:22:30","guid":{"rendered":"https:\/\/blogs.deia.eus\/anasagasti\/?p=21018"},"modified":"2025-10-28T09:22:31","modified_gmt":"2025-10-28T07:22:31","slug":"karmele","status":"publish","type":"post","link":"https:\/\/blogs.deia.eus\/anasagasti\/2025\/10\/28\/karmele\/","title":{"rendered":"KARMELE"},"content":{"rendered":"\n<p><strong>Martes 28 de octubre de 2025<\/strong><\/p>\n\n\n<div class=\"wp-block-image\">\n<figure class=\"aligncenter size-large\"><a href=\"https:\/\/blogs.deia.eus\/anasagasti\/files\/2025\/10\/Karmele-Urresti.jpg\"><img loading=\"lazy\" decoding=\"async\" width=\"940\" height=\"422\" src=\"https:\/\/blogs.deia.eus\/anasagasti\/files\/2025\/10\/Karmele-Urresti-940x422.jpg\" alt=\"\" class=\"wp-image-21019\" srcset=\"https:\/\/blogs.deia.eus\/anasagasti\/files\/2025\/10\/Karmele-Urresti-940x422.jpg 940w, https:\/\/blogs.deia.eus\/anasagasti\/files\/2025\/10\/Karmele-Urresti-580x261.jpg 580w, https:\/\/blogs.deia.eus\/anasagasti\/files\/2025\/10\/Karmele-Urresti-768x345.jpg 768w, https:\/\/blogs.deia.eus\/anasagasti\/files\/2025\/10\/Karmele-Urresti.jpg 1024w\" sizes=\"auto, (max-width: 940px) 100vw, 940px\" \/><\/a><\/figure>\n<\/div>\n\n\n<p>Fui con toda la familia el viernes a ver la pel\u00edcula KARMELE. La recomiendo. El hecho de llevar tres semanas en cartelera, es buena se\u00f1al.<\/p>\n\n\n\n<p>Karmele Urresti era prima carnal de mi suegro Joseba Solabarrieta Urresti. Los dos de Ond\u00e1rroa y los dos muy ondarreses, con ese buen car\u00e1cter directo y resolutivo. Conoc\u00ed a Karmele en el Centro Vasco de Caracas. Fue presidenta de Emakume Abertzale Batza y la recuerdo en las conferencias que organiz\u00e1bamos en Euzko Gaztedi. Siempre con su hermana Anita, interven\u00eda y daba su opini\u00f3n. Sus hijos Ikerne, Txomin y Patxi asimismo asiduos a aquel gran Centro. En casa, Mar\u00eda Esther le llamaba la t\u00eda Karmele. Le hizo los agujeros, como enfermera, en las orejas para llevar los pendientes. El trato era continuo. Fue enfermera de la Mobil.<\/p>\n\n\n\n<p>Un d\u00eda pregunt\u00e9 de quien era la fotograf\u00eda que colgaba en el gran sal\u00f3n del Centro &nbsp;cerca del comedor. Era la foto con la cara de un socio. Me dijeron que se trataba de Txomin Letamendi, asesinado por los franquistas. Su muerte en aquella colectividad impact\u00f3 pues hab\u00eda sido socio del Centro y muy conocido ya que con su trompeta interven\u00eda en orquestas famosas de aquella Venezuela petrolera. Uzturre que le conoci\u00f3 como un agente jelkide de los Servicios en Madrid, le llamaba Turuta y nos hablaba de su compromiso. Dej\u00f3 una vida de bienestar en Caracas para venir y comprometerse a\u00fan m\u00e1s con la causa en aquel servicio del PNV a los aliados. La tapadera era fant\u00e1stica. De un trompetista nadie sospecha. Pero desgraciadamente cay\u00f3 y lo mataron a tortura limpia. Creo que esta sociedad est\u00e1 en deuda con su recuerdo y familia.<\/p>\n\n\n\n<p>La pel\u00edcula fue proyectada en el front\u00f3n de Ondarroa. Me dicen estuvieron los dos hijos hablando de su ama Karmele. Ikerne desgraciadamente hab\u00eda fallecido. Los Urresti son una familia bandera, ondarresa de larga tradici\u00f3n. Ella tuvo diez hermanos. Comentaron que les extra\u00f1\u00f3 que en la pel\u00edcula no saliera nada de Ondarroa ya que est\u00e1 filmada en Lekeitio. Y menudo son. Le recuerdo a su prima Garbi\u00f1e Urresti a la que llam\u00e1bamos en el Grupo EGI, Golda Meier. Llevaba las cuentas del Pante\u00f3n Vasco y se ocup\u00f3 de Radio Euzkadi cuando vine a Bilbao en 1975. Era toda una referencia.<\/p>\n\n\n\n<p>La pel\u00edcula est\u00e1 dirigida por Asier Altuna, bergar\u00e9s que tambi\u00e9n tuvo su pasant\u00eda por Venezuela. Dirigi\u00f3 \u201c\u00a1Aupa Etxebeste!\u201d y ha hecho un buen trabajo. Mi hermano Koldo le conoce de cuando hicieron un documental dedicado a Arzak. Ojal\u00e1 encuentre guiones que hablen de este fil\u00f3n que es la Resistencia vasca bajo la dictadura y dirija pel\u00edculas como \u201cKarmele\u201d. Nos hace falta. Hay miles de historias que no se cuentan y esta de \u201cKarmele\u201d con Txomin es &nbsp;afortunadamente una de ellas.<\/p>\n\n\n\n<p>Las dos fotograf\u00edas son del Centro Vasco de Caracas. En una est\u00e1 Karmele con Don Manuel Irujo en el Aberri Eguna de 1975 y la otra es de la \u00faltima visita del Lehendakari Agirrre al Centro Vasco en 1959. Se le ve con el Consejero Santiago Aznar y el Delegado del Gobierno Vasco Lucio Aretxabaleta. Karmele con gafas de sol.<\/p>\n\n\n\n<p>Historias y m\u00e1s historias que han ido conformando nuestra identidad, pero que se tienen que dar a conocer.<\/p>\n<!-- AddThis Advanced Settings generic via filter on the_content --><!-- AddThis Share Buttons generic via filter on the_content -->","protected":false},"excerpt":{"rendered":"<p>Martes 28 de octubre de 2025 Fui con toda la familia el viernes a ver la pel\u00edcula KARMELE. La recomiendo. El hecho de llevar tres semanas en cartelera, es buena se\u00f1al. Karmele Urresti era prima carnal de mi suegro Joseba Solabarrieta Urresti. Los dos de Ond\u00e1rroa y los dos muy ondarreses, con ese buen car\u00e1cter &hellip; <a href=\"https:\/\/blogs.deia.eus\/anasagasti\/2025\/10\/28\/karmele\/\" class=\"more-link\">Sigue leyendo <span class=\"screen-reader-text\">KARMELE<\/span><\/a><!-- AddThis Advanced Settings generic via filter on get_the_excerpt --><!-- AddThis Share Buttons generic via filter on get_the_excerpt --><\/p>\n","protected":false},"author":19,"featured_media":0,"comment_status":"open","ping_status":"open","sticky":false,"template":"","format":"standard","meta":{"footnotes":""},"categories":[1],"tags":[],"class_list":["post-21018","post","type-post","status-publish","format-standard","hentry","category-general"],"_links":{"self":[{"href":"https:\/\/blogs.deia.eus\/anasagasti\/wp-json\/wp\/v2\/posts\/21018","targetHints":{"allow":["GET"]}}],"collection":[{"href":"https:\/\/blogs.deia.eus\/anasagasti\/wp-json\/wp\/v2\/posts"}],"about":[{"href":"https:\/\/blogs.deia.eus\/anasagasti\/wp-json\/wp\/v2\/types\/post"}],"author":[{"embeddable":true,"href":"https:\/\/blogs.deia.eus\/anasagasti\/wp-json\/wp\/v2\/users\/19"}],"replies":[{"embeddable":true,"href":"https:\/\/blogs.deia.eus\/anasagasti\/wp-json\/wp\/v2\/comments?post=21018"}],"version-history":[{"count":1,"href":"https:\/\/blogs.deia.eus\/anasagasti\/wp-json\/wp\/v2\/posts\/21018\/revisions"}],"predecessor-version":[{"id":21020,"href":"https:\/\/blogs.deia.eus\/anasagasti\/wp-json\/wp\/v2\/posts\/21018\/revisions\/21020"}],"wp:attachment":[{"href":"https:\/\/blogs.deia.eus\/anasagasti\/wp-json\/wp\/v2\/media?parent=21018"}],"wp:term":[{"taxonomy":"category","embeddable":true,"href":"https:\/\/blogs.deia.eus\/anasagasti\/wp-json\/wp\/v2\/categories?post=21018"},{"taxonomy":"post_tag","embeddable":true,"href":"https:\/\/blogs.deia.eus\/anasagasti\/wp-json\/wp\/v2\/tags?post=21018"}],"curies":[{"name":"wp","href":"https:\/\/api.w.org\/{rel}","templated":true}]}}