{"id":21021,"date":"2025-10-29T10:08:02","date_gmt":"2025-10-29T08:08:02","guid":{"rendered":"https:\/\/blogs.deia.eus\/anasagasti\/?p=21021"},"modified":"2025-10-29T10:08:03","modified_gmt":"2025-10-29T08:08:03","slug":"hamas-deberia-hacer-exactamente-lo-que-hizo-eta-desarmarse","status":"publish","type":"post","link":"https:\/\/blogs.deia.eus\/anasagasti\/2025\/10\/29\/hamas-deberia-hacer-exactamente-lo-que-hizo-eta-desarmarse\/","title":{"rendered":"\u00abHAM\u00c1S DEBER\u00cdA HACER EXACTAMENTE LO QUE HIZO ETA: DESARMARSE\u00bb"},"content":{"rendered":"\n<p><strong>Mi\u00e9rcoles 29 de octubre de 2025<\/strong><\/p>\n\n\n<div class=\"wp-block-image\">\n<figure class=\"aligncenter size-full is-resized\"><a href=\"https:\/\/blogs.deia.eus\/anasagasti\/files\/2025\/10\/Politologo-1.jpg\"><img loading=\"lazy\" decoding=\"async\" width=\"307\" height=\"389\" src=\"https:\/\/blogs.deia.eus\/anasagasti\/files\/2025\/10\/Politologo-1.jpg\" alt=\"\" class=\"wp-image-21022\" style=\"width:461px;height:auto\" \/><\/a><\/figure>\n<\/div>\n\n\n<p><strong>Alberto Spektorowski<\/strong>. <strong>Miembro del Grupo Internacional de<\/strong> <strong>Contacto que impuls\u00f3 al di\u00e1logo con ETA<\/strong><\/p>\n\n\n\n<p><strong>Alberto Spektorowski<\/strong> \u2013nacido en Montevideo (Uruguay) en 1952\u2013 es profesor de Ciencias Pol\u00edticas de la Universidad de Tel Aviv y form\u00f3parte del denominado Grupo internacional&nbsp;&nbsp;&nbsp;&nbsp;&nbsp;&nbsp;&nbsp;&nbsp; de Contacto liderado por Brian Currin que trabaj\u00f3 por un final dialogado de la violencia en Euskadi.<\/p>\n\n\n\n<p>Con anterioridad, en 1992 particip\u00f3 en la negociaci\u00f3n de los acuerdos de Oslo entre el gobierno laborista de Rabin y la OLP de Arafat como asesor directo del ministro israel\u00ed de Exteriores Slomo Ben Ami. Aquel pacto dio paso a la denominada \u2018paz de Camp David\u2019 firmada primero en Washington en 1993 y despu\u00e9s en Taba (Egipto) en 1995.<\/p>\n\n\n\n<p>El polit\u00f3logo que negoci\u00f3 los acuerdos de Oslo critica el antisemitismo que ha aflorado con fuerza \u00aben la izquierda europea \u2018woke\u2019\u00bb<\/p>\n\n\n\n<p>El polit\u00f3logo uruguayo-israel\u00ed Alberto Spektorowski, que particip\u00f3 como integrante del Grupo Internacional de Contacto que busc\u00f3 un final dialogado para ETA, se sabe en el ojo de la tormenta por la enorme secuela que ha dejado la guerra de Gaza en el mundo intelectual progresista.<\/p>\n\n\n\n<p>El viernes particip\u00f3 en Bilbao en un club de debate en la Universidad de Deusto sobre el sionismo y el antisemitismo.<\/p>\n\n\n\n<p><strong>\u2013\u00bfFue un debate tranquilo?<\/strong><\/p>\n\n\n\n<p>El debate se dio muy correctamente. No hubo ninguna tensi\u00f3n.&nbsp; Todas preguntas inteligentes en un marco acad\u00e9mico serio. Esperaba m\u00e1s tensi\u00f3n.<\/p>\n\n\n\n<p><strong>\u2013Usted particip\u00f3 en el Grupo Internacional de Contacto que se implic\u00f3 para un final dialogado de ETA. \u00bfC\u00f3mo ve a Euskadi tras 14 a\u00f1os del fin de la violencia?<\/strong><\/p>\n\n\n\n<p>Desde fuera la veo muy bien. Es otra Euskadi. Me da una alegr\u00eda enorme ver a gente sin miedo y resolviendo sus problemas pol\u00edticos con el di\u00e1logo. Ham\u00e1s deber\u00eda hacer exactamente lo que hizo ETA. Es decir, desarmarse. Ganar\u00eda mucho m\u00e1s que siguiendo una resistencia al estado jud\u00edo en una lucha suicida. Israel prevalecer\u00e1.<\/p>\n\n\n\n<p><strong>\u2013\u00bfHa capitalizado EH Bildu el fin de ETA?<\/strong><\/p>\n\n\n\n<p>No me sorprende. Todos en la sociedad vasca han contribuido al fin de la violencia, pero ETA era la que deb\u00eda tomar el primer paso. ETA capitaliz\u00f3 el fin de la violencia inteligentemente. Esa conversi\u00f3n de ser movimiento de resistencia a movimiento pol\u00edtico democr\u00e1tico era previsible que diera r\u00e9ditos pol\u00edticos. Me acuerdo en Uruguay de Pepe M\u00fajica. Guerrillero secuestrado por el Ej\u00e9rcito convertido en pol\u00edtico democr\u00e1tico, sin rencores y apto para la reconstrucci\u00f3n del pa\u00eds. El pasaje de la violencia a la vida democr\u00e1tica, sin lograr las me metas finales, es decir la revoluci\u00f3n socialista o el derecho a autodeterminaci\u00f3n o m\u00e1s bien postergarlas pragm\u00e1ticamente, hasta qui\u00e9n sabe cu\u00e1ndo, da r\u00e9ditos pol\u00edticos. Por eso no me sorprende. Me parece una regla pol\u00edtica casi de hierro. La pol\u00edtica tiene sus ciclos.<\/p>\n\n\n\n<p><strong>\u2013\u00bfLe ha sorprendido la beligerencia antiisrael\u00ed de EH Bildu?<\/strong><\/p>\n\n\n\n<p>Tampoco me sorprende mucho la actitud de Bildu hacia el problema palestino. Quiz\u00e1s me sorprenda un poco el fanatismo. La izquierda mundial, y aqu\u00ed en particular, se quedaron sin banderas movilizantes. La izquierda sencillamente no tiene banderas en Europa. La verdadera revoluci\u00f3n anti establishment en Europa es de la derecha radical. Los Farage, la Meloni, los Le Pen les quitan a la izquierda el mensaje de rebeld\u00eda. Y de repente aparece Palestina. \u00a1Salvaci\u00f3n! Menuda salvaci\u00f3n. Palestina va a ser el entierro final de la izquierda. No por Palestina ni por los palestinos que se merecen lo mejor, incluso un estado. Es por la mezcla de qui\u00e9n es el agente revolucionario palestino hoy d\u00eda y qui\u00e9n es la izquierda europea hoy d\u00eda. La mezcla Ham\u00e1s-izquierda progre es rid\u00edcula. Ver a los \u2018queers\u2019 y al colectivo de g\u00e9nero defendiendo indirectamente a Ham\u00e1s que los colgar\u00eda a todos en la plaza central es pat\u00e9tico. Y si bien es cierto que han movilizado a la opini\u00f3n p\u00fablica y todo parece como un terremoto de voces en contra de Israel, es m\u00e1s ruido que nueces. En definitiva Palestina y Ham\u00e1s van a terminar matando a la izquierda aqu\u00ed y en toda Europa.<\/p>\n\n\n\n<p><strong>\u2013\u00bfC\u00f3mo valora el papel de S\u00e1nchez en esta crisis?<\/strong><\/p>\n\n\n\n<p>Entre negativo e irrelevante. Pero era de esperar eso. No creo que a S\u00e1nchez le importe tanto el problema palestino. Me parece m\u00e1s bien que es una bandera que necesita ahora por razones pol\u00edticas.<\/p>\n\n\n\n<p><strong>\u2013\u00bfA qu\u00e9 se debe la enorme fuerza del respaldo en Euskadi a la causa palestina?<\/strong><\/p>\n\n\n\n<p>Era previsible. Los vascos son pueblo originario y creen que los palestinos son eso exactamente y que los jud\u00edos son colonialistas. Temo defraudarlos. Los jud\u00edos tienen su historia arraigada en la zona. Lejos de ser los colonialistas que tienen una metr\u00f3poli a la cual retornar, los jud\u00edos&nbsp; mismos se sienten originarios luchando por su leg\u00edtimo derecho a la tierra.<\/p>\n\n\n\n<p>El error de la tesis colonial lo pagan caro los palestinos. Piensan que utilizando la tesis de Franz Fannon de la violencia anticolonialista obligar\u00e1n al colonialista a replegarse. No entendieron a Israel. Israel no es Am\u00e9rica en Vietnam ni Francia en Argelia. Tiene la convicci\u00f3n del Vietcong y del FLN argelino pero con tremendo podermilitar. Perom\u00e1s que ello siempre conviene invocar que los jud\u00edos aceptaron el derecho de los palestinos a autodeterminarse ya en el 1947.<\/p>\n\n\n\n<p>Tambi\u00e9n en los a\u00f1os 2000 en Camp David y Taba aceptaron la posibilidad de que se crease un estado palestino. Los que dijeron que no fueron los mismos palestinos.<\/p>\n\n\n\n<p><strong>\u2013\u00bfHay antisemitismo en la izquierda europea?<\/strong><\/p>\n\n\n\n<p>En gran medida s\u00ed. Y ello no por la cr\u00edtica justa que hay contra Israel en cuanto a lo que se puede&nbsp; definir como el exceso de su reacci\u00f3n militar. Nadie en el mundo puede pasar desapercibidas las im\u00e1genes del sufrimiento de Gaza. Pero eso no tiene nada que ver con las cr\u00edticas de la izquierda europea o americana \u2018woke\u2019. Lo que terminar\u00e1 destruyendo a la izquierda es el \u2018islamogauchismo\u2019 de hoy que da apoyo directo o indirecto al reaccionarismo fundamentalista de Ham\u00e1s.<\/p>\n\n\n\n<p><strong>\u2013La idea de que Israel ha cometido un genocidio en Gaza est\u00e1 muy asentada en Euskadi&#8230;<\/strong><\/p>\n\n\n\n<p>Creo que no se puede hablar de genocidio cuando hasta un 20% de la ciudadan\u00eda israeli es \u00e1rabe y palestina. O cuando 700.000 palestinos viven en Cisjordania.<\/p>\n\n\n\n<p><strong>\u2013Pero con m\u00e1s de 60.000 muertos en Gaza, muchos de ellos ni\u00f1os, si no es genocidio, \u00bfse le parece no?<\/strong><\/p>\n\n\n\n<p>No tengo datos pero el sentido com\u00fan me hace ver que ha habido muchos excesos que deber\u00edan ser juzgados, aunque no creo que haya habido \u00f3rdenes de actuar adrede. Tambi\u00e9n se ha visto la hist\u00f3rica doctrina de seguridad israel\u00ed que desde un principio ha estado basada en la desproporcionalidad m\u00e1s absoluta.<\/p>\n\n\n\n<p><strong>\u2013Israel ha perdido la batalla en el tribunal de la opini\u00f3n p\u00fablica internacional. \u00bfHay vuelta atr\u00e1s?<\/strong><\/p>\n\n\n\n<p>Esa batalla est\u00e1 totalmente perdida. Por lo menos de la opini\u00f3n p\u00fablica que nos interesa a nosotros, que siempre oscilamos entre liberales e izquierda. Pero hay otra opini\u00f3n p\u00fablica oculta y no tan oculta que puede llegar a ser dominante en el mundo occidental.&nbsp; Y esa opini\u00f3n p\u00fablica que no se manifiesta pero est\u00e1 ah\u00ed es muy pro Israel. No son los mejores amigos pero es lo que hay.<\/p>\n\n\n\n<p><strong>\u2013\u00bfQu\u00e9 efecto tendr\u00e1 el embargo de armas a Israel desde Espa\u00f1a?<\/strong><\/p>\n\n\n\n<p>Pienso que ser\u00e1 irrelevante.<\/p>\n\n\n\n<p><strong>ALBERTO SURIO SAN SEBASTI\u00c1N<\/strong><\/p>\n<!-- AddThis Advanced Settings generic via filter on the_content --><!-- AddThis Share Buttons generic via filter on the_content -->","protected":false},"excerpt":{"rendered":"<p>Mi\u00e9rcoles 29 de octubre de 2025 Alberto Spektorowski. Miembro del Grupo Internacional de Contacto que impuls\u00f3 al di\u00e1logo con ETA Alberto Spektorowski \u2013nacido en Montevideo (Uruguay) en 1952\u2013 es profesor de Ciencias Pol\u00edticas de la Universidad de Tel Aviv y form\u00f3parte del denominado Grupo internacional&nbsp;&nbsp;&nbsp;&nbsp;&nbsp;&nbsp;&nbsp;&nbsp; de Contacto liderado por Brian Currin que trabaj\u00f3 por un &hellip; <a href=\"https:\/\/blogs.deia.eus\/anasagasti\/2025\/10\/29\/hamas-deberia-hacer-exactamente-lo-que-hizo-eta-desarmarse\/\" class=\"more-link\">Sigue leyendo <span class=\"screen-reader-text\">\u00abHAM\u00c1S DEBER\u00cdA HACER EXACTAMENTE LO QUE HIZO ETA: DESARMARSE\u00bb<\/span><\/a><!-- AddThis Advanced Settings generic via filter on get_the_excerpt --><!-- AddThis Share Buttons generic via filter on get_the_excerpt --><\/p>\n","protected":false},"author":19,"featured_media":0,"comment_status":"open","ping_status":"open","sticky":false,"template":"","format":"standard","meta":{"footnotes":""},"categories":[1],"tags":[],"class_list":["post-21021","post","type-post","status-publish","format-standard","hentry","category-general"],"_links":{"self":[{"href":"https:\/\/blogs.deia.eus\/anasagasti\/wp-json\/wp\/v2\/posts\/21021","targetHints":{"allow":["GET"]}}],"collection":[{"href":"https:\/\/blogs.deia.eus\/anasagasti\/wp-json\/wp\/v2\/posts"}],"about":[{"href":"https:\/\/blogs.deia.eus\/anasagasti\/wp-json\/wp\/v2\/types\/post"}],"author":[{"embeddable":true,"href":"https:\/\/blogs.deia.eus\/anasagasti\/wp-json\/wp\/v2\/users\/19"}],"replies":[{"embeddable":true,"href":"https:\/\/blogs.deia.eus\/anasagasti\/wp-json\/wp\/v2\/comments?post=21021"}],"version-history":[{"count":1,"href":"https:\/\/blogs.deia.eus\/anasagasti\/wp-json\/wp\/v2\/posts\/21021\/revisions"}],"predecessor-version":[{"id":21023,"href":"https:\/\/blogs.deia.eus\/anasagasti\/wp-json\/wp\/v2\/posts\/21021\/revisions\/21023"}],"wp:attachment":[{"href":"https:\/\/blogs.deia.eus\/anasagasti\/wp-json\/wp\/v2\/media?parent=21021"}],"wp:term":[{"taxonomy":"category","embeddable":true,"href":"https:\/\/blogs.deia.eus\/anasagasti\/wp-json\/wp\/v2\/categories?post=21021"},{"taxonomy":"post_tag","embeddable":true,"href":"https:\/\/blogs.deia.eus\/anasagasti\/wp-json\/wp\/v2\/tags?post=21021"}],"curies":[{"name":"wp","href":"https:\/\/api.w.org\/{rel}","templated":true}]}}