{"id":21024,"date":"2025-10-30T10:38:18","date_gmt":"2025-10-30T08:38:18","guid":{"rendered":"https:\/\/blogs.deia.eus\/anasagasti\/?p=21024"},"modified":"2025-10-30T10:41:10","modified_gmt":"2025-10-30T08:41:10","slug":"el-hijo-adoptivo-de-franco-esta-triste-y-pide-carino","status":"publish","type":"post","link":"https:\/\/blogs.deia.eus\/anasagasti\/2025\/10\/30\/el-hijo-adoptivo-de-franco-esta-triste-y-pide-carino\/","title":{"rendered":"EL HIJO ADOPTIVO DE FRANCO EST\u00c1 TRISTE Y PIDE CARI\u00d1O"},"content":{"rendered":"\n<p><strong>Jueves 30 de octubre de 2025<\/strong><\/p>\n\n\n<div class=\"wp-block-image\">\n<figure class=\"aligncenter size-full is-resized\"><a href=\"https:\/\/blogs.deia.eus\/anasagasti\/files\/2025\/10\/Juan-Carlos-I-riendose.jpg\"><img loading=\"lazy\" decoding=\"async\" width=\"267\" height=\"285\" src=\"https:\/\/blogs.deia.eus\/anasagasti\/files\/2025\/10\/Juan-Carlos-I-riendose.jpg\" alt=\"\" class=\"wp-image-21025\" style=\"width:483px;height:auto\" \/><\/a><\/figure>\n<\/div>\n\n\n<p>Est\u00e1 el em\u00e9rito en clave de escritor reivindicativo a punto de presentar unas memorias en las que se pone de v\u00edctima y dice que trajo la libertad a Espa\u00f1a a pesar de lo cual, \u00e9l nunca ha sido libre. Pues buenos paseos se da por Sanxenxo con sus amigotes.<\/p>\n\n\n\n<p>Lo dice en &nbsp;plan lacrim\u00f3geno, doli\u00e9ndose de las cr\u00edticas teniendo en cuenta lo todo lo dado y se ha sacrificado por Espa\u00f1a. De la entrega del Sahara a Marruecos, del 23 F, las comisiones, sus amantes, y las corruptelas, no s\u00e9 si dir\u00e1 mucho, yo creo que nada, para decirnos a continuaci\u00f3n que su mujer Sof\u00eda no le visita y que \u00e9l, tras cuarenta a\u00f1os de duro trabajo, no cobra pensi\u00f3n. Pobrecito.<\/p>\n\n\n\n<p>Lo curioso es que tras haber hablado de libertad, se pone a dar loas a Franco, uno de los mayores asesinos de ciudadanos de toda la historia y contrario a todo tipo de libertades (\u00bfy las v\u00edctimas\u2026?). Bien gracias.<\/p>\n\n\n\n<p>Sus ac\u00f3litos nos dicen que son \u00e9stas las contradicciones con las que viven, no dichas siquiera con poca diferencia de tiempo, sino casi casi en la misma frase, que aqu\u00ed todo cabe, esta es una diferencia notable con las monarqu\u00edas europeas, que lucharon contra el fascismo y no fueron reinstaurados por el mismo dictador. Como si Hitler hubiera puesto de nuevo en el trono a familiares del K\u00e1iser y Mussolini a los Saboya.<\/p>\n\n\n\n<p>Por otro lado aqu\u00ed hay un art\u00edculo sobre algunos de los bares de Espa\u00f1a, en los que se ensalza el fascismo, la dictadura y el franquismo (\u00bfy las v\u00edctimas\u2026?), \u00bfse imagina alguien algo similar, solo que cambiando la palabra Franco por la palabra ETA?.<\/p>\n\n\n\n<figure class=\"wp-block-embed is-type-wp-embed is-provider-nr-periodismo-alternativo wp-block-embed-nr-periodismo-alternativo\"><div class=\"wp-block-embed__wrapper\">\n<blockquote class=\"wp-embedded-content\" data-secret=\"yaWQvqRPEL\"><a href=\"https:\/\/nuevarevolucion.es\/bares-y-ocio-neo-fascista-en-espana\/\">Bares y ocio neo fascista en Espa\u00f1a<\/a><\/blockquote><iframe loading=\"lazy\" class=\"wp-embedded-content\" sandbox=\"allow-scripts\" security=\"restricted\" style=\"position: absolute; visibility: hidden;\" title=\"\u00abBares y ocio neo fascista en Espa\u00f1a\u00bb \u2014 NR | Periodismo alternativo\" src=\"https:\/\/nuevarevolucion.es\/bares-y-ocio-neo-fascista-en-espana\/embed\/#?secret=6cS0cxFHR0#?secret=yaWQvqRPEL\" data-secret=\"yaWQvqRPEL\" width=\"600\" height=\"338\" frameborder=\"0\" marginwidth=\"0\" marginheight=\"0\" scrolling=\"no\"><\/iframe>\n<\/div><\/figure>\n\n\n\n<p>A todo esto hay que sumarle el r\u00e9cord mundial de fosas comunes de republicanos y gudaris y milicianos &nbsp;sin desenterrar o el auge de VOX (incluso entre los j\u00f3venes espa\u00f1oles\u2026) o negacionistas de la barbarie franquista que presiden municipios, provincias, comunidades aut\u00f3nomas, etc.<\/p>\n\n\n\n<p>Y frente a todo esto (y muchas m\u00e1s cosas), \u00bfqu\u00e9 dice la presunta intelectualidad espa\u00f1ola?. No existe como tal. Son mudos. Y eso &nbsp;tras d\u00e9cadas de lo que se supone democracia.<\/p>\n\n\n\n<p>Este conjunto de cosas, te recuerda aquello dicho por unos respecto a otros, de \u00ab\u00bfEsta es una sociedad enferma?\u00bb, esto es \u00abEl mundo del rev\u00e9s\u00bb.<\/p>\n\n\n\n<p>Y luego lo llamar\u00e1n, \u00abLeyenda negra\u00bb\u2026.<\/p>\n\n\n\n<p><strong>Sin remedio<\/strong><\/p>\n<!-- AddThis Advanced Settings generic via filter on the_content --><!-- AddThis Share Buttons generic via filter on the_content -->","protected":false},"excerpt":{"rendered":"<p>Jueves 30 de octubre de 2025 Est\u00e1 el em\u00e9rito en clave de escritor reivindicativo a punto de presentar unas memorias en las que se pone de v\u00edctima y dice que trajo la libertad a Espa\u00f1a a pesar de lo cual, \u00e9l nunca ha sido libre. Pues buenos paseos se da por Sanxenxo con sus amigotes. &hellip; <a href=\"https:\/\/blogs.deia.eus\/anasagasti\/2025\/10\/30\/el-hijo-adoptivo-de-franco-esta-triste-y-pide-carino\/\" class=\"more-link\">Sigue leyendo <span class=\"screen-reader-text\">EL HIJO ADOPTIVO DE FRANCO EST\u00c1 TRISTE Y PIDE CARI\u00d1O<\/span><\/a><!-- AddThis Advanced Settings generic via filter on get_the_excerpt --><!-- AddThis Share Buttons generic via filter on get_the_excerpt --><\/p>\n","protected":false},"author":19,"featured_media":0,"comment_status":"open","ping_status":"open","sticky":false,"template":"","format":"standard","meta":{"footnotes":""},"categories":[1],"tags":[],"class_list":["post-21024","post","type-post","status-publish","format-standard","hentry","category-general"],"_links":{"self":[{"href":"https:\/\/blogs.deia.eus\/anasagasti\/wp-json\/wp\/v2\/posts\/21024","targetHints":{"allow":["GET"]}}],"collection":[{"href":"https:\/\/blogs.deia.eus\/anasagasti\/wp-json\/wp\/v2\/posts"}],"about":[{"href":"https:\/\/blogs.deia.eus\/anasagasti\/wp-json\/wp\/v2\/types\/post"}],"author":[{"embeddable":true,"href":"https:\/\/blogs.deia.eus\/anasagasti\/wp-json\/wp\/v2\/users\/19"}],"replies":[{"embeddable":true,"href":"https:\/\/blogs.deia.eus\/anasagasti\/wp-json\/wp\/v2\/comments?post=21024"}],"version-history":[{"count":2,"href":"https:\/\/blogs.deia.eus\/anasagasti\/wp-json\/wp\/v2\/posts\/21024\/revisions"}],"predecessor-version":[{"id":21027,"href":"https:\/\/blogs.deia.eus\/anasagasti\/wp-json\/wp\/v2\/posts\/21024\/revisions\/21027"}],"wp:attachment":[{"href":"https:\/\/blogs.deia.eus\/anasagasti\/wp-json\/wp\/v2\/media?parent=21024"}],"wp:term":[{"taxonomy":"category","embeddable":true,"href":"https:\/\/blogs.deia.eus\/anasagasti\/wp-json\/wp\/v2\/categories?post=21024"},{"taxonomy":"post_tag","embeddable":true,"href":"https:\/\/blogs.deia.eus\/anasagasti\/wp-json\/wp\/v2\/tags?post=21024"}],"curies":[{"name":"wp","href":"https:\/\/api.w.org\/{rel}","templated":true}]}}