{"id":21028,"date":"2025-10-31T10:34:02","date_gmt":"2025-10-31T08:34:02","guid":{"rendered":"https:\/\/blogs.deia.eus\/anasagasti\/?p=21028"},"modified":"2025-10-31T10:34:02","modified_gmt":"2025-10-31T08:34:02","slug":"sindicalismo-de-trinchera","status":"publish","type":"post","link":"https:\/\/blogs.deia.eus\/anasagasti\/2025\/10\/31\/sindicalismo-de-trinchera\/","title":{"rendered":"SINDICALISMO DE TRINCHERA"},"content":{"rendered":"\n<p><strong>Viernes 31 de octubre de 2025<\/strong><\/p>\n\n\n<div class=\"wp-block-image\">\n<figure class=\"aligncenter size-full\"><a href=\"https:\/\/blogs.deia.eus\/anasagasti\/files\/2025\/10\/251-huelgas.jpg\"><img loading=\"lazy\" decoding=\"async\" width=\"499\" height=\"1024\" src=\"https:\/\/blogs.deia.eus\/anasagasti\/files\/2025\/10\/251-huelgas.jpg\" alt=\"\" class=\"wp-image-21029\" \/><\/a><\/figure>\n<\/div>\n\n\n<p>La foto y el t\u00edtulo lo dicen todo. Es de la entrevista que le han hecho en el \u00faltimo n\u00famero de Landeia, la revista de ELA-STV, la termita sindical que padecemos los vascos. Y es que una cosa es la necesaria defensa de los trabajadores y otro ese grito de guerra de la \u201chuelga por la huelga\u201d ratificado en este horror de titular tan disolvente y destructivo.<\/p>\n\n\n\n<p>Unai Mart\u00ednez, secretario general de Industria eta Erakuntza de ELA no se vanagloria del trabajo hecho para mejorar la vida de los trabajadores vascos sino de las 251 huelgas que han organizado, fundamentalmente contra el Gobierno Vasco, la empresa vasca y el PNV. A confesi\u00f3n de parte, relevo de pruebas.<\/p>\n\n\n\n<p>Gente destructiva, nada constructiva. Ese titular lo dice todo.<\/p>\n<!-- AddThis Advanced Settings generic via filter on the_content --><!-- AddThis Share Buttons generic via filter on the_content -->","protected":false},"excerpt":{"rendered":"<p>Viernes 31 de octubre de 2025 La foto y el t\u00edtulo lo dicen todo. Es de la entrevista que le han hecho en el \u00faltimo n\u00famero de Landeia, la revista de ELA-STV, la termita sindical que padecemos los vascos. Y es que una cosa es la necesaria defensa de los trabajadores y otro ese grito &hellip; <a href=\"https:\/\/blogs.deia.eus\/anasagasti\/2025\/10\/31\/sindicalismo-de-trinchera\/\" class=\"more-link\">Sigue leyendo <span class=\"screen-reader-text\">SINDICALISMO DE TRINCHERA<\/span><\/a><!-- AddThis Advanced Settings generic via filter on get_the_excerpt --><!-- AddThis Share Buttons generic via filter on get_the_excerpt --><\/p>\n","protected":false},"author":19,"featured_media":0,"comment_status":"open","ping_status":"open","sticky":false,"template":"","format":"standard","meta":{"footnotes":""},"categories":[1],"tags":[],"class_list":["post-21028","post","type-post","status-publish","format-standard","hentry","category-general"],"_links":{"self":[{"href":"https:\/\/blogs.deia.eus\/anasagasti\/wp-json\/wp\/v2\/posts\/21028","targetHints":{"allow":["GET"]}}],"collection":[{"href":"https:\/\/blogs.deia.eus\/anasagasti\/wp-json\/wp\/v2\/posts"}],"about":[{"href":"https:\/\/blogs.deia.eus\/anasagasti\/wp-json\/wp\/v2\/types\/post"}],"author":[{"embeddable":true,"href":"https:\/\/blogs.deia.eus\/anasagasti\/wp-json\/wp\/v2\/users\/19"}],"replies":[{"embeddable":true,"href":"https:\/\/blogs.deia.eus\/anasagasti\/wp-json\/wp\/v2\/comments?post=21028"}],"version-history":[{"count":1,"href":"https:\/\/blogs.deia.eus\/anasagasti\/wp-json\/wp\/v2\/posts\/21028\/revisions"}],"predecessor-version":[{"id":21030,"href":"https:\/\/blogs.deia.eus\/anasagasti\/wp-json\/wp\/v2\/posts\/21028\/revisions\/21030"}],"wp:attachment":[{"href":"https:\/\/blogs.deia.eus\/anasagasti\/wp-json\/wp\/v2\/media?parent=21028"}],"wp:term":[{"taxonomy":"category","embeddable":true,"href":"https:\/\/blogs.deia.eus\/anasagasti\/wp-json\/wp\/v2\/categories?post=21028"},{"taxonomy":"post_tag","embeddable":true,"href":"https:\/\/blogs.deia.eus\/anasagasti\/wp-json\/wp\/v2\/tags?post=21028"}],"curies":[{"name":"wp","href":"https:\/\/api.w.org\/{rel}","templated":true}]}}