{"id":21032,"date":"2025-11-01T09:50:19","date_gmt":"2025-11-01T07:50:19","guid":{"rendered":"https:\/\/blogs.deia.eus\/anasagasti\/?p=21032"},"modified":"2025-11-01T09:50:19","modified_gmt":"2025-11-01T07:50:19","slug":"el-4-de-la-poblacion-y-el-50-de-las-huelgas","status":"publish","type":"post","link":"https:\/\/blogs.deia.eus\/anasagasti\/2025\/11\/01\/el-4-de-la-poblacion-y-el-50-de-las-huelgas\/","title":{"rendered":"EL 4% DE LA POBLACI\u00d3N Y EL 50% DE LAS HUELGAS"},"content":{"rendered":"\n<p><strong>S\u00e1bado 1 de noviembre de 2025<\/strong><\/p>\n\n\n<div class=\"wp-block-image\">\n<figure class=\"aligncenter size-large\"><a href=\"https:\/\/blogs.deia.eus\/anasagasti\/files\/2025\/11\/MANZANA-Y-GUSANOS.jpg\"><img loading=\"lazy\" decoding=\"async\" width=\"940\" height=\"1317\" src=\"https:\/\/blogs.deia.eus\/anasagasti\/files\/2025\/11\/MANZANA-Y-GUSANOS-940x1317.jpg\" alt=\"\" class=\"wp-image-21033\" srcset=\"https:\/\/blogs.deia.eus\/anasagasti\/files\/2025\/11\/MANZANA-Y-GUSANOS-940x1317.jpg 940w, https:\/\/blogs.deia.eus\/anasagasti\/files\/2025\/11\/MANZANA-Y-GUSANOS-580x813.jpg 580w, https:\/\/blogs.deia.eus\/anasagasti\/files\/2025\/11\/MANZANA-Y-GUSANOS-768x1076.jpg 768w, https:\/\/blogs.deia.eus\/anasagasti\/files\/2025\/11\/MANZANA-Y-GUSANOS-1096x1536.jpg 1096w, https:\/\/blogs.deia.eus\/anasagasti\/files\/2025\/11\/MANZANA-Y-GUSANOS.jpg 1142w\" sizes=\"auto, (max-width: 940px) 100vw, 940px\" \/><\/a><\/figure>\n<\/div>\n\n\n<p>Ayer publiqu\u00e9 un post con el titular de LANDEIA de una entrevista a&nbsp; Unai Mart\u00ednez, secretario&nbsp; general de la Federaci\u00f3n de Industria&nbsp;&nbsp; de ELA y que se jactaba de sus huelgas con \u00e9ste muy descriptivo y tr\u00e1gico titular: \u201cDesde el anterior Congreso hemos convocado 251 huelgas\u201d.&nbsp;&nbsp;&nbsp;&nbsp;&nbsp;<\/p>\n\n\n\n<p>Reproduzco tres comentarios que me han llegado:<\/p>\n\n\n\n<p><strong>Juan Luis Etxebarria:<\/strong><\/p>\n\n\n\n<p>He estado 25 a\u00f1os afiliado a ELA, he sido delegado sindical del sindicato, por mucho que se definan como muy democr\u00e1ticos, puedo dar fe de que nunca se consult\u00f3 a las bases ninguna decisi\u00f3n estrat\u00e9gica, hablan de la clase pol\u00edtica pero el puesto de secretario general es vitalicio porque controlan el sindicato de arriba a abajo, a ELA las huelgas le sirven como autogeneraci\u00f3n de afiliados y cuotas<\/p>\n\n\n\n<p><strong>Zaldiaran:<\/strong><\/p>\n\n\n\n<p>El problema de las huelgas, es que muy probablemente est\u00e9n quitando ganas de invertir en el pa\u00eds, esto ya lo sufrimos en la inversi\u00f3n de nuevas o instaladas empresas.<\/p>\n\n\n\n<p>Pero obviamente, a nadie se le escapa que si el 4% de la poblaci\u00f3n provoca el 50% de las huelgas en el estado. Esto no nos convierte en un sitio atractivo de inversi\u00f3n. Por lo que solo las empresas que lo ven muy claro invierten en Euskadi, o las muy tecnol\u00f3gicas donde los costos laborales, no son lo m\u00e1s importante.<\/p>\n\n\n\n<p>La pregunta es si\u00bf son todas las empresas tan tecnol\u00f3gicas? Las empresas que las hay, donde el costo laboral en el final del producto es muy importante, \u00bfpueden sentirse atra\u00eddas por invertir en Euskadi? La respuesta es NO.<\/p>\n\n\n\n<p>Por lo que, nos estamos convirtiendo solo en receptoras de empresas de alto valor tecnol\u00f3gico, pero hay muchos trabajadores que no tienen la aptitud para entrar en esas empresas, ya no hablo de actitud. Por lo que si no est\u00e1s formado para ese tipo de empresas, \u00bfque pasar\u00e1 con esos trabajadores que cada d\u00eda tendr\u00e1n menos opciones de encontrar trabajo en nuestro pa\u00eds?.<\/p>\n\n\n\n<p>Pasar\u00e1 que tendremos un problema. No digo que no haya huelgas justas, que no haya situaciones injustas. Siempre las hay y es justo reconocerlo. Pero ser el 4% de la poblaci\u00f3n y tener el 50% de las huelgas, no nos lleva a buen lugar.<\/p>\n\n\n\n<p>.<\/p>\n\n\n\n<p>Solo podr\u00e1n aguantar aquellas muy tecnol\u00f3gicas, donde desde una torre de mando, 2-3 personas por turno + 1 de mantenimiento por turno manejar\u00e1n toda la cadena de producci\u00f3n. Esto ya es as\u00ed en muchos casos, pero no en todos. All\u00e1 ELA con su estrategia, espero que dentro de 20 a\u00f1os que pasan pitando expliquen bien porque no tenemos un tipo de empresas.<\/p>\n\n\n\n<p><strong>Larry:<\/strong><\/p>\n\n\n\n<p>Hombre, China combina un modelo econ\u00f3mico ya capitalista puro y duro con un r\u00e9gimen autoritario. Gracias a ello, y su enorme tama\u00f1o y volumen de poblaci\u00f3n, son ya la potencia econ\u00f3mica dominante ya que puede producir a destajo y competir en precio al imponer unas condiciones laborales precarias (tiempos de trabajo, salarios\u2026) sin que nadie puede decir ni m\u00fa &nbsp;(precisamente porque el r\u00e9gimen autoritario reprime cualquier protesta).<br>Me sorprende que se defienda aqu\u00ed la acci\u00f3n y presi\u00f3n sindical para la mejora de las condiciones laborales pero se manifieste la preferencia por un r\u00e9gimen econ\u00f3mico que se basa en la ausencia de derechos laborales y la represi\u00f3n de cualquier reivindicaci\u00f3n.<br>Del terreno pol\u00edtico ni hablamos; a ver qui\u00e9n es el guapo que se va a Pek\u00edn a manifestarse por la autodeterminaci\u00f3n del pueblo del Tibet.<br>Y eso es extensible a muchos aspectos de libertades sociales y civiles, comunidad LGTB, etc.<\/p>\n\n\n\n<p>Es habitual que haya quien gozando en occidente de un nivel y estilo de vida y consumo burgu\u00e9s, y de un alto nivel de libertades pol\u00edticas (opini\u00f3n, expresi\u00f3n, manifestaci\u00f3n, asociaci\u00f3n, participaci\u00f3n pol\u00edtica), reniegue (otra cosa es la cr\u00edtica y la petici\u00f3n de mejoras) de ese modelo y sistema que le proporciona todo ello y admire modelos en los que todo eso no existe. Se aprovechan (con todo el derecho) de las libertades de las que gozan en el sistema en el que viven para atacarlo poniendo de referencia modelos que no reconocen esas libertades.<\/p>\n\n\n\n<p>Por supuesto que \u00aboccidente\u00bb es responsable de una historia de atrocidades, colonialismo, imperialismo, explotaci\u00f3n de otros pueblos. Cierto.<br>Sucede que eso ocurri\u00f3 tambi\u00e9n, antes de la llegada de los europeos, entre los propios pueblos precolombinos (que tambi\u00e9n hab\u00eda pueblos o imperios que esclavizaban al resto), y ha habido imperios persas, mogoles, zul\u00fas\u2026vamos\u2026que es una constante en todas las culturas; occidente se ha impuesto en base a su superioridad tecnol\u00f3gico-militar (que no fue siempre as\u00ed).<\/p>\n\n\n\n<p>Pero al mismo tiempo, occidente a trav\u00e9s de muchas guerras, dolor, represiones, revoluciones, mucho trabajo intelectual de muchos pensadores, superaci\u00f3n de la uni\u00f3n Iglesia-Estado\u2026.s\u00ed ha desarrollado un sistema de libertades con muchas virtudes que hay que valorar (m\u00e1s cuando lo vemos ahora en riesgo desde dentro).<\/p>\n\n\n\n<p>As\u00ed que s\u00ed; no veo un modelo mejor actualmente en ning\u00fan otro \u00e1mbito o cultura. \u00bfCu\u00e1l?<br>Lo que no acierto a ver si esto es de derechas o de izquierdas (las tesis de izquierda tambi\u00e9n nacen del modelo pol\u00edtico occidental y son desarrollables en el mismo; no lo son en el modelo isl\u00e1mico, por ejemplo), si bien lo de las etiquetas me resbala bastante.<\/p>\n<!-- AddThis Advanced Settings generic via filter on the_content --><!-- AddThis Share Buttons generic via filter on the_content -->","protected":false},"excerpt":{"rendered":"<p>S\u00e1bado 1 de noviembre de 2025 Ayer publiqu\u00e9 un post con el titular de LANDEIA de una entrevista a&nbsp; Unai Mart\u00ednez, secretario&nbsp; general de la Federaci\u00f3n de Industria&nbsp;&nbsp; de ELA y que se jactaba de sus huelgas con \u00e9ste muy descriptivo y tr\u00e1gico titular: \u201cDesde el anterior Congreso hemos convocado 251 huelgas\u201d.&nbsp;&nbsp;&nbsp;&nbsp;&nbsp; Reproduzco tres comentarios &hellip; <a href=\"https:\/\/blogs.deia.eus\/anasagasti\/2025\/11\/01\/el-4-de-la-poblacion-y-el-50-de-las-huelgas\/\" class=\"more-link\">Sigue leyendo <span class=\"screen-reader-text\">EL 4% DE LA POBLACI\u00d3N Y EL 50% DE LAS HUELGAS<\/span><\/a><!-- AddThis Advanced Settings generic via filter on get_the_excerpt --><!-- AddThis Share Buttons generic via filter on get_the_excerpt --><\/p>\n","protected":false},"author":19,"featured_media":0,"comment_status":"open","ping_status":"open","sticky":false,"template":"","format":"standard","meta":{"footnotes":""},"categories":[1],"tags":[],"class_list":["post-21032","post","type-post","status-publish","format-standard","hentry","category-general"],"_links":{"self":[{"href":"https:\/\/blogs.deia.eus\/anasagasti\/wp-json\/wp\/v2\/posts\/21032","targetHints":{"allow":["GET"]}}],"collection":[{"href":"https:\/\/blogs.deia.eus\/anasagasti\/wp-json\/wp\/v2\/posts"}],"about":[{"href":"https:\/\/blogs.deia.eus\/anasagasti\/wp-json\/wp\/v2\/types\/post"}],"author":[{"embeddable":true,"href":"https:\/\/blogs.deia.eus\/anasagasti\/wp-json\/wp\/v2\/users\/19"}],"replies":[{"embeddable":true,"href":"https:\/\/blogs.deia.eus\/anasagasti\/wp-json\/wp\/v2\/comments?post=21032"}],"version-history":[{"count":1,"href":"https:\/\/blogs.deia.eus\/anasagasti\/wp-json\/wp\/v2\/posts\/21032\/revisions"}],"predecessor-version":[{"id":21034,"href":"https:\/\/blogs.deia.eus\/anasagasti\/wp-json\/wp\/v2\/posts\/21032\/revisions\/21034"}],"wp:attachment":[{"href":"https:\/\/blogs.deia.eus\/anasagasti\/wp-json\/wp\/v2\/media?parent=21032"}],"wp:term":[{"taxonomy":"category","embeddable":true,"href":"https:\/\/blogs.deia.eus\/anasagasti\/wp-json\/wp\/v2\/categories?post=21032"},{"taxonomy":"post_tag","embeddable":true,"href":"https:\/\/blogs.deia.eus\/anasagasti\/wp-json\/wp\/v2\/tags?post=21032"}],"curies":[{"name":"wp","href":"https:\/\/api.w.org\/{rel}","templated":true}]}}