{"id":21039,"date":"2025-11-02T22:35:50","date_gmt":"2025-11-02T20:35:50","guid":{"rendered":"https:\/\/blogs.deia.eus\/anasagasti\/?p=21039"},"modified":"2025-11-02T22:35:50","modified_gmt":"2025-11-02T20:35:50","slug":"se-acordaran-de-ivan-illarramendi","status":"publish","type":"post","link":"https:\/\/blogs.deia.eus\/anasagasti\/2025\/11\/02\/se-acordaran-de-ivan-illarramendi\/","title":{"rendered":"\u00bfSE ACORDAR\u00c1N DE IVAN ILLARRAMENDI?."},"content":{"rendered":"\n<p><strong>Domingo 2 de noviembre de 2025<\/strong><\/p>\n\n\n<div class=\"wp-block-image\">\n<figure class=\"aligncenter size-full\"><a href=\"https:\/\/blogs.deia.eus\/anasagasti\/files\/2025\/11\/Euzkadi_Palestina_Futbol.jpg\"><img loading=\"lazy\" decoding=\"async\" width=\"904\" height=\"1280\" src=\"https:\/\/blogs.deia.eus\/anasagasti\/files\/2025\/11\/Euzkadi_Palestina_Futbol.jpg\" alt=\"\" class=\"wp-image-21040\" srcset=\"https:\/\/blogs.deia.eus\/anasagasti\/files\/2025\/11\/Euzkadi_Palestina_Futbol.jpg 904w, https:\/\/blogs.deia.eus\/anasagasti\/files\/2025\/11\/Euzkadi_Palestina_Futbol-580x821.jpg 580w, https:\/\/blogs.deia.eus\/anasagasti\/files\/2025\/11\/Euzkadi_Palestina_Futbol-768x1087.jpg 768w\" sizes=\"auto, (max-width: 904px) 100vw, 904px\" \/><\/a><\/figure>\n<\/div>\n\n\n<p>El pr\u00f3ximo 15 de noviembre se celebrar\u00e1 un partido de f\u00fatbol entre la Selecci\u00f3n de Euzkadi (con ese nombre naci\u00f3 en 1937) y la Selecci\u00f3n Palestina en San Mam\u00e9s. Se trata de un partido solidario contra un pueblo masacrado por un ej\u00e9rcito y un primer ministro israel\u00ed acusado en el Tribunal de la Haya de \u201ccriminal de guerra\u201d y en su pa\u00eds de corrupto. Todo el odio y el fuego han ca\u00eddo\u00a0 sobre Gaza desde 2023.<\/p>\n\n\n\n<p>Nada que objetar a la solidaridad vasca siempre y cuando no sea de un solo canal. Ah\u00ed est\u00e1n los ucranianos, los saharauis y tantas causas que requieren &nbsp;asimismo denuncia y solidaridad. A m\u00ed la solidaridad hemipl\u00e9jica me dice que de alguna manera se justifica a Hamas. Y si no, que lo digan.<\/p>\n\n\n\n<p>Por eso pregunto si tambi\u00e9n se va a denunciar el ataque de Hamas el 7 de octubre de 2023 contra Israel que caus\u00f3 m\u00e1s de 1.200 muertos en las residencias israel\u00edes cercanas a la frontera con Gaza y donde viv\u00eda Ivan Illarramendi que habitaba&nbsp; en el kibutz Kisufin, al sur de Israel. Viv\u00eda feliz&nbsp; con Dafna hasta cuando una horda de terroristas de Ham\u00e1s penetr\u00f3 un s\u00e1bado festivo&nbsp; por la ma\u00f1ana&nbsp; muriendo&nbsp; como consecuencia de que prendieron fuego a la vivienda con ellos dentro. Una barbaridad impresionante.<\/p>\n\n\n\n<p>Lo digo porque Ivan era de Zarautz y que yo sepa fue el \u00fanico vasco en aquella masacre. Si, ya s\u00e9 que el n\u00famero de muertos palestinos ronda los setenta mil y eso es un horror, pero tengamos claro que todas las libertades son solidarias&nbsp;&nbsp; y que este genocidio comienza cuando Hamas da la patada al avispero sabiendo lo que iba a ocurrir. Alguien que quiere a su pueblo no le pone en semejante disyuntiva de muerte y destrucci\u00f3n como respuesta.<\/p>\n\n\n\n<p>Lo digo porque, al d\u00eda siguiente de que se lograra un alto el fuego (que no ha sido tal) pero lleva camino de ello, los de siempre decretaron un ins\u00f3lito paro&nbsp; con car\u00e1cter general hace menos de un mes con ELA encabezando manifestaciones en Euzkadi. Fue lo m\u00e1s absurdo e incre\u00edble como muestra de solidaridad. Fue &nbsp;el colmo de ese mundo sicod\u00e9lico que solo ve enemigos en una parte.<\/p>\n\n\n\n<p>No me gusta lo que estoy viendo y menos este anuncio y lo denuncio al comprobar que en el llamamiento se haya prescindido de la ikurri\u00f1a en el anuncio del partido en San Mam\u00e9s. La ikurri\u00f1a representa a los siete territorios vascos y el que no se haya enterado significa que lo hace de mala fe. \u00bfA qu\u00e9 viene el lauburu?. \u00bfA recordar la esv\u00e1stica y dar pienso a la extrema derecha inculta?.<\/p>\n\n\n\n<p>Tampoco me gusta nada se haya suprimido el nombre de Euskal Selekzioa &nbsp;&nbsp;nombre pactado y logrado &nbsp;tras muchos enfrentamientos en el pasado con &nbsp;los mismos que quieren cargarse toda la hist\u00f3rica simbolog\u00eda de este pueblo amasada en sangre y mucha persecuci\u00f3n. Nos quieren dar a entender que la historia empieza con ellos en 1960 y eso no es verdad y no podemos ni debemos caer en esa trampa, ni permitirlo.<\/p>\n\n\n\n<p>Y me preocupa con semejante intencionalidad anti PNV en la simbolog\u00eda, el que por mucho que estemos de acuerdo con la causa &nbsp;Palestina nos quieran tergiversar y manipular una acci\u00f3n positiva&nbsp; e ignorar&nbsp; el &nbsp;Himno Vasco, oficial aprobado en el Parlamento y por tanto es una ley como cualquier otra y que traten de eludirla. Si Palestina es una Naci\u00f3n sin estado pero con Himno, Euzkadi es una Naci\u00f3n sin estado y con Himno. Este pa\u00eds funciona con instituciones y Palestina busca se respete su institucionalidad.<\/p>\n\n\n\n<p>Lo digo alertando ante la intencionalidad porque ya hay precedentes. El lehendakari Urkullu no trag\u00f3 aquel tr\u00e1gala cuando le toc\u00f3 sufrir aquellos complejos con I\u00f1aki Dobaran como presidente y jugadores de la Real y el Athletic&nbsp; actuando absurdamente. Y fueron los pitidos al himno oficial vasco&nbsp; y la no interpretaci\u00f3n del mismo en el inicio de uno de los partidos. Siendo &nbsp;Lehendakari no pas\u00f3 por ah\u00ed y viendo como lo soslayaban se rebel\u00f3 en el palco pidiendo lo pusieran en el descanso. Pero ahora van m\u00e1s all\u00e1. Desconocen el nombre, quitan la ikurri\u00f1a e intentan cargarse el himno nacional vasco.<\/p>\n\n\n\n<p>Estoy de acuerdo con la causa Palestina pero no&nbsp; con el adanismo inculto y de mala entra\u00f1a del sector m\u00e1s radical y obtuso de Bildu.<\/p>\n\n\n\n<p>Veremos.<\/p>\n<!-- AddThis Advanced Settings generic via filter on the_content --><!-- AddThis Share Buttons generic via filter on the_content -->","protected":false},"excerpt":{"rendered":"<p>Domingo 2 de noviembre de 2025 El pr\u00f3ximo 15 de noviembre se celebrar\u00e1 un partido de f\u00fatbol entre la Selecci\u00f3n de Euzkadi (con ese nombre naci\u00f3 en 1937) y la Selecci\u00f3n Palestina en San Mam\u00e9s. Se trata de un partido solidario contra un pueblo masacrado por un ej\u00e9rcito y un primer ministro israel\u00ed acusado en &hellip; <a href=\"https:\/\/blogs.deia.eus\/anasagasti\/2025\/11\/02\/se-acordaran-de-ivan-illarramendi\/\" class=\"more-link\">Sigue leyendo <span class=\"screen-reader-text\">\u00bfSE ACORDAR\u00c1N DE IVAN ILLARRAMENDI?.<\/span><\/a><!-- AddThis Advanced Settings generic via filter on get_the_excerpt --><!-- AddThis Share Buttons generic via filter on get_the_excerpt --><\/p>\n","protected":false},"author":19,"featured_media":0,"comment_status":"open","ping_status":"open","sticky":false,"template":"","format":"standard","meta":{"footnotes":""},"categories":[1],"tags":[],"class_list":["post-21039","post","type-post","status-publish","format-standard","hentry","category-general"],"_links":{"self":[{"href":"https:\/\/blogs.deia.eus\/anasagasti\/wp-json\/wp\/v2\/posts\/21039","targetHints":{"allow":["GET"]}}],"collection":[{"href":"https:\/\/blogs.deia.eus\/anasagasti\/wp-json\/wp\/v2\/posts"}],"about":[{"href":"https:\/\/blogs.deia.eus\/anasagasti\/wp-json\/wp\/v2\/types\/post"}],"author":[{"embeddable":true,"href":"https:\/\/blogs.deia.eus\/anasagasti\/wp-json\/wp\/v2\/users\/19"}],"replies":[{"embeddable":true,"href":"https:\/\/blogs.deia.eus\/anasagasti\/wp-json\/wp\/v2\/comments?post=21039"}],"version-history":[{"count":1,"href":"https:\/\/blogs.deia.eus\/anasagasti\/wp-json\/wp\/v2\/posts\/21039\/revisions"}],"predecessor-version":[{"id":21041,"href":"https:\/\/blogs.deia.eus\/anasagasti\/wp-json\/wp\/v2\/posts\/21039\/revisions\/21041"}],"wp:attachment":[{"href":"https:\/\/blogs.deia.eus\/anasagasti\/wp-json\/wp\/v2\/media?parent=21039"}],"wp:term":[{"taxonomy":"category","embeddable":true,"href":"https:\/\/blogs.deia.eus\/anasagasti\/wp-json\/wp\/v2\/categories?post=21039"},{"taxonomy":"post_tag","embeddable":true,"href":"https:\/\/blogs.deia.eus\/anasagasti\/wp-json\/wp\/v2\/tags?post=21039"}],"curies":[{"name":"wp","href":"https:\/\/api.w.org\/{rel}","templated":true}]}}