{"id":21046,"date":"2025-11-04T11:39:37","date_gmt":"2025-11-04T09:39:37","guid":{"rendered":"https:\/\/blogs.deia.eus\/anasagasti\/?p=21046"},"modified":"2025-11-04T11:39:38","modified_gmt":"2025-11-04T09:39:38","slug":"no-es-lo-mismo-el-horror-de-palestina-y-el-de-sudan","status":"publish","type":"post","link":"https:\/\/blogs.deia.eus\/anasagasti\/2025\/11\/04\/no-es-lo-mismo-el-horror-de-palestina-y-el-de-sudan\/","title":{"rendered":"\u00bfNO ES LO MISMO EL HORROR DE PALESTINA Y EL DE SUD\u00c1N?."},"content":{"rendered":"\n<p><strong>Martes 4 de noviembre de 2025<\/strong><\/p>\n\n\n<div class=\"wp-block-image\">\n<figure class=\"aligncenter size-full is-resized\"><a href=\"https:\/\/blogs.deia.eus\/anasagasti\/files\/2025\/11\/Sudan.jpg\"><img loading=\"lazy\" decoding=\"async\" width=\"711\" height=\"1024\" src=\"https:\/\/blogs.deia.eus\/anasagasti\/files\/2025\/11\/Sudan.jpg\" alt=\"\" class=\"wp-image-21047\" style=\"width:460px;height:auto\" srcset=\"https:\/\/blogs.deia.eus\/anasagasti\/files\/2025\/11\/Sudan.jpg 711w, https:\/\/blogs.deia.eus\/anasagasti\/files\/2025\/11\/Sudan-580x835.jpg 580w\" sizes=\"auto, (max-width: 711px) 100vw, 711px\" \/><\/a><\/figure>\n<\/div>\n\n\n<p>Sud\u00e1n no tiene selecci\u00f3n de f\u00fatbol porque no est\u00e1n para gaitas. La facci\u00f3n pro\u00e1rabe y antigubernamental se est\u00e1 cargando por puras razones \u00e9tnicas y supremacistas a la poblaci\u00f3n no \u00e1rabe de Darfur. La ante\u00faltima haza\u00f1a fue matar a m\u00e1s de 450 personas en un hospital materno infantil. Las violaciones principalmente de ni\u00f1as y las ejecuciones en masa son lo habitual.<\/p>\n\n\n\n<p>Hay una ciudad de casi trescientos mil habitantes, Al Fasher, sitiada. El hambre y la malnutrici\u00f3n crecen y ya hay cinco millones de ni\u00f1os en Darfur con graves deficiencias de crecimiento. Pero aqu\u00ed no se ven fotos de esos &nbsp;cr\u00edmenes ni se entrevista a testigos.<\/p>\n\n\n\n<p>Un grupo de estudio de la Universidad de Yale compara la bestialidad de este genocidio con el de Ruanda en los ochenta. S\u00f3lo hace falta husmear un poco la prensa no habitual para enterarse de esto aunque al parecer no es nada importante ni para la progresia ni para el facherio.<\/p>\n\n\n\n<p>Si te duele de verdad el horror de Palestina te doler\u00e1 tambi\u00e9n el horror de Sud\u00e1n y si no es el caso tu dolor es m\u00e1s bien una postura pol\u00edtica, racial o religiosa o simplemente ficci\u00f3n.<\/p>\n\n\n\n<p>A no ser que la vida de un palestino valga m\u00e1s que la de un sudan\u00e9s o la muerte de un ni\u00f1o sea distinta en un otro lugar.<\/p>\n\n\n\n<p><strong>Ca\u00fastico<\/strong><\/p>\n<!-- AddThis Advanced Settings generic via filter on the_content --><!-- AddThis Share Buttons generic via filter on the_content -->","protected":false},"excerpt":{"rendered":"<p>Martes 4 de noviembre de 2025 Sud\u00e1n no tiene selecci\u00f3n de f\u00fatbol porque no est\u00e1n para gaitas. La facci\u00f3n pro\u00e1rabe y antigubernamental se est\u00e1 cargando por puras razones \u00e9tnicas y supremacistas a la poblaci\u00f3n no \u00e1rabe de Darfur. La ante\u00faltima haza\u00f1a fue matar a m\u00e1s de 450 personas en un hospital materno infantil. Las violaciones &hellip; <a href=\"https:\/\/blogs.deia.eus\/anasagasti\/2025\/11\/04\/no-es-lo-mismo-el-horror-de-palestina-y-el-de-sudan\/\" class=\"more-link\">Sigue leyendo <span class=\"screen-reader-text\">\u00bfNO ES LO MISMO EL HORROR DE PALESTINA Y EL DE SUD\u00c1N?.<\/span><\/a><!-- AddThis Advanced Settings generic via filter on get_the_excerpt --><!-- AddThis Share Buttons generic via filter on get_the_excerpt --><\/p>\n","protected":false},"author":19,"featured_media":0,"comment_status":"open","ping_status":"open","sticky":false,"template":"","format":"standard","meta":{"footnotes":""},"categories":[1],"tags":[],"class_list":["post-21046","post","type-post","status-publish","format-standard","hentry","category-general"],"_links":{"self":[{"href":"https:\/\/blogs.deia.eus\/anasagasti\/wp-json\/wp\/v2\/posts\/21046","targetHints":{"allow":["GET"]}}],"collection":[{"href":"https:\/\/blogs.deia.eus\/anasagasti\/wp-json\/wp\/v2\/posts"}],"about":[{"href":"https:\/\/blogs.deia.eus\/anasagasti\/wp-json\/wp\/v2\/types\/post"}],"author":[{"embeddable":true,"href":"https:\/\/blogs.deia.eus\/anasagasti\/wp-json\/wp\/v2\/users\/19"}],"replies":[{"embeddable":true,"href":"https:\/\/blogs.deia.eus\/anasagasti\/wp-json\/wp\/v2\/comments?post=21046"}],"version-history":[{"count":1,"href":"https:\/\/blogs.deia.eus\/anasagasti\/wp-json\/wp\/v2\/posts\/21046\/revisions"}],"predecessor-version":[{"id":21048,"href":"https:\/\/blogs.deia.eus\/anasagasti\/wp-json\/wp\/v2\/posts\/21046\/revisions\/21048"}],"wp:attachment":[{"href":"https:\/\/blogs.deia.eus\/anasagasti\/wp-json\/wp\/v2\/media?parent=21046"}],"wp:term":[{"taxonomy":"category","embeddable":true,"href":"https:\/\/blogs.deia.eus\/anasagasti\/wp-json\/wp\/v2\/categories?post=21046"},{"taxonomy":"post_tag","embeddable":true,"href":"https:\/\/blogs.deia.eus\/anasagasti\/wp-json\/wp\/v2\/tags?post=21046"}],"curies":[{"name":"wp","href":"https:\/\/api.w.org\/{rel}","templated":true}]}}