{"id":21049,"date":"2025-11-05T09:39:08","date_gmt":"2025-11-05T07:39:08","guid":{"rendered":"https:\/\/blogs.deia.eus\/anasagasti\/?p=21049"},"modified":"2025-11-05T09:39:08","modified_gmt":"2025-11-05T07:39:08","slug":"cara-de-cemento","status":"publish","type":"post","link":"https:\/\/blogs.deia.eus\/anasagasti\/2025\/11\/05\/cara-de-cemento\/","title":{"rendered":"CARA DE CEMENTO"},"content":{"rendered":"\n<p><strong>Mi\u00e9rcoles 5 de noviembre de 2025<\/strong><\/p>\n\n\n<div class=\"wp-block-image\">\n<figure class=\"aligncenter size-full is-resized\"><a href=\"https:\/\/blogs.deia.eus\/anasagasti\/files\/2025\/11\/Inundaciones-Valencia_2024.jpg\"><img loading=\"lazy\" decoding=\"async\" width=\"414\" height=\"275\" src=\"https:\/\/blogs.deia.eus\/anasagasti\/files\/2025\/11\/Inundaciones-Valencia_2024.jpg\" alt=\"\" class=\"wp-image-21050\" style=\"width:582px;height:auto\" \/><\/a><\/figure>\n<\/div>\n\n\n<p>Se va Maz\u00f3n, con su cara de cemento,<\/p>\n\n\n\n<p>sin grietas, sin l\u00e1grimas, sin arrepentimiento.<\/p>\n\n\n\n<p>La DANA arras\u00f3, la tierra llor\u00f3,<\/p>\n\n\n\n<p>y \u00e9l, blindado, ni se inmut\u00f3.<\/p>\n\n\n\n<p>Promesas al viento, discursos de humo,<\/p>\n\n\n\n<p>la gente clamando, el dolor como zumo.<\/p>\n\n\n\n<p>\u201cNos fallaste\u201d, gritan, \u201cnos dejaste morir\u201d,<\/p>\n\n\n\n<p>pero \u00e9l se despide sin querer o\u00edr.<\/p>\n\n\n\n<p>La cara de cemento no siente el temblor,<\/p>\n\n\n\n<p>de madres sin hijos, de rabia, de horror.<\/p>\n\n\n\n<p>Se va con su traje, su gesto impasible,<\/p>\n\n\n\n<p>como si el desastre fuera cosa invisible.<\/p>\n\n\n\n<p>Pero el pueblo recuerda, no olvida jam\u00e1s,<\/p>\n\n\n\n<p>las aguas que ahogaron, la falta de paz.<\/p>\n\n\n\n<p>Y aunque se marche, aunque diga adi\u00f3s,<\/p>\n\n\n\n<p>la historia lo juzga, sin posible perd\u00f3n.<\/p>\n\n\n\n<p><strong>Mikel Ort\u00edz de Arratia<\/strong><\/p>\n<!-- AddThis Advanced Settings generic via filter on the_content --><!-- AddThis Share Buttons generic via filter on the_content -->","protected":false},"excerpt":{"rendered":"<p>Mi\u00e9rcoles 5 de noviembre de 2025 Se va Maz\u00f3n, con su cara de cemento, sin grietas, sin l\u00e1grimas, sin arrepentimiento. La DANA arras\u00f3, la tierra llor\u00f3, y \u00e9l, blindado, ni se inmut\u00f3. Promesas al viento, discursos de humo, la gente clamando, el dolor como zumo. \u201cNos fallaste\u201d, gritan, \u201cnos dejaste morir\u201d, pero \u00e9l se despide &hellip; <a href=\"https:\/\/blogs.deia.eus\/anasagasti\/2025\/11\/05\/cara-de-cemento\/\" class=\"more-link\">Sigue leyendo <span class=\"screen-reader-text\">CARA DE CEMENTO<\/span><\/a><!-- AddThis Advanced Settings generic via filter on get_the_excerpt --><!-- AddThis Share Buttons generic via filter on get_the_excerpt --><\/p>\n","protected":false},"author":19,"featured_media":0,"comment_status":"open","ping_status":"open","sticky":false,"template":"","format":"standard","meta":{"footnotes":""},"categories":[1],"tags":[],"class_list":["post-21049","post","type-post","status-publish","format-standard","hentry","category-general"],"_links":{"self":[{"href":"https:\/\/blogs.deia.eus\/anasagasti\/wp-json\/wp\/v2\/posts\/21049","targetHints":{"allow":["GET"]}}],"collection":[{"href":"https:\/\/blogs.deia.eus\/anasagasti\/wp-json\/wp\/v2\/posts"}],"about":[{"href":"https:\/\/blogs.deia.eus\/anasagasti\/wp-json\/wp\/v2\/types\/post"}],"author":[{"embeddable":true,"href":"https:\/\/blogs.deia.eus\/anasagasti\/wp-json\/wp\/v2\/users\/19"}],"replies":[{"embeddable":true,"href":"https:\/\/blogs.deia.eus\/anasagasti\/wp-json\/wp\/v2\/comments?post=21049"}],"version-history":[{"count":1,"href":"https:\/\/blogs.deia.eus\/anasagasti\/wp-json\/wp\/v2\/posts\/21049\/revisions"}],"predecessor-version":[{"id":21051,"href":"https:\/\/blogs.deia.eus\/anasagasti\/wp-json\/wp\/v2\/posts\/21049\/revisions\/21051"}],"wp:attachment":[{"href":"https:\/\/blogs.deia.eus\/anasagasti\/wp-json\/wp\/v2\/media?parent=21049"}],"wp:term":[{"taxonomy":"category","embeddable":true,"href":"https:\/\/blogs.deia.eus\/anasagasti\/wp-json\/wp\/v2\/categories?post=21049"},{"taxonomy":"post_tag","embeddable":true,"href":"https:\/\/blogs.deia.eus\/anasagasti\/wp-json\/wp\/v2\/tags?post=21049"}],"curies":[{"name":"wp","href":"https:\/\/api.w.org\/{rel}","templated":true}]}}