{"id":21052,"date":"2025-11-06T09:12:52","date_gmt":"2025-11-06T07:12:52","guid":{"rendered":"https:\/\/blogs.deia.eus\/anasagasti\/?p=21052"},"modified":"2025-11-06T09:12:53","modified_gmt":"2025-11-06T07:12:53","slug":"en-marcha-la-asociacion-de-antiguos-parlamentarios","status":"publish","type":"post","link":"https:\/\/blogs.deia.eus\/anasagasti\/2025\/11\/06\/en-marcha-la-asociacion-de-antiguos-parlamentarios\/","title":{"rendered":"EN MARCHA LA ASOCIACI\u00d3N DE ANTIGUOS PARLAMENTARIOS"},"content":{"rendered":"\n<p><strong>Jueves 6 de noviembre de 2025<\/strong><\/p>\n\n\n<div class=\"wp-block-image\">\n<figure class=\"aligncenter size-large\"><a href=\"https:\/\/blogs.deia.eus\/anasagasti\/files\/2025\/11\/2025.11.05-Bakartxo-Tejeria-e-Inaki-Anasagasti-_15.jpg\"><img loading=\"lazy\" decoding=\"async\" width=\"940\" height=\"521\" src=\"https:\/\/blogs.deia.eus\/anasagasti\/files\/2025\/11\/2025.11.05-Bakartxo-Tejeria-e-Inaki-Anasagasti-_15-940x521.jpg\" alt=\"\" class=\"wp-image-21053\" srcset=\"https:\/\/blogs.deia.eus\/anasagasti\/files\/2025\/11\/2025.11.05-Bakartxo-Tejeria-e-Inaki-Anasagasti-_15-940x521.jpg 940w, https:\/\/blogs.deia.eus\/anasagasti\/files\/2025\/11\/2025.11.05-Bakartxo-Tejeria-e-Inaki-Anasagasti-_15-580x322.jpg 580w, https:\/\/blogs.deia.eus\/anasagasti\/files\/2025\/11\/2025.11.05-Bakartxo-Tejeria-e-Inaki-Anasagasti-_15-768x426.jpg 768w, https:\/\/blogs.deia.eus\/anasagasti\/files\/2025\/11\/2025.11.05-Bakartxo-Tejeria-e-Inaki-Anasagasti-_15.jpg 1024w\" sizes=\"auto, (max-width: 940px) 100vw, 940px\" \/><\/a><\/figure>\n<\/div>\n\n\n<p>Es la fotograf\u00eda obtenida &nbsp;este mi\u00e9rcoles en el Parlamento Vasco. De izquierda a derecha estamos Unai Grajales, Jefe del Gabinete de Presidencia, servidor, Josu Bergara, Inmaculada Boneta, la presidenta Bakartxo Tejeria, Roberto Lertxundi, Eneko Pagazaurtundua, Letrado Mayor. La sala nos recordaba en muchos detalles al primer Presidente del Parlamento, ya fallecido, Juan Jos\u00e9 Pujana.<\/p>\n\n\n\n<p>Acudimos a la llamada de la presidenta Bakartxo Tejer\u00eda que deseaba &nbsp;conocer de cerca nuestra propuesta de creaci\u00f3n de una Asociaci\u00f3n de Parlamentarios Vascos. Estuvimos en la sala de reuniones de la Junta de portavoces y el encuentro fue muy cordial. Tres de los presentes inauguramos aquella sede y aquella Instituci\u00f3n en 1980.<\/p>\n\n\n\n<p>Le dijimos que en todos los Parlamentos hay una Asociaci\u00f3n de este tipo y que en el vasco no se hab\u00eda podido constituir en raz\u00f3n de la historia y vicisitudes vividas pero que llegada la normalidad se impon\u00eda que pudi\u00e9ramos vernos las caras, tener alguna iniciativa todos los que hemos sido parlamentarios y sobre todo una relaci\u00f3n con una Instituci\u00f3n fundamental en la historia de Euzkadi, incluso para relatar en un momento dado los momentos vividos. Todo lo que sea contribuir a un discurso institucional de un lugar donde impera la palabra y se acatan las reglas del juego, es fundamental en tiempos en los que todo se cuestiona y crecen los discursos populistas.<\/p>\n\n\n\n<p>Tuvimos ocasi\u00f3n de contarles nuestra experiencia de la primera legislatura y de fuimos pasando desde Gernika a Bilbao para recalar en el antiguo Instituto Ramiro de Maeztu en Gasteiz que se vaci\u00f3 y dio origen al actual Parlamento que ha ido creciendo de manera gradual y que envejece bien. No hay que olvidar que en 1980 \u00e9ramos sesenta, veinte por territorio a los que &nbsp;se sumaron a veinticinco en la segunda legislatura, y eso l\u00f3gicamente, trajo consecuencias de espacio.<\/p>\n\n\n\n<p>Hemos quedado en que representantes&nbsp; de todos los grupos nos reunamos en diciembre, presentemos un borrador, se considere &nbsp;por la Mesa del Parlamento, registremos posteriormente un reglamento y el a\u00f1o que viene, por marzo, constituyamos esta Asociaci\u00f3n que solo busca vincular a los ex con el actual Parlamento teniendo en cuenta que los actuales Parlamentarios alg\u00fan d\u00eda ser\u00e1n asimismo ex parlamentarios. Y que la historia debe continuar.<\/p>\n\n\n\n<p>Unai Grajales nos ha dicho que desde 1980 han pasado por ese edificio unos 800 parlamentarios. Un n\u00famero importante. Si logramos conectar con la mayor\u00eda de ellos, nos daremos por &nbsp;muy satisfechos.<\/p>\n\n\n\n<p>Ha sido un buen y positivo encuentro.<\/p>\n<!-- AddThis Advanced Settings generic via filter on the_content --><!-- AddThis Share Buttons generic via filter on the_content -->","protected":false},"excerpt":{"rendered":"<p>Jueves 6 de noviembre de 2025 Es la fotograf\u00eda obtenida &nbsp;este mi\u00e9rcoles en el Parlamento Vasco. De izquierda a derecha estamos Unai Grajales, Jefe del Gabinete de Presidencia, servidor, Josu Bergara, Inmaculada Boneta, la presidenta Bakartxo Tejeria, Roberto Lertxundi, Eneko Pagazaurtundua, Letrado Mayor. La sala nos recordaba en muchos detalles al primer Presidente del Parlamento, &hellip; <a href=\"https:\/\/blogs.deia.eus\/anasagasti\/2025\/11\/06\/en-marcha-la-asociacion-de-antiguos-parlamentarios\/\" class=\"more-link\">Sigue leyendo <span class=\"screen-reader-text\">EN MARCHA LA ASOCIACI\u00d3N DE ANTIGUOS PARLAMENTARIOS<\/span><\/a><!-- AddThis Advanced Settings generic via filter on get_the_excerpt --><!-- AddThis Share Buttons generic via filter on get_the_excerpt --><\/p>\n","protected":false},"author":19,"featured_media":0,"comment_status":"open","ping_status":"open","sticky":false,"template":"","format":"standard","meta":{"footnotes":""},"categories":[1],"tags":[],"class_list":["post-21052","post","type-post","status-publish","format-standard","hentry","category-general"],"_links":{"self":[{"href":"https:\/\/blogs.deia.eus\/anasagasti\/wp-json\/wp\/v2\/posts\/21052","targetHints":{"allow":["GET"]}}],"collection":[{"href":"https:\/\/blogs.deia.eus\/anasagasti\/wp-json\/wp\/v2\/posts"}],"about":[{"href":"https:\/\/blogs.deia.eus\/anasagasti\/wp-json\/wp\/v2\/types\/post"}],"author":[{"embeddable":true,"href":"https:\/\/blogs.deia.eus\/anasagasti\/wp-json\/wp\/v2\/users\/19"}],"replies":[{"embeddable":true,"href":"https:\/\/blogs.deia.eus\/anasagasti\/wp-json\/wp\/v2\/comments?post=21052"}],"version-history":[{"count":1,"href":"https:\/\/blogs.deia.eus\/anasagasti\/wp-json\/wp\/v2\/posts\/21052\/revisions"}],"predecessor-version":[{"id":21054,"href":"https:\/\/blogs.deia.eus\/anasagasti\/wp-json\/wp\/v2\/posts\/21052\/revisions\/21054"}],"wp:attachment":[{"href":"https:\/\/blogs.deia.eus\/anasagasti\/wp-json\/wp\/v2\/media?parent=21052"}],"wp:term":[{"taxonomy":"category","embeddable":true,"href":"https:\/\/blogs.deia.eus\/anasagasti\/wp-json\/wp\/v2\/categories?post=21052"},{"taxonomy":"post_tag","embeddable":true,"href":"https:\/\/blogs.deia.eus\/anasagasti\/wp-json\/wp\/v2\/tags?post=21052"}],"curies":[{"name":"wp","href":"https:\/\/api.w.org\/{rel}","templated":true}]}}