{"id":21055,"date":"2025-11-07T09:36:46","date_gmt":"2025-11-07T07:36:46","guid":{"rendered":"https:\/\/blogs.deia.eus\/anasagasti\/?p=21055"},"modified":"2025-11-07T09:36:46","modified_gmt":"2025-11-07T07:36:46","slug":"cadaveres-intrascendentes","status":"publish","type":"post","link":"https:\/\/blogs.deia.eus\/anasagasti\/2025\/11\/07\/cadaveres-intrascendentes\/","title":{"rendered":"CAD\u00c1VERES INTRASCENDENTES"},"content":{"rendered":"\n<p><strong>Viernes 7 de noviembre de 2025<\/strong><\/p>\n\n\n<div class=\"wp-block-image\">\n<figure class=\"aligncenter size-full\"><a href=\"https:\/\/blogs.deia.eus\/anasagasti\/files\/2025\/11\/20251107_081722.jpg\"><img loading=\"lazy\" decoding=\"async\" width=\"850\" height=\"768\" src=\"https:\/\/blogs.deia.eus\/anasagasti\/files\/2025\/11\/20251107_081722.jpg\" alt=\"\" class=\"wp-image-21056\" srcset=\"https:\/\/blogs.deia.eus\/anasagasti\/files\/2025\/11\/20251107_081722.jpg 850w, https:\/\/blogs.deia.eus\/anasagasti\/files\/2025\/11\/20251107_081722-580x524.jpg 580w, https:\/\/blogs.deia.eus\/anasagasti\/files\/2025\/11\/20251107_081722-768x694.jpg 768w\" sizes=\"auto, (max-width: 850px) 100vw, 850px\" \/><\/a><\/figure>\n<\/div>\n\n\n<p>El Rey del Ventorro es as\u00ed y su partido es as\u00ed. Se han fotografiado. Las v\u00edctimas por cierto en Espa\u00f1a se diferencian en rentables y negativas. En el segundo caso para con ellas puro desinter\u00e9s. Es as\u00ed y siempre ha sido as\u00ed. En todas las circunstancias.<br>Y luego est\u00e1n las formas del PP. En el estado espa\u00f1ol y sobre todo en la capital, los peperos pueden llamar libremente h\u2026de p\u2026 al presidente rojo y se r\u00ede mucho el personal. Pero si llamas presunto delincuente al presunto pr\u00edncipe azul de la Cateta de Madrid, del mismo partido que el popular Maz\u00f3n y presidenta tambi\u00e9n, te puedes meter en un l\u00edo de hasta seis a\u00f1os de c\u00e1rcel aunque seas el fiscal general, tambi\u00e9n rojo, del estado. O quiz\u00e1s por eso. Y adem\u00e1s tu juicio se celebrar\u00e1 r\u00e1pidamente pero en cambio el del miserable defraudador confeso o inconfeso, que ya no se sabe, el de \u00abhacienda somos todos\u00bb quedar\u00e1 en nada.<\/p>\n\n\n\n<p>Y si no al tiempo. Para enchironar a un pepero hacen falta muchas m\u00e1s gestiones que para poner a buen recaudo a un secretario general rojo, aunque sea sin pruebas, que no paran estos jurisconsultos acelerados en menudencias. Se puede as\u00ed llegar a tener la percepci\u00f3n seguramente equivocada de que hay jueces a medida para cada caso y si hay que empitonar a la se\u00f1ora de S\u00e1nchez, tienen casualmente uno muy bueno para eso, pero si se te mueren 7.291 ancianos no pillas ninguno libre que se meta en ese berenjenal.<\/p>\n\n\n\n<p>Menos mal que la jueza de la DANA, que no est\u00e1 en Madrid, se sale del marco. O sea, se podr\u00eda pensar en una justicia a medida en funci\u00f3n de los sentimientos e intereses de los justicieros, como si Espa\u00f1a no fuera una democracia. Pero resulta que lo es porque la pusieron ellos solos, entre &nbsp;Franco (Paca la Culona) y el ahora em\u00e9rito y entonces principito con ayuda de Carnicerito de M\u00e1laga, Arias Navarro<\/p>\n\n\n\n<p>Y el principito valiente tomaba chocolate con churros con la Collares para un traspaso dulce de poderes. Mucha Historia ha habido por detr\u00e1s la del \u00abrey de todos los espa\u00f1oles\u00bb durante 40 a\u00f1os. A\u00f1os de traiciones, ja ja ja, a Franco, a su pap\u00e1 Juan a Secas, a su se\u00f1ora (simples deslices) rematados con comisiones imposibles de rechazar por educaci\u00f3n y con otras tentaciones mortales que no investiga la UCO porque no tiene tiempo. Con estos mimbres no es extra\u00f1o lo de que Espa\u00f1a Va Bien, a su manera pero bien. Sobre todo para los que realmente va de P.M.<\/p>\n\n\n\n<p>Siempre han sido los espa\u00f1oles de bien muy eficaces en crear v\u00edas alternativas a la democracia, a la decencia y al respeto a los ciudadanos que no quieran por pura soberbia ser vasallos de reyes torcidos, jueces de otras \u00e9pocas y chanchullos al gusto, pero manteniendo las apariencias, m\u00e1s o menos.<br>Yo me ir\u00eda ya de esta nacionalidad pero nadie quiere l\u00edos y menos ahora con el Black Friday y las entra\u00f1ables Navidades de zambomba y pandereta, como Dios manda y al PP le gusta.<\/p>\n\n\n\n<p>Un PP que en las pr\u00f3ximas elecciones en Levante barrer\u00e1, como lo hizo el agua turbia que arrastraba cad\u00e1veres intrascendentes. Y si no tiempo al tiempo.<\/p>\n\n\n\n<p><strong>Ca\u00fastico<\/strong><\/p>\n<!-- AddThis Advanced Settings generic via filter on the_content --><!-- AddThis Share Buttons generic via filter on the_content -->","protected":false},"excerpt":{"rendered":"<p>Viernes 7 de noviembre de 2025 El Rey del Ventorro es as\u00ed y su partido es as\u00ed. Se han fotografiado. Las v\u00edctimas por cierto en Espa\u00f1a se diferencian en rentables y negativas. En el segundo caso para con ellas puro desinter\u00e9s. Es as\u00ed y siempre ha sido as\u00ed. En todas las circunstancias.Y luego est\u00e1n las &hellip; <a href=\"https:\/\/blogs.deia.eus\/anasagasti\/2025\/11\/07\/cadaveres-intrascendentes\/\" class=\"more-link\">Sigue leyendo <span class=\"screen-reader-text\">CAD\u00c1VERES INTRASCENDENTES<\/span><\/a><!-- AddThis Advanced Settings generic via filter on get_the_excerpt --><!-- AddThis Share Buttons generic via filter on get_the_excerpt --><\/p>\n","protected":false},"author":19,"featured_media":0,"comment_status":"open","ping_status":"open","sticky":false,"template":"","format":"standard","meta":{"footnotes":""},"categories":[1],"tags":[],"class_list":["post-21055","post","type-post","status-publish","format-standard","hentry","category-general"],"_links":{"self":[{"href":"https:\/\/blogs.deia.eus\/anasagasti\/wp-json\/wp\/v2\/posts\/21055","targetHints":{"allow":["GET"]}}],"collection":[{"href":"https:\/\/blogs.deia.eus\/anasagasti\/wp-json\/wp\/v2\/posts"}],"about":[{"href":"https:\/\/blogs.deia.eus\/anasagasti\/wp-json\/wp\/v2\/types\/post"}],"author":[{"embeddable":true,"href":"https:\/\/blogs.deia.eus\/anasagasti\/wp-json\/wp\/v2\/users\/19"}],"replies":[{"embeddable":true,"href":"https:\/\/blogs.deia.eus\/anasagasti\/wp-json\/wp\/v2\/comments?post=21055"}],"version-history":[{"count":1,"href":"https:\/\/blogs.deia.eus\/anasagasti\/wp-json\/wp\/v2\/posts\/21055\/revisions"}],"predecessor-version":[{"id":21057,"href":"https:\/\/blogs.deia.eus\/anasagasti\/wp-json\/wp\/v2\/posts\/21055\/revisions\/21057"}],"wp:attachment":[{"href":"https:\/\/blogs.deia.eus\/anasagasti\/wp-json\/wp\/v2\/media?parent=21055"}],"wp:term":[{"taxonomy":"category","embeddable":true,"href":"https:\/\/blogs.deia.eus\/anasagasti\/wp-json\/wp\/v2\/categories?post=21055"},{"taxonomy":"post_tag","embeddable":true,"href":"https:\/\/blogs.deia.eus\/anasagasti\/wp-json\/wp\/v2\/tags?post=21055"}],"curies":[{"name":"wp","href":"https:\/\/api.w.org\/{rel}","templated":true}]}}