{"id":21058,"date":"2025-11-08T10:42:40","date_gmt":"2025-11-08T08:42:40","guid":{"rendered":"https:\/\/blogs.deia.eus\/anasagasti\/?p=21058"},"modified":"2025-11-08T10:42:40","modified_gmt":"2025-11-08T08:42:40","slug":"el-jelkide-de-portugalete-y-su-grupo-de-diputados","status":"publish","type":"post","link":"https:\/\/blogs.deia.eus\/anasagasti\/2025\/11\/08\/el-jelkide-de-portugalete-y-su-grupo-de-diputados\/","title":{"rendered":"EL JELKIDE DE PORTUGALETE Y SU GRUPO DE DIPUTADOS."},"content":{"rendered":"\n<p><strong>S\u00e1bado 8 de noviembre de 2025<\/strong><\/p>\n\n\n<div class=\"wp-block-image\">\n<figure class=\"aligncenter size-large\"><a href=\"https:\/\/blogs.deia.eus\/anasagasti\/files\/2025\/11\/Vicuna_2.jpg\"><img loading=\"lazy\" decoding=\"async\" width=\"940\" height=\"688\" src=\"https:\/\/blogs.deia.eus\/anasagasti\/files\/2025\/11\/Vicuna_2-940x688.jpg\" alt=\"\" class=\"wp-image-21059\" srcset=\"https:\/\/blogs.deia.eus\/anasagasti\/files\/2025\/11\/Vicuna_2-940x688.jpg 940w, https:\/\/blogs.deia.eus\/anasagasti\/files\/2025\/11\/Vicuna_2-580x424.jpg 580w, https:\/\/blogs.deia.eus\/anasagasti\/files\/2025\/11\/Vicuna_2-768x562.jpg 768w, https:\/\/blogs.deia.eus\/anasagasti\/files\/2025\/11\/Vicuna_2.jpg 1024w\" sizes=\"auto, (max-width: 940px) 100vw, 940px\" \/><\/a><\/figure>\n<\/div>\n\n<div class=\"wp-block-image\">\n<figure class=\"aligncenter size-large\"><a href=\"https:\/\/blogs.deia.eus\/anasagasti\/files\/2025\/11\/Vicuna_1.jpg\"><img loading=\"lazy\" decoding=\"async\" width=\"940\" height=\"667\" src=\"https:\/\/blogs.deia.eus\/anasagasti\/files\/2025\/11\/Vicuna_1-940x667.jpg\" alt=\"\" class=\"wp-image-21060\" srcset=\"https:\/\/blogs.deia.eus\/anasagasti\/files\/2025\/11\/Vicuna_1-940x667.jpg 940w, https:\/\/blogs.deia.eus\/anasagasti\/files\/2025\/11\/Vicuna_1-580x412.jpg 580w, https:\/\/blogs.deia.eus\/anasagasti\/files\/2025\/11\/Vicuna_1-768x545.jpg 768w, https:\/\/blogs.deia.eus\/anasagasti\/files\/2025\/11\/Vicuna_1.jpg 1024w\" sizes=\"auto, (max-width: 940px) 100vw, 940px\" \/><\/a><\/figure>\n<\/div>\n\n\n<p>Las fotograf\u00edas son del entierro de Ram\u00f3n de Vicu\u00f1a en el cementerio de Potugalete en febrero de 1935. Fue una demostraci\u00f3n de respeto y aprecio por una personalidad muy importante. Podemos ver a diputados del Grupo Parlamentario del PNV de la \u00e9poca republicana. Juan\u00f3n Kareaga, Manu Robles Arangiz, Jos\u00e9 Antonio Agirre, Francisco Basterretxea, Javier Landaburu, Eliodoro de la Torre, Manuel de Irujo, Telesforo de Monz\u00f3n, Manu Egileor.<\/p>\n\n\n\n<p>En la segunda fotograf\u00eda llevan el f\u00e9retro&nbsp; de Vicu\u00f1a &nbsp;Juan\u00f3n Kareaga, Eliodoro de la Torre y Jos\u00e9 Antonio Agirre en febrero de 1935.<\/p>\n\n\n\n<p>Ram\u00f3n de Vicu\u00f1a <a><\/a>Epalza fue un importante pol\u00edtico del EAJ-PNV nacido en &nbsp;Portugalete el 31 de agosto de 1886. Abogado y naviero, pionero del nacionalismo vasco. Estudi\u00f3 Leyes en la Universidad de Deusto y en Barcelona tomando pronto parte en los actos del PNV, tras su fundaci\u00f3n por Sabino Arana en 1895, entre los cuales la fundaci\u00f3n de un centro en su villa natal en 1904.<\/p>\n\n\n\n<p>Ejerci\u00f3 inicialmente en el despacho de Orueta y Marco Gardoqui. Dotado de una pluma culta y \u00e1gil escribi\u00f3 en castellano diversos art\u00edculos y piezas literarias pudiendo citarse, entre los primeros, las&nbsp;cartas esteparias&nbsp;de \u00abAberri\u00bb y, entre los segundos, el mon\u00f3logo&nbsp;Facundo P\u00e9rez&nbsp;(Bilbao, 1906). Tuvo en 1910 un sonado proceso por uno de sus escritos. Utiliz\u00f3 el pseud\u00f3nimo \u00abRabik\u00bb (Ra Biku\u00f1a), en especial en el diario \u00abEuzkadi\u00bb cuya presidencia del Consejo de Administraci\u00f3n desempe\u00f1\u00f3. Candidato&nbsp; en las elecciones generales de 1914 en Bizkaia, entr\u00f3 en 1916 -1917 a formar parte del BBB. Fue un incansable viajero y hombre de negocios: Presidente de la Compa\u00f1\u00eda Naviera Bidasoa y de la Compa\u00f1\u00eda de Minas Hispano-Africana, consejero de Ferrocarriles Vascongados, Ferrocarril de la Robla y Hulleras de Sabero y Anexas SA. Desempe\u00f1\u00f3 tambi\u00e9n el cargo de c\u00f3nsul de Grecia.<\/p>\n\n\n\n<p>Tras la ruptura PNV\/Comuni\u00f3n de 1921, fue uno de los 20 comisionados para efectuar la reunificaci\u00f3n de 1930 siendo elegido otra vez miembro del BBB y del EBB. E1 24 de abril de 1931 fue comisionado por el&nbsp;<a href=\"https:\/\/aunamendi.eusko-ikaskuntza.eus\/eu\/artikulua\/ar-38254\/\">PNV<\/a>, junto con Basterrechea y Robles Aranguiz, para ofrecer la colaboraci\u00f3n del PNV &nbsp;a Lerroux, Prieto, Maura y Nicolau, miembros del Gobierno de la Rep\u00fablica. Su poder decisorio dentro del EBB fue grande. En las elecciones generales de 1933 fue elegido diputado a Cortes por Bilbao. Formaba parte del Consejo de Administraci\u00f3n de la Naviera Sota y Aznar. Fallece en Portugalete el 7 de febrero de 1935. Durante la guerra su familia tuvo que exiliarse y su casa fue desvalijada. En el Batzoki de Portugalete tiene una sala con su nombre.<\/p>\n<!-- AddThis Advanced Settings generic via filter on the_content --><!-- AddThis Share Buttons generic via filter on the_content -->","protected":false},"excerpt":{"rendered":"<p>S\u00e1bado 8 de noviembre de 2025 Las fotograf\u00edas son del entierro de Ram\u00f3n de Vicu\u00f1a en el cementerio de Potugalete en febrero de 1935. Fue una demostraci\u00f3n de respeto y aprecio por una personalidad muy importante. Podemos ver a diputados del Grupo Parlamentario del PNV de la \u00e9poca republicana. Juan\u00f3n Kareaga, Manu Robles Arangiz, Jos\u00e9 &hellip; <a href=\"https:\/\/blogs.deia.eus\/anasagasti\/2025\/11\/08\/el-jelkide-de-portugalete-y-su-grupo-de-diputados\/\" class=\"more-link\">Sigue leyendo <span class=\"screen-reader-text\">EL JELKIDE DE PORTUGALETE Y SU GRUPO DE DIPUTADOS.<\/span><\/a><!-- AddThis Advanced Settings generic via filter on get_the_excerpt --><!-- AddThis Share Buttons generic via filter on get_the_excerpt --><\/p>\n","protected":false},"author":19,"featured_media":0,"comment_status":"open","ping_status":"open","sticky":false,"template":"","format":"standard","meta":{"footnotes":""},"categories":[1],"tags":[],"class_list":["post-21058","post","type-post","status-publish","format-standard","hentry","category-general"],"_links":{"self":[{"href":"https:\/\/blogs.deia.eus\/anasagasti\/wp-json\/wp\/v2\/posts\/21058","targetHints":{"allow":["GET"]}}],"collection":[{"href":"https:\/\/blogs.deia.eus\/anasagasti\/wp-json\/wp\/v2\/posts"}],"about":[{"href":"https:\/\/blogs.deia.eus\/anasagasti\/wp-json\/wp\/v2\/types\/post"}],"author":[{"embeddable":true,"href":"https:\/\/blogs.deia.eus\/anasagasti\/wp-json\/wp\/v2\/users\/19"}],"replies":[{"embeddable":true,"href":"https:\/\/blogs.deia.eus\/anasagasti\/wp-json\/wp\/v2\/comments?post=21058"}],"version-history":[{"count":1,"href":"https:\/\/blogs.deia.eus\/anasagasti\/wp-json\/wp\/v2\/posts\/21058\/revisions"}],"predecessor-version":[{"id":21061,"href":"https:\/\/blogs.deia.eus\/anasagasti\/wp-json\/wp\/v2\/posts\/21058\/revisions\/21061"}],"wp:attachment":[{"href":"https:\/\/blogs.deia.eus\/anasagasti\/wp-json\/wp\/v2\/media?parent=21058"}],"wp:term":[{"taxonomy":"category","embeddable":true,"href":"https:\/\/blogs.deia.eus\/anasagasti\/wp-json\/wp\/v2\/categories?post=21058"},{"taxonomy":"post_tag","embeddable":true,"href":"https:\/\/blogs.deia.eus\/anasagasti\/wp-json\/wp\/v2\/tags?post=21058"}],"curies":[{"name":"wp","href":"https:\/\/api.w.org\/{rel}","templated":true}]}}