{"id":21062,"date":"2025-11-09T09:19:29","date_gmt":"2025-11-09T07:19:29","guid":{"rendered":"https:\/\/blogs.deia.eus\/anasagasti\/?p=21062"},"modified":"2025-11-09T09:19:30","modified_gmt":"2025-11-09T07:19:30","slug":"hace-cincuenta-anos-fuimos-partidarios-de-la-ruptura","status":"publish","type":"post","link":"https:\/\/blogs.deia.eus\/anasagasti\/2025\/11\/09\/hace-cincuenta-anos-fuimos-partidarios-de-la-ruptura\/","title":{"rendered":"HACE CINCUENTA A\u00d1OS FUIMOS PARTIDARIOS DE LA RUPTURA"},"content":{"rendered":"\n<p><strong>Domingo 9 de noviembre de 2025<\/strong><\/p>\n\n\n<div class=\"wp-block-image\">\n<figure class=\"aligncenter size-large\"><a href=\"https:\/\/blogs.deia.eus\/anasagasti\/files\/2025\/11\/Franco-y-Juan-Carlos.jpg\"><img loading=\"lazy\" decoding=\"async\" width=\"940\" height=\"740\" src=\"https:\/\/blogs.deia.eus\/anasagasti\/files\/2025\/11\/Franco-y-Juan-Carlos-940x740.jpg\" alt=\"\" class=\"wp-image-21063\" srcset=\"https:\/\/blogs.deia.eus\/anasagasti\/files\/2025\/11\/Franco-y-Juan-Carlos-940x740.jpg 940w, https:\/\/blogs.deia.eus\/anasagasti\/files\/2025\/11\/Franco-y-Juan-Carlos-580x456.jpg 580w, https:\/\/blogs.deia.eus\/anasagasti\/files\/2025\/11\/Franco-y-Juan-Carlos-768x604.jpg 768w, https:\/\/blogs.deia.eus\/anasagasti\/files\/2025\/11\/Franco-y-Juan-Carlos.jpg 976w\" sizes=\"auto, (max-width: 940px) 100vw, 940px\" \/><\/a><\/figure>\n<\/div>\n\n\n<p>Jes\u00fas Egiguren present\u00f3 el pasado 27 de octubre en el Palacio de Miramar, con fanfarria y grandes aplausos, su libro \u201cMemorias Pol\u00edticas. El infierno de la transici\u00f3n vasca. Reflexiones. El fin de ETA seg\u00fan ETA\u201d. Su idea fuerza es que \u201cETA muri\u00f3 en la cama y quedan secuelas\u201d. Dice que hay mucho anti espa\u00f1olismo en la sociedad vasca (Egiguren es de Aizarna y euskaldun y al parecer no se ha enterado del por qu\u00e9) y se duele de no ver una bandera espa\u00f1ola en Gipuzkoa. Pues pronto no ondear\u00e1n ikurri\u00f1as o quiz\u00e1s, y de vez en cuando ver\u00e1 furtivamente la ikurri\u00f1a y la navarra junto a la Palestina.<\/p>\n\n\n\n<p>Egiguren no ha respetado en sus memorias las normas del Oeste que imped\u00edan disparar contra el pianista. Nunca hemos sido su media naranja. Y nos pone a caldo, aunque no dejo de reconocer su trabajo para lograr el final de ETA, a pesar de Andueza, que seg\u00fan \u00e9l, fue el \u00fanico y el exclusivo merecedor de un reconocimiento institucional.<\/p>\n\n\n\n<p>En el pr\u00f3logo de nuestro libro \u201cDos Familias Vascas\u201d dedicado a las figuras de Areilza y Aznar, Arzalluz habl\u00f3 de sus contactos con ETA a trav\u00e9s de Areilza. Fue al final de los setenta seg\u00fan documentaci\u00f3n que nos facilit\u00f3 Gorka Agirre. Gorka Agirre, junto a Ollora y Egibar, llamados \u201clos exploradores\u201d por Javier Atutxa, hicieron su trabajo con ese mundo lo mismo que Josu Jon Imaz, I\u00f1igo Urkullu, Genaro Garc\u00eda Andoain y Joseba Zubia. Lo malo es que a diferencia de Egiguren no han escrito nada ni tienen un botafumeiro al lado que cuente la verdadera historia que diga la verdad, es decir que quien inici\u00f3 todo aquel largo proceso desde Txiberta, Azkarraga incluido, fue el PNV. Nos deber\u00eda servir de lecci\u00f3n, pero pedir esto es como arar en el mar. Historia que no cuentas, historia que te cuentan. Cultura del Gobierno Vasco deber\u00eda promocionar se cuenten estas historias.<\/p>\n\n\n\n<p><strong>LA INCRE\u00cdBLE VISI\u00d3N ESTRAT\u00c9GICA DEL PNV<\/strong><\/p>\n\n\n\n<p>\u201cCada generaci\u00f3n, cree que est\u00e1 dedicada a rehacer el mundo. Sin embargo la m\u00eda sabe que no lo va a rehacer. Su tarea es mayor. Radica en evitar que el mundo se desmorone\u201d dijo en 1957 Albert Camus en su discurso de aceptaci\u00f3n del Premio Nobel de Literatura. Hago m\u00eda esta sabia reflexi\u00f3n.<\/p>\n\n\n\n<p>Y es que &nbsp;recientemente se ha creado un centro de interpretaci\u00f3n &nbsp;en la casa del jefe del campo de exterminio de Auschwitz, no con objeto de ver objetos testigos de aquel horror sino explicando lo que fue el nazismo, c\u00f3mo se lleg\u00f3 a \u00e9l y sus consecuencias. En Euzkadi deber\u00edamos tener un centro de interpretaci\u00f3n de lo que fue el franquismo para que no se banalice aquel mal absoluto. Si, ya s\u00e9 que estamos en tiempo de seguir a nuestros equipos de f\u00fatbol y darle al pintxo pote como toda preocupaci\u00f3n, aunque tu aitite haya sido gudari pero algo hay que hacer para que sucesores de aquel r\u00e9gimen de oprobio no queden sin respuesta y el verdadero relato no se difumine en la nada. Lo digo con preocupaci\u00f3n ante ese 20% de j\u00f3venes que dicen que con Franco se viv\u00eda mejor. Algo se est\u00e1 haciendo muy mal en quien deber\u00eda evitarlo en las Instituciones. Va con ellos.<\/p>\n\n\n\n<p><strong>UN 1975 AL PIL PIL<\/strong><\/p>\n\n\n\n<p>No me parece nada ocioso que el gobierno S\u00e1nchez acordara&nbsp;que el 20 de noviembre haya que rememorar el fallecimiento del dictador hace cincuenta a\u00f1os. Todo lo que sea recordar, a pesar de segundas intenciones, lo que fue aquella ignominia, es procedente y estupendo. Y es que ya en 1975, con toda la dictadura en pie, aquello se ve\u00eda que&nbsp;ten\u00eda fecha de caducidad. El PNV se preparaba, reun\u00eda y negociaba con los partidos del Equipo Dem\u00f3crata Cristiano del estado espa\u00f1ol&nbsp;una transici\u00f3n y ya en octubre de aquel a\u00f1o a un grupo de gente joven (entre ellos Joseba Goikoetxea, Jos\u00e9 Manuel Garagarza y Joseba Azkarraga) nos enviaron a Berl\u00edn para que la CDU alemana nos ilustrara sobre los rudimentos m\u00ednimos de un partido actuando en libertad con sus &nbsp;campa\u00f1as electorales y libertad de expresi\u00f3n. Se hab\u00eda producido en Portugal la llamada \u201crevoluci\u00f3n de los claveles\u201c en 1974 y las democracias europeas estaban inquietas. Recuerdo asimismo reuniones en reservados de la Alameda Rekalde, cerca de la casa de Ajuriaguerra donde se discut\u00eda de todo esto con el propio D. Juan Ajuriaguerra, Xabier Arzalluz, Luis M. Retolaza, Sabin Zubiri, Kepa Sodupe, Jos\u00e9 Mari Caballero, Txomin Saratxaga, Gerardo Bujanda, Jos\u00e9 Elorriaga, Luis Arredondo, Eduardo Estrade y varios m\u00e1s de tal manera que el fallecimiento del general y su represi\u00f3n \u00faltima no nos cogi\u00f3 de sorpresa. Ante aquello hab\u00eda que marcar el campo. ETA mataba, la sopa de letras era un barullo, nos acusaban de partido del pasado y era clave redactar un manifiesto que pasara la p\u00e1gina de la dictadura, y sobre todo dij\u00e9ramos quienes \u00e9ramos y lo que quer\u00edamos en tiempos radicales y revolucionarios para enfocar la actividad del PNV en democracia con las ideas muy claras y sabiendo lo que era desmontar una dictadura de acero, tremendamente cruel y muy &nbsp;feroz.<\/p>\n\n\n\n<p>Y lleg\u00f3 el 20 de noviembre y la muerte del dictador con aquel mensaje lloroso de Arias Navarro diciendo: \u201cEspa\u00f1oles. Franco ha muerto!\u201d y la gran apertura por todas partes de botellas de champagne especialmente enfriadas para la ocasi\u00f3n.<\/p>\n\n\n\n<p>Inmediatamente nos reunimos y con todo aquel acervo hist\u00f3rico se le encarg\u00f3 a Xabier Arzalluz redactar lo que result\u00f3 aquel hist\u00f3rico comunicado que reproduzco \u00edntegro y que hoy, casi cincuenta a\u00f1os despu\u00e9s me parece inmejorable,as\u00ed como &nbsp;de una gran lucidez, escrito &nbsp;con mano firme pero con los pies pisando el suelo buscando el centro pol\u00edtico frente a los extremos, y resumiendo como nadie lo que hab\u00eda que hacer. Es \u00e9ste:<\/p>\n\n\n\n<p><strong><em>\u201cAL PUEBLO VASCO<\/em><\/strong><\/p>\n\n\n\n<p><em>Con la muerte de Franco concluye una de las etapas m\u00e1s duras de la lucha del pueblo vasco. Tras cuarenta a\u00f1os de opresi\u00f3n preferencial, nuestro pueblo sigue manteniendo firmemente su voluntad de ser due\u00f1o de sus destinos.<\/em><\/p>\n\n\n\n<p><em>EUZKADI se halla ante una nueva etapa de su lucha. La desaparici\u00f3n de Franco abre un per\u00edodo decisivo, caracterizado, por la presencia de fuerzas pol\u00edticas con objetivos claramente diferenciados:<\/em><\/p>\n\n\n\n<p><em>A) Ciertas minor\u00edas est\u00e1n decididas a mantener la continuidad del R\u00e9gimen, y con ella, la tradicional opresi\u00f3n sufrida por el pueblo vasco y el sostenimiento de toda una serie de posiciones de privilegio. El PARTIDO NACIONALISTA VASCO, ante quienes defienden esta postura pol\u00edtica, no hace sino reafirmar la misma rotunda oposici\u00f3n que la que ha mantenido frente al R\u00e9gimen de Franco.<\/em><\/p>\n\n\n\n<p><em>B) Determinadas personas, y grupos pol\u00edticos creen en la posibilidad de conducir al R\u00e9gimen a trav\u00e9s de un proceso evolutivo hacia un sistema pol\u00edtico democr\u00e1tico. EL PARTIDO NACIONALISTA VASCO, frente a quienes piensan en la evoluci\u00f3n hacia una democratizaci\u00f3n, manifiesta p\u00fablicamente su escepticismo ante promesas de futuro o frente a gestos de conciliaci\u00f3n que no vayan acompa\u00f1ados de hechos reales democratizadores y de reconocimiento pr\u00e1ctico de los derechos del pueblo vasco.<\/em><\/p>\n\n\n\n<p><em>C) Otras organizaciones pol\u00edticas, en abierta oposici\u00f3n al R\u00e9gimen, propugnan la ruptura democr\u00e1tica con amnist\u00eda previa de todos los presos pol\u00edticos y sindicales, elecciones libres, creaci\u00f3n de instituciones representativas a nivel de Estado y a nivel de nacionalidades, libertad de partidos pol\u00edticos y sindicatos libres y efectiva garant\u00eda de los derechos humanos. Esta es, tambi\u00e9n, la postura del PARTIDO NACIONALISTA VASCO en esta etapa del proceso de liberaci\u00f3n de Euzkadi.<\/em><\/p>\n\n\n\n<p><em>Cualquiera que sea el pr\u00f3ximo futuro pol\u00edtico del Estado espa\u00f1ol, el PARTIDO NACIONALISTA VASCO proclama que sus metas pol\u00edticas inmediatas son:<\/em><\/p>\n\n\n\n<ul class=\"wp-block-list\">\n<li><em>que el pueblo vasco se d\u00e9 a s\u00ed mismo un gobierno representativo, que tome el relevo del que en su d\u00eda surgi\u00f3 de la voluntad popular;<\/em><ul><li><em>que el pueblo vasco pueda hacer sus propias leyes, d\u00e1ndose un Parlamento de propia elecci\u00f3n;<\/em><\/li><\/ul><ul><li><em>que EUZKADI pueda crear en su seno un r\u00e9gimen socio-econ\u00f3mico que conduzca a la formaci\u00f3n de una sociedad igualitaria y permita el ejercicio efectivo de la democracia pol\u00edtica;<\/em><\/li><\/ul><ul><li><em>que el euskera sea lengua oficial de EUZKADI y veh\u00edculo de expresi\u00f3n a todos los niveles de la cultura, de los medios de comunicaci\u00f3n y de la \u00a0vida pol\u00edtico \u2013 administrativa;<\/em><\/li><\/ul>\n<ul class=\"wp-block-list\">\n<li><em>que EUZKADI no va a constituir, una realidad\u2019 cerrada en s\u00ed misma, sino abierta a todas las formas democr\u00e1ticas de vinculaci\u00f3n de los pueblos; por ello el PARTIDO NACIONALISTA VASCO propugna el desarrollo de la unidad europea y la incorporaci\u00f3n de EUZKADI a la Europa de los pueblos, a la que pertenece, por t\u00edtulos propios, desde el umbral de la historia.<\/em><\/li>\n<\/ul>\n<\/li>\n<\/ul>\n\n\n\n<p><em>EL PARTIDO NACIONALISTA VASCO advierte, una vez m\u00e1s, que su concepto de democracia rechaza todo elitismo de cualquier grupo que bajo cualquier ropaje ideol\u00f3gico pretenda monopolizar, suplantar o manipular la voluntad popular, en perjuicio de un aut\u00e9ntico protagonismo de todo el pueblo.<\/em><\/p>\n\n\n\n<p><em>EL PARTIDO NACIONALISTA VASCO invita a esta tarea a todos los vascos, y a quienes abandonando su tierra natal, v\u00edctimas de unas estructuras injustas, desean integrarse en la sociedad vasca para transformarla y hacer de EUZKADI un pa\u00eds cada vez m\u00e1s justo y democr\u00e1tico.<\/em><\/p>\n\n\n\n<p><em>\u00a1!!GORA&nbsp;EUZKADI&nbsp;AZKATUTA!!!<\/em><\/p>\n\n\n\n<p><em>En Euzkadi, 20 de noviembre 1975<\/em><\/p>\n\n\n\n<p><strong>HIZO LO QUE HAB\u00cdA QUE HACER<\/strong><\/p>\n\n\n\n<p>En un viaje parlamentario, el senador dem\u00f3crata por Colorado nos recibi\u00f3 en su despacho. Hablamos de todo. En su mesa ten\u00eda una foto del presidente Truman con esta frase: \u201dHizo lo que hab\u00eda que hacer\u201d. Y creo que eso es lo que resume el comunicado transcrito, una denuncia &nbsp;incre\u00edble de gran altura pol\u00edtica que ha sido la hoja de ruta que nos ha llevado hasta el &nbsp;hoy. Se dice claramente que no \u00edbamos a la reforma sino a la ruptura en este comunicado de hace cincuenta a\u00f1os, rugiendo la revoluci\u00f3n a derecha e izquierda, como dir\u00eda Agirre, pero con las ideas claras y enmarcando la lucha pol\u00edtica en una Uni\u00f3n Europea en el horizonte lejano, ha logrado cuanto somos ahora.. Estoy seguro que ning\u00fan partido en ese momento se acord\u00f3 de Europa. El PNV, SI.<\/p>\n\n\n\n<p>\u00bfNo es como para sentirse orgulloso?. Hicimos lo que hab\u00eda que hacer.<\/p>\n<!-- AddThis Advanced Settings generic via filter on the_content --><!-- AddThis Share Buttons generic via filter on the_content -->","protected":false},"excerpt":{"rendered":"<p>Domingo 9 de noviembre de 2025 Jes\u00fas Egiguren present\u00f3 el pasado 27 de octubre en el Palacio de Miramar, con fanfarria y grandes aplausos, su libro \u201cMemorias Pol\u00edticas. El infierno de la transici\u00f3n vasca. Reflexiones. El fin de ETA seg\u00fan ETA\u201d. Su idea fuerza es que \u201cETA muri\u00f3 en la cama y quedan secuelas\u201d. Dice &hellip; <a href=\"https:\/\/blogs.deia.eus\/anasagasti\/2025\/11\/09\/hace-cincuenta-anos-fuimos-partidarios-de-la-ruptura\/\" class=\"more-link\">Sigue leyendo <span class=\"screen-reader-text\">HACE CINCUENTA A\u00d1OS FUIMOS PARTIDARIOS DE LA RUPTURA<\/span><\/a><!-- AddThis Advanced Settings generic via filter on get_the_excerpt --><!-- AddThis Share Buttons generic via filter on get_the_excerpt --><\/p>\n","protected":false},"author":19,"featured_media":0,"comment_status":"open","ping_status":"open","sticky":false,"template":"","format":"standard","meta":{"footnotes":""},"categories":[1],"tags":[],"class_list":["post-21062","post","type-post","status-publish","format-standard","hentry","category-general"],"_links":{"self":[{"href":"https:\/\/blogs.deia.eus\/anasagasti\/wp-json\/wp\/v2\/posts\/21062","targetHints":{"allow":["GET"]}}],"collection":[{"href":"https:\/\/blogs.deia.eus\/anasagasti\/wp-json\/wp\/v2\/posts"}],"about":[{"href":"https:\/\/blogs.deia.eus\/anasagasti\/wp-json\/wp\/v2\/types\/post"}],"author":[{"embeddable":true,"href":"https:\/\/blogs.deia.eus\/anasagasti\/wp-json\/wp\/v2\/users\/19"}],"replies":[{"embeddable":true,"href":"https:\/\/blogs.deia.eus\/anasagasti\/wp-json\/wp\/v2\/comments?post=21062"}],"version-history":[{"count":1,"href":"https:\/\/blogs.deia.eus\/anasagasti\/wp-json\/wp\/v2\/posts\/21062\/revisions"}],"predecessor-version":[{"id":21064,"href":"https:\/\/blogs.deia.eus\/anasagasti\/wp-json\/wp\/v2\/posts\/21062\/revisions\/21064"}],"wp:attachment":[{"href":"https:\/\/blogs.deia.eus\/anasagasti\/wp-json\/wp\/v2\/media?parent=21062"}],"wp:term":[{"taxonomy":"category","embeddable":true,"href":"https:\/\/blogs.deia.eus\/anasagasti\/wp-json\/wp\/v2\/categories?post=21062"},{"taxonomy":"post_tag","embeddable":true,"href":"https:\/\/blogs.deia.eus\/anasagasti\/wp-json\/wp\/v2\/tags?post=21062"}],"curies":[{"name":"wp","href":"https:\/\/api.w.org\/{rel}","templated":true}]}}