{"id":21065,"date":"2025-11-10T13:06:33","date_gmt":"2025-11-10T11:06:33","guid":{"rendered":"https:\/\/blogs.deia.eus\/anasagasti\/?p=21065"},"modified":"2025-11-10T13:06:33","modified_gmt":"2025-11-10T11:06:33","slug":"dos-comentarios-al-articulo-de-ayer","status":"publish","type":"post","link":"https:\/\/blogs.deia.eus\/anasagasti\/2025\/11\/10\/dos-comentarios-al-articulo-de-ayer\/","title":{"rendered":"DOS COMENTARIOS AL ART\u00cdCULO DE AYER."},"content":{"rendered":"\n<p><strong>Lunes 10 de noviembre de 2025<\/strong><\/p>\n\n\n<div class=\"wp-block-image\">\n<figure class=\"aligncenter size-full\"><a href=\"https:\/\/blogs.deia.eus\/anasagasti\/files\/2025\/11\/Post-10-de-noviembre.jpg\"><img loading=\"lazy\" decoding=\"async\" width=\"887\" height=\"768\" src=\"https:\/\/blogs.deia.eus\/anasagasti\/files\/2025\/11\/Post-10-de-noviembre.jpg\" alt=\"\" class=\"wp-image-21067\" srcset=\"https:\/\/blogs.deia.eus\/anasagasti\/files\/2025\/11\/Post-10-de-noviembre.jpg 887w, https:\/\/blogs.deia.eus\/anasagasti\/files\/2025\/11\/Post-10-de-noviembre-580x502.jpg 580w, https:\/\/blogs.deia.eus\/anasagasti\/files\/2025\/11\/Post-10-de-noviembre-768x665.jpg 768w\" sizes=\"auto, (max-width: 887px) 100vw, 887px\" \/><\/a><\/figure>\n<\/div>\n\n\n<p><strong>Eretza<\/strong><\/p>\n\n\n\n<p>Efectivamente, el PNV acert\u00f3 en sus grandes orientaciones estrat\u00e9gicas tras el fin de la dictadura, hace ahora cincuenta a\u00f1os, y con posicionamientos profundamente democr\u00e1ticos, centrados en lo social y gradualistas en el avance hacia el autogobierno (\u00aba la monta\u00f1a se asciende d\u00e1ndole vueltas, si tiras por directo por el repecho, acabas reventado\u00bb repet\u00eda Arzalluz), ha tra\u00eddo, junto con otros pero como actor principal, unos niveles de bienestar y de autogobierno punteros. S\u00f3lo hay que ver c\u00f3mo suspiran por tener algo parecido a un Concierto econ\u00f3mico los independentistas catalanes.<\/p>\n\n\n\n<p>Lo m\u00e1s curioso, contradictorio e injusto es que, \u00abla otra familia abertzale del pa\u00eds\u00bb, que dir\u00eda Otegi, esa que apost\u00f3 por una estrategia violenta sanguinaria, que da\u00f1\u00f3 principalmente al propio Pueblo que dec\u00eda defender, con posiciones marxistas extremas en lo econ\u00f3mico que han fracasado en cualquier rinc\u00f3n del planeta donde se han puesto en marcha, y con un asalto a la vida social que ha derivado en un totalitarismo que ense\u00f1a su zarpa en cuanto puede, desde las fiestas, a la universidad (eso s\u00ed, fascistas siempre son los dem\u00e1s), esa familia ha crecido en apoyo y parece que est\u00e1 a diez minutos de hacerse con la hegemon\u00eda del pa\u00eds. Lamentable.<\/p>\n\n\n\n<p><strong>Ca\u00fastico<\/strong><\/p>\n\n\n\n<p>Siempre ser\u00e1 m\u00e1s loable escribir un libro que darle paraguazos a tu se\u00f1ora. Unir en la misma frase la palabra infierno con la palabra vasco, siempre les da resultado a los nacionalistas espa\u00f1oles como Chusito.<\/p>\n\n\n\n<p>A mi este personaje siempre me ha dado la impresi\u00f3n de estar a falta de un hervor a pesar de su imagen de intelectual de la Paz. Pues va a ser que es muy listo y resulta que trajo la paz a Euzkadi, como Juan Carlos trajo la democracia.<\/p>\n\n\n\n<p>Siempre hay alg\u00fan espabilado, o no, que se arroga m\u00e9ritos que en todo caso corresponder\u00edan a m\u00e1s gente. Yo me quedo con la idea de que el jovencito de la foto,Juan Carlos de Borb\u00f3n, que comparte sonrisitas con el genocida, pudo disfrutar tanto durante casi cuarenta a\u00f1os no s\u00f3lo gracias al caudillo. El PSOE de Felipe, el partido de Chus, le puso alfombra roja y bes\u00f3 su blanco trasero con lealtad suprema para que no se sintiera inc\u00f3modo en ning\u00fan momento.<\/p>\n\n\n\n<p>&nbsp;El PNV de Arzalluz en cambio s\u00ed le sacaba de quicio al golfo a veces. Qu\u00e9 tiempos aquellos en los que Arzalluz bramaba en la campa de &nbsp;Araba y los de Chusito defend\u00edan la espa\u00f1olidad en Madrid.<\/p>\n\n\n\n<p>Pero qu\u00e9 problema tienen Andueza y Eguiguren, por ejemplo, en decir que son ante todo nacionalistas espa\u00f1oles y lo ejercieron de pleno derecho durante la horrenda transici\u00f3n espa\u00f1ola, pancartas aparte. Y orgulloso de ello que est\u00e1 el ejemplar se\u00f1or del paraguas. Como orgulloso debe estar Sabino del PNV de entonces. Y de aquella sociedad vasca comprometida e ilusionada con un proyecto com\u00fan.<\/p>\n<!-- AddThis Advanced Settings generic via filter on the_content --><!-- AddThis Share Buttons generic via filter on the_content -->","protected":false},"excerpt":{"rendered":"<p>Lunes 10 de noviembre de 2025 Eretza Efectivamente, el PNV acert\u00f3 en sus grandes orientaciones estrat\u00e9gicas tras el fin de la dictadura, hace ahora cincuenta a\u00f1os, y con posicionamientos profundamente democr\u00e1ticos, centrados en lo social y gradualistas en el avance hacia el autogobierno (\u00aba la monta\u00f1a se asciende d\u00e1ndole vueltas, si tiras por directo por &hellip; <a href=\"https:\/\/blogs.deia.eus\/anasagasti\/2025\/11\/10\/dos-comentarios-al-articulo-de-ayer\/\" class=\"more-link\">Sigue leyendo <span class=\"screen-reader-text\">DOS COMENTARIOS AL ART\u00cdCULO DE AYER.<\/span><\/a><!-- AddThis Advanced Settings generic via filter on get_the_excerpt --><!-- AddThis Share Buttons generic via filter on get_the_excerpt --><\/p>\n","protected":false},"author":19,"featured_media":0,"comment_status":"open","ping_status":"open","sticky":false,"template":"","format":"standard","meta":{"footnotes":""},"categories":[1],"tags":[],"class_list":["post-21065","post","type-post","status-publish","format-standard","hentry","category-general"],"_links":{"self":[{"href":"https:\/\/blogs.deia.eus\/anasagasti\/wp-json\/wp\/v2\/posts\/21065","targetHints":{"allow":["GET"]}}],"collection":[{"href":"https:\/\/blogs.deia.eus\/anasagasti\/wp-json\/wp\/v2\/posts"}],"about":[{"href":"https:\/\/blogs.deia.eus\/anasagasti\/wp-json\/wp\/v2\/types\/post"}],"author":[{"embeddable":true,"href":"https:\/\/blogs.deia.eus\/anasagasti\/wp-json\/wp\/v2\/users\/19"}],"replies":[{"embeddable":true,"href":"https:\/\/blogs.deia.eus\/anasagasti\/wp-json\/wp\/v2\/comments?post=21065"}],"version-history":[{"count":1,"href":"https:\/\/blogs.deia.eus\/anasagasti\/wp-json\/wp\/v2\/posts\/21065\/revisions"}],"predecessor-version":[{"id":21068,"href":"https:\/\/blogs.deia.eus\/anasagasti\/wp-json\/wp\/v2\/posts\/21065\/revisions\/21068"}],"wp:attachment":[{"href":"https:\/\/blogs.deia.eus\/anasagasti\/wp-json\/wp\/v2\/media?parent=21065"}],"wp:term":[{"taxonomy":"category","embeddable":true,"href":"https:\/\/blogs.deia.eus\/anasagasti\/wp-json\/wp\/v2\/categories?post=21065"},{"taxonomy":"post_tag","embeddable":true,"href":"https:\/\/blogs.deia.eus\/anasagasti\/wp-json\/wp\/v2\/tags?post=21065"}],"curies":[{"name":"wp","href":"https:\/\/api.w.org\/{rel}","templated":true}]}}