{"id":21076,"date":"2025-11-13T08:57:51","date_gmt":"2025-11-13T06:57:51","guid":{"rendered":"https:\/\/blogs.deia.eus\/anasagasti\/?p=21076"},"modified":"2025-11-13T08:57:51","modified_gmt":"2025-11-13T06:57:51","slug":"libro-recomendable-origenes-del-nacionalismo","status":"publish","type":"post","link":"https:\/\/blogs.deia.eus\/anasagasti\/2025\/11\/13\/libro-recomendable-origenes-del-nacionalismo\/","title":{"rendered":"LIBRO RECOMENDABLE. \u201cOR\u00cdGENES DEL NACIONALISMO\u201d"},"content":{"rendered":"\n<p><strong>Jueves 13 de noviembre de 2025<\/strong><\/p>\n\n\n<div class=\"wp-block-image\">\n<figure class=\"aligncenter size-large\"><a href=\"https:\/\/blogs.deia.eus\/anasagasti\/files\/2025\/11\/Comida-en-Zestoa.jpg\"><img loading=\"lazy\" decoding=\"async\" width=\"940\" height=\"684\" src=\"https:\/\/blogs.deia.eus\/anasagasti\/files\/2025\/11\/Comida-en-Zestoa-940x684.jpg\" alt=\"\" class=\"wp-image-21077\" srcset=\"https:\/\/blogs.deia.eus\/anasagasti\/files\/2025\/11\/Comida-en-Zestoa-940x684.jpg 940w, https:\/\/blogs.deia.eus\/anasagasti\/files\/2025\/11\/Comida-en-Zestoa-580x422.jpg 580w, https:\/\/blogs.deia.eus\/anasagasti\/files\/2025\/11\/Comida-en-Zestoa-768x559.jpg 768w, https:\/\/blogs.deia.eus\/anasagasti\/files\/2025\/11\/Comida-en-Zestoa-1536x1118.jpg 1536w, https:\/\/blogs.deia.eus\/anasagasti\/files\/2025\/11\/Comida-en-Zestoa.jpg 2048w\" sizes=\"auto, (max-width: 940px) 100vw, 940px\" \/><\/a><\/figure>\n<\/div>\n\n\n<p>La foto es de ayer estamos en Iraeta (Zestoa)\u00a0 en el restaurant Errota Etxea. Muy buen restaurant. La Sra nos cont\u00f3 las vicisitudes vividas por su familia en la guerra. Heridas sin curar.<\/p>\n\n\n\n<p>De izqda. A derecha el profesor Xos\u00e9 Est\u00e9vez, Pepe Casal, servidor, Josu Bergara, Joxe Joan Gonzalez &nbsp;de Txabarri, Ricardo Ansotegi y Xabier Albistur.<\/p>\n\n\n\n<p>Como he contado en anteriores ocasiones, solemos, cada cierto tiempo, personas que en su d\u00eda movimos y creamos el \u201cD\u00eda de Galiza en Euskadi\u201d y&nbsp; ante el entonces \u00e9xito nos fuimos a Galicia y organizamos&nbsp; el D\u00eda de Euzkadi en Galiza\u201d.<\/p>\n\n\n\n<p>El a\u00f1o que viene la Casa de Galiza de Bilbao cumple cien a\u00f1os el 5 de mayo de 2026 y la Irmandade 40 a\u00f1os.<\/p>\n\n\n\n<p>Y hablamos de muchas cosas. El profesor Est\u00e9vez nos record\u00f3 el Lauburu en hierro que no terminan de dar permiso en Galiza para colocarlo en el monumento a Rosal\u00eda de Castro, como tienen los catalanes.<\/p>\n\n\n\n<p>A Josu Bergara, en la foto, se le ve que tiene en la mano el libro que nos ha obsequiado el profesor Xos\u00e9 Est\u00e9vez editado por Nabarralde. \u201dOr\u00edgenes del Nacionalismo en Euskal Herria 1893-1923\u201d.<\/p>\n\n\n\n<p>Un recomendable libro donde se concatenan hechos y precursores como Larramendi y Xaho, el fuerismo surgido de las heridas del carlismo y el tr\u00e1nsito hacia la eclosi\u00f3n aranista, jalonada por hitos como la Gamazada, la Sanrocada de 1893 y su relaci\u00f3n con el posterior nacimiento del Partido Nacionalista Vasco en 1895.<\/p>\n\n\n\n<p>Libro con letra grande, doscientas p\u00e1ginas, f\u00e1cil de leer para, en dos sentadas y media, conocer de d\u00f3nde venimos pol\u00edticamente.<\/p>\n\n\n\n<p>Este libro lo presentar\u00e1 en la calle Pelota 10, el edificio La Bolsa de Bilbao en el Casco Viejo el s\u00e1bado 29 de noviembre a las 12:00h. Este a\u00f1o se cumplen 75 del fallecimiento de Castelao en Buenos Aires.<\/p>\n\n\n\n<p>Muy recomendable.<\/p>\n<!-- AddThis Advanced Settings generic via filter on the_content --><!-- AddThis Share Buttons generic via filter on the_content -->","protected":false},"excerpt":{"rendered":"<p>Jueves 13 de noviembre de 2025 La foto es de ayer estamos en Iraeta (Zestoa)\u00a0 en el restaurant Errota Etxea. Muy buen restaurant. La Sra nos cont\u00f3 las vicisitudes vividas por su familia en la guerra. Heridas sin curar. De izqda. A derecha el profesor Xos\u00e9 Est\u00e9vez, Pepe Casal, servidor, Josu Bergara, Joxe Joan Gonzalez &hellip; <a href=\"https:\/\/blogs.deia.eus\/anasagasti\/2025\/11\/13\/libro-recomendable-origenes-del-nacionalismo\/\" class=\"more-link\">Sigue leyendo <span class=\"screen-reader-text\">LIBRO RECOMENDABLE. \u201cOR\u00cdGENES DEL NACIONALISMO\u201d<\/span><\/a><!-- AddThis Advanced Settings generic via filter on get_the_excerpt --><!-- AddThis Share Buttons generic via filter on get_the_excerpt --><\/p>\n","protected":false},"author":19,"featured_media":0,"comment_status":"open","ping_status":"open","sticky":false,"template":"","format":"standard","meta":{"footnotes":""},"categories":[1],"tags":[],"class_list":["post-21076","post","type-post","status-publish","format-standard","hentry","category-general"],"_links":{"self":[{"href":"https:\/\/blogs.deia.eus\/anasagasti\/wp-json\/wp\/v2\/posts\/21076","targetHints":{"allow":["GET"]}}],"collection":[{"href":"https:\/\/blogs.deia.eus\/anasagasti\/wp-json\/wp\/v2\/posts"}],"about":[{"href":"https:\/\/blogs.deia.eus\/anasagasti\/wp-json\/wp\/v2\/types\/post"}],"author":[{"embeddable":true,"href":"https:\/\/blogs.deia.eus\/anasagasti\/wp-json\/wp\/v2\/users\/19"}],"replies":[{"embeddable":true,"href":"https:\/\/blogs.deia.eus\/anasagasti\/wp-json\/wp\/v2\/comments?post=21076"}],"version-history":[{"count":1,"href":"https:\/\/blogs.deia.eus\/anasagasti\/wp-json\/wp\/v2\/posts\/21076\/revisions"}],"predecessor-version":[{"id":21078,"href":"https:\/\/blogs.deia.eus\/anasagasti\/wp-json\/wp\/v2\/posts\/21076\/revisions\/21078"}],"wp:attachment":[{"href":"https:\/\/blogs.deia.eus\/anasagasti\/wp-json\/wp\/v2\/media?parent=21076"}],"wp:term":[{"taxonomy":"category","embeddable":true,"href":"https:\/\/blogs.deia.eus\/anasagasti\/wp-json\/wp\/v2\/categories?post=21076"},{"taxonomy":"post_tag","embeddable":true,"href":"https:\/\/blogs.deia.eus\/anasagasti\/wp-json\/wp\/v2\/tags?post=21076"}],"curies":[{"name":"wp","href":"https:\/\/api.w.org\/{rel}","templated":true}]}}