{"id":21079,"date":"2025-11-14T10:59:07","date_gmt":"2025-11-14T08:59:07","guid":{"rendered":"https:\/\/blogs.deia.eus\/anasagasti\/?p=21079"},"modified":"2025-11-14T10:59:07","modified_gmt":"2025-11-14T08:59:07","slug":"acto-solidario-en-el-batzoki-de-barakaldo","status":"publish","type":"post","link":"https:\/\/blogs.deia.eus\/anasagasti\/2025\/11\/14\/acto-solidario-en-el-batzoki-de-barakaldo\/","title":{"rendered":"ACTO SOLIDARIO EN EL BATZOKI DE BARAKALDO"},"content":{"rendered":"\n<p><strong>Viernes 14 de noviembre de 2025<\/strong><\/p>\n\n\n<div class=\"wp-block-image\">\n<figure class=\"aligncenter size-large\"><a href=\"https:\/\/blogs.deia.eus\/anasagasti\/files\/2025\/11\/Acto-en-Barakaldo.jpg\"><img loading=\"lazy\" decoding=\"async\" width=\"940\" height=\"705\" src=\"https:\/\/blogs.deia.eus\/anasagasti\/files\/2025\/11\/Acto-en-Barakaldo-940x705.jpg\" alt=\"\" class=\"wp-image-21080\" srcset=\"https:\/\/blogs.deia.eus\/anasagasti\/files\/2025\/11\/Acto-en-Barakaldo-940x705.jpg 940w, https:\/\/blogs.deia.eus\/anasagasti\/files\/2025\/11\/Acto-en-Barakaldo-580x435.jpg 580w, https:\/\/blogs.deia.eus\/anasagasti\/files\/2025\/11\/Acto-en-Barakaldo-768x576.jpg 768w, https:\/\/blogs.deia.eus\/anasagasti\/files\/2025\/11\/Acto-en-Barakaldo.jpg 1024w\" sizes=\"auto, (max-width: 940px) 100vw, 940px\" \/><\/a><\/figure>\n<\/div>\n\n\n<p>El Batzoki de Barakaldo, un espl\u00e9ndido edificio, estaba ayer lleno. En su sal\u00f3n se celebr\u00f3 un acto solidario con Venezuela bajo el t\u00edtulo de \u201c\u00bfDe qu\u00e9 manera podemos ayudar a la democracia en Venezuela?&nbsp; organizado al alim\u00f3n por Pedro Gil, presidente de la Plataforma &nbsp;de Venezolanos en Bilbao y el Bizkai Buru Batzar trabajando conjuntamente la burukide Ane Tamara e Hilaria Vianeke que all\u00ed estuvieron pendiente de que todo saliera bien y sali\u00f3.<\/p>\n\n\n\n<p>La alcaldesa de Barakaldo, Amaia del Campo, como siempre cercana y activa, abri\u00f3 el acto dando la bienvenida a Barakaldo. El presidente del BBB, I\u00f1igo Ansola y el de la Junta Municipal de Barakaldo agradecieron la numerosa presencia a &nbsp;los venezolanos y afiliados al PNV all\u00ed presentes. Pedro Gil fue dando la palabra a los distintos intervinientes.&nbsp; Carolina Jim\u00e9nez&nbsp; presidenta de la Asociaci\u00f3n Tierra de Gracia cont\u00f3 el trabajo que se est\u00e1 haciendo lo mismo que el parlamentario Mikel Arruabarrena quien narr\u00f3 su experiencia cuando tras mes y medio de trabajo logr\u00f3 que los distintos grupos de la C\u00e1mara se solidarizar\u00e1n con una demanda de libertad para los dos j\u00f3venes bilba\u00ednos encarcelados arbitrariamente en la c\u00e1rcel Rodeo I en Venezuela sin poder tener asistencia alguna ni familiar, ni consular. Era la primera vez que los familiares de Mart\u00ednez y Basoa sal\u00edan a la luz y hablaban para la prensa, en el propio Parlamento Vasco, tras la lectura de un texto &nbsp;por parte de la presidenta del Parlamento Bakartxo Tejeria.<\/p>\n\n\n\n<p>Me toc\u00f3 contar como fue el exilio a Venezuela tras la guerra civil y comienzo de la mundial en 1939&nbsp; cuando el gobierno venezolano facilit\u00f3 la acogida en aquel pa\u00eds de los 150 vascos que llegaron en el Cuba, 200 en el Flandre y 75 en el Bretagne am\u00e9n de la haza\u00f1a de los dos lanchones, la Donibane y Bigarrena que cruzaron el Atl\u00e1ntico infectado de barcos alemanes &nbsp;y de c\u00f3mo nada m\u00e1s llegar crearon la Asociaci\u00f3n de Socorros Mutuos con el lema de \u201cVasco ayuda al Vasco\u201d. Hab\u00eda fallecido uno de los exiliados y a ra\u00edz de este hecho la crearon, as\u00ed como un Pante\u00f3n Vasco en el Cementerio del Sur. La guerra mundial impidi\u00f3 que siguieran llegando vascos a Venezuela que fueron muy bien acogidos.<\/p>\n\n\n\n<p>Tras las intervenciones hubo un debate interesante por parte de los presentes&nbsp; contando sus vivencias y de c\u00f3mo ven la actual situaci\u00f3n tras el premio de la Academia a Mar\u00eda Corina Machado y las &nbsp;expectativas que se abren.<\/p>\n\n\n\n<p>Presentes asimismo en la&nbsp; sala la burukide del EBB encargada de la Acci\u00f3n Exterior del PNV, Miren Martiarena lo mismo que el Viceconsejero de Emigraci\u00f3n Xabier Galarreta.<\/p>\n\n\n\n<p>Curiosamente y coincidiendo con el acto, la c\u00f3nsul chavista de Venezuela en Bilbao, Glena Cabello, hermana de Diosdado Cabello organiz\u00f3 una charla en Algorta con la visi\u00f3n de la dictadura. El consulado de Venezuela en Bilbao sigue cerrado creando una gran extorsi\u00f3n a las personas y familias que tienen all\u00ed su documentaci\u00f3n y no arbitrando manera de realizar su funci\u00f3n.<\/p>\n\n\n\n<p>Muy bien el BBB por la organizaci\u00f3n del acto junto a la Junta Municipal de Barakaldo y la alcaldesa del municipio Amaia del Campo. En esta localidad hay ya 700 venezolanos censados.<\/p>\n\n\n\n<p>Y como no pod\u00eda faltar en un acto venezolano cerr\u00f3 el encuentro V\u00edctor Marcano con su&nbsp; saxof\u00f3n y entonando el Alma Llanera.<\/p>\n\n\n\n<p>Una tarde completa y solidaria quedando los presentes satisfechos por la iniciativa del BBB con Venezolanos en Bilbao.<\/p>\n<!-- AddThis Advanced Settings generic via filter on the_content --><!-- AddThis Share Buttons generic via filter on the_content -->","protected":false},"excerpt":{"rendered":"<p>Viernes 14 de noviembre de 2025 El Batzoki de Barakaldo, un espl\u00e9ndido edificio, estaba ayer lleno. En su sal\u00f3n se celebr\u00f3 un acto solidario con Venezuela bajo el t\u00edtulo de \u201c\u00bfDe qu\u00e9 manera podemos ayudar a la democracia en Venezuela?&nbsp; organizado al alim\u00f3n por Pedro Gil, presidente de la Plataforma &nbsp;de Venezolanos en Bilbao y &hellip; <a href=\"https:\/\/blogs.deia.eus\/anasagasti\/2025\/11\/14\/acto-solidario-en-el-batzoki-de-barakaldo\/\" class=\"more-link\">Sigue leyendo <span class=\"screen-reader-text\">ACTO SOLIDARIO EN EL BATZOKI DE BARAKALDO<\/span><\/a><!-- AddThis Advanced Settings generic via filter on get_the_excerpt --><!-- AddThis Share Buttons generic via filter on get_the_excerpt --><\/p>\n","protected":false},"author":19,"featured_media":0,"comment_status":"open","ping_status":"open","sticky":false,"template":"","format":"standard","meta":{"footnotes":""},"categories":[1],"tags":[],"class_list":["post-21079","post","type-post","status-publish","format-standard","hentry","category-general"],"_links":{"self":[{"href":"https:\/\/blogs.deia.eus\/anasagasti\/wp-json\/wp\/v2\/posts\/21079","targetHints":{"allow":["GET"]}}],"collection":[{"href":"https:\/\/blogs.deia.eus\/anasagasti\/wp-json\/wp\/v2\/posts"}],"about":[{"href":"https:\/\/blogs.deia.eus\/anasagasti\/wp-json\/wp\/v2\/types\/post"}],"author":[{"embeddable":true,"href":"https:\/\/blogs.deia.eus\/anasagasti\/wp-json\/wp\/v2\/users\/19"}],"replies":[{"embeddable":true,"href":"https:\/\/blogs.deia.eus\/anasagasti\/wp-json\/wp\/v2\/comments?post=21079"}],"version-history":[{"count":1,"href":"https:\/\/blogs.deia.eus\/anasagasti\/wp-json\/wp\/v2\/posts\/21079\/revisions"}],"predecessor-version":[{"id":21081,"href":"https:\/\/blogs.deia.eus\/anasagasti\/wp-json\/wp\/v2\/posts\/21079\/revisions\/21081"}],"wp:attachment":[{"href":"https:\/\/blogs.deia.eus\/anasagasti\/wp-json\/wp\/v2\/media?parent=21079"}],"wp:term":[{"taxonomy":"category","embeddable":true,"href":"https:\/\/blogs.deia.eus\/anasagasti\/wp-json\/wp\/v2\/categories?post=21079"},{"taxonomy":"post_tag","embeddable":true,"href":"https:\/\/blogs.deia.eus\/anasagasti\/wp-json\/wp\/v2\/tags?post=21079"}],"curies":[{"name":"wp","href":"https:\/\/api.w.org\/{rel}","templated":true}]}}