{"id":21082,"date":"2025-11-15T09:09:45","date_gmt":"2025-11-15T07:09:45","guid":{"rendered":"https:\/\/blogs.deia.eus\/anasagasti\/?p=21082"},"modified":"2025-11-15T09:09:46","modified_gmt":"2025-11-15T07:09:46","slug":"maria-corina-machado-recogera-el-premio-nobel-de-la-paz-el-10-de-diciembre","status":"publish","type":"post","link":"https:\/\/blogs.deia.eus\/anasagasti\/2025\/11\/15\/maria-corina-machado-recogera-el-premio-nobel-de-la-paz-el-10-de-diciembre\/","title":{"rendered":"MAR\u00cdA CORINA MACHADO RECOGER\u00c1 EL PREMIO NOBEL DE LA PAZ EL 10 DE DICIEMBRE."},"content":{"rendered":"\n<p><strong>S\u00e1bado 15 de noviembre de 2025<\/strong><\/p>\n\n\n<div class=\"wp-block-image\">\n<figure class=\"aligncenter size-large\"><a href=\"https:\/\/blogs.deia.eus\/anasagasti\/files\/2025\/11\/Cover-Maria-Corina-Machado.jpg\"><img loading=\"lazy\" decoding=\"async\" width=\"940\" height=\"677\" src=\"https:\/\/blogs.deia.eus\/anasagasti\/files\/2025\/11\/Cover-Maria-Corina-Machado-940x677.jpg\" alt=\"\" class=\"wp-image-21083\" srcset=\"https:\/\/blogs.deia.eus\/anasagasti\/files\/2025\/11\/Cover-Maria-Corina-Machado-940x677.jpg 940w, https:\/\/blogs.deia.eus\/anasagasti\/files\/2025\/11\/Cover-Maria-Corina-Machado-580x417.jpg 580w, https:\/\/blogs.deia.eus\/anasagasti\/files\/2025\/11\/Cover-Maria-Corina-Machado-768x553.jpg 768w, https:\/\/blogs.deia.eus\/anasagasti\/files\/2025\/11\/Cover-Maria-Corina-Machado.jpg 1024w\" sizes=\"auto, (max-width: 940px) 100vw, 940px\" \/><\/a><\/figure>\n<\/div>\n\n\n<p>El Comit\u00e9 del Premio Nobel de\u00a0 la Paz ha informado desde Noruega que Maria Corina Machado viajar\u00e1 para recibir el Premio Nobel de la Paz. Una gran noticia pues ella vive clandestinamente escondida en Venezuela. La ceremonia ser\u00e1 el 10 de diciembre.<\/p>\n\n\n\n<p>El viaje genera preocupaci\u00f3n internacional por los riesgos de seguridad.<\/p>\n\n\n\n<p><strong>La historia, a veces, tiene un sentido del humor cruel.<\/strong><\/p>\n\n\n\n<p>Durante d\u00e9cadas, la izquierda que se cree progresista se present\u00f3 como la guardiana exclusiva de los derechos humanos, la libertad y la justicia social. Cre\u00f3 una religi\u00f3n laica de la virtud, con sus santos, sus m\u00e1rtires y sus inquisidores. Hoy, esa misma izquierda calla \u2014o peor, ataca\u2014 a una mujer que encarna, m\u00e1s que nadie, el valor, la dignidad y la resistencia frente al totalitarismo: Mar\u00eda Corina Machado, Premio Nobel de la Paz 2025.<\/p>\n\n\n\n<p>No es un silencio casual. Es un silencio culpable , casi teol\u00f3gico, que nace de la verg\u00fcenza de verse desnudos ante el espejo de su hipocres\u00eda.<\/p>\n\n\n\n<p><strong>El fin del monopolio moral<\/strong><\/p>\n\n\n\n<p>Durante mucho tiempo, el progresismo crey\u00f3 tener el monopolio del bien.<\/p>\n\n\n\n<p>Crey\u00f3 que la defensa de los pobres, de las mujeres y de los oprimidos era patrimonio exclusivo de una sensibilidad pol\u00edtica. Pero la historia es una vieja ironista: fue una mujer liberal, de derecha democr\u00e1tica, quien desafi\u00f3 sola una tiran\u00eda de narcotraficantes y militares corruptos, y lo hizo sin disparar un solo tiro.<\/p>\n\n\n\n<p>Ese gesto, profundamente \u00e9tico, arrastra al suelo toda la mitolog\u00eda del izquierdismo moralista, porque demuestra que la libertad no es ideolog\u00eda, sino car\u00e1cter.<\/p>\n\n\n\n<p><strong>El feminismo que no necesitan las consignas<\/strong><\/p>\n\n\n\n<p>Machado ha humillado, con su sola existencia, al feminismo de eslogan y pancarta.<\/p>\n\n\n\n<p>No pidi\u00f3 cuotas ni privilegios: se gan\u00f3 su lugar con inteligencia, temple y sacrificio.<\/p>\n\n\n\n<p>No se visti\u00f3 con el dogma, sino con la coherencia.<\/p>\n\n\n\n<p>Por eso las feministas del mundo callan.<\/p>\n\n\n\n<p>Porque la verdadera mujer libre les resulta insoportable: no la pueden dirigir, no la pueden manipular, y menos a\u00fan usar como bandera para su ideolog\u00eda.<\/p>\n\n\n\n<p><strong>El espejo roto de la izquierda<\/strong><\/p>\n\n\n\n<p>El chavismo fue el \u00faltimo gran mito revolucionario. Un mito alimentado por intelectuales, bur\u00f3cratas internacionales y oeneg\u00e9s que confundieron el hambre con la justicia y la miseria con la igualdad.<\/p>\n\n\n\n<p>Hoy ese mito se derrumba, y lo hace con la fuerza simb\u00f3lica de un Nobel y del Premio Sarajov del Parlamento Europeo.<\/p>\n\n\n\n<p>El reconocimiento a Mar\u00eda Corina Machado es el certificado de defunci\u00f3n del socialismo latinoamericano, y por extensi\u00f3n, de toda una generaci\u00f3n de ilusiones progresistas que justificaron el horror con tal de preservar el relato.<\/p>\n\n\n\n<p>El premio a Machado no es solo un acto de justicia: es una reivindicaci\u00f3n de los valores occidentales que ese falso &nbsp;progresismo ha intentado desfigurar.<\/p>\n\n\n\n<p>Porque la libertad individual, la democracia representativa y el coraje moral no son vestigios del pasado, sino el coraz\u00f3n mismo de la civilizaci\u00f3n.<\/p>\n\n\n\n<p>El Nobel, en este caso, no se le ha dado a una ideolog\u00eda: se le ha devuelto a la conciencia.<\/p>\n\n\n\n<p><strong>Conclusi\u00f3n: el fin de una impostura<\/strong><\/p>\n\n\n\n<p>La izquierda no celebra a Mar\u00eda Corina Machado porque ella representa su derrota m\u00e1s temida: la derrota moral.<\/p>\n\n\n\n<p>Ella ha probado que se puede ser de izquierda democr\u00e1tica, de centro y de &nbsp;derecha y defender la justicia, ser liberal y sacrificarse por los pobres, ser mujer y no rendir culto al resentimiento.<\/p>\n\n\n\n<p>Su victoria es la resurrecci\u00f3n del honor, y su Nobel, el renacimiento de la verdad en medio del cinismo pol\u00edtico global.<\/p>\n\n\n\n<p>Y quiz\u00e1s por eso callan: porque saben que, con este premio, ya no hay lugar para su impostura moral.<\/p>\n\n\n\n<p>La libertad \u2014esa palabra vieja, casi olvidada\u2014 ha vuelto a tener un rostro, y es el de una mujer venezolana que se neg\u00f3 a inclinar la cabeza.<\/p>\n\n\n\n<p><\/p>\n<!-- AddThis Advanced Settings generic via filter on the_content --><!-- AddThis Share Buttons generic via filter on the_content -->","protected":false},"excerpt":{"rendered":"<p>S\u00e1bado 15 de noviembre de 2025 El Comit\u00e9 del Premio Nobel de\u00a0 la Paz ha informado desde Noruega que Maria Corina Machado viajar\u00e1 para recibir el Premio Nobel de la Paz. Una gran noticia pues ella vive clandestinamente escondida en Venezuela. La ceremonia ser\u00e1 el 10 de diciembre. El viaje genera preocupaci\u00f3n internacional por los &hellip; <a href=\"https:\/\/blogs.deia.eus\/anasagasti\/2025\/11\/15\/maria-corina-machado-recogera-el-premio-nobel-de-la-paz-el-10-de-diciembre\/\" class=\"more-link\">Sigue leyendo <span class=\"screen-reader-text\">MAR\u00cdA CORINA MACHADO RECOGER\u00c1 EL PREMIO NOBEL DE LA PAZ EL 10 DE DICIEMBRE.<\/span><\/a><!-- AddThis Advanced Settings generic via filter on get_the_excerpt --><!-- AddThis Share Buttons generic via filter on get_the_excerpt --><\/p>\n","protected":false},"author":19,"featured_media":0,"comment_status":"open","ping_status":"open","sticky":false,"template":"","format":"standard","meta":{"footnotes":""},"categories":[1],"tags":[],"class_list":["post-21082","post","type-post","status-publish","format-standard","hentry","category-general"],"_links":{"self":[{"href":"https:\/\/blogs.deia.eus\/anasagasti\/wp-json\/wp\/v2\/posts\/21082","targetHints":{"allow":["GET"]}}],"collection":[{"href":"https:\/\/blogs.deia.eus\/anasagasti\/wp-json\/wp\/v2\/posts"}],"about":[{"href":"https:\/\/blogs.deia.eus\/anasagasti\/wp-json\/wp\/v2\/types\/post"}],"author":[{"embeddable":true,"href":"https:\/\/blogs.deia.eus\/anasagasti\/wp-json\/wp\/v2\/users\/19"}],"replies":[{"embeddable":true,"href":"https:\/\/blogs.deia.eus\/anasagasti\/wp-json\/wp\/v2\/comments?post=21082"}],"version-history":[{"count":1,"href":"https:\/\/blogs.deia.eus\/anasagasti\/wp-json\/wp\/v2\/posts\/21082\/revisions"}],"predecessor-version":[{"id":21084,"href":"https:\/\/blogs.deia.eus\/anasagasti\/wp-json\/wp\/v2\/posts\/21082\/revisions\/21084"}],"wp:attachment":[{"href":"https:\/\/blogs.deia.eus\/anasagasti\/wp-json\/wp\/v2\/media?parent=21082"}],"wp:term":[{"taxonomy":"category","embeddable":true,"href":"https:\/\/blogs.deia.eus\/anasagasti\/wp-json\/wp\/v2\/categories?post=21082"},{"taxonomy":"post_tag","embeddable":true,"href":"https:\/\/blogs.deia.eus\/anasagasti\/wp-json\/wp\/v2\/tags?post=21082"}],"curies":[{"name":"wp","href":"https:\/\/api.w.org\/{rel}","templated":true}]}}