{"id":21085,"date":"2025-11-16T10:11:35","date_gmt":"2025-11-16T08:11:35","guid":{"rendered":"https:\/\/blogs.deia.eus\/anasagasti\/?p=21085"},"modified":"2025-11-16T10:11:35","modified_gmt":"2025-11-16T08:11:35","slug":"y-por-que-no-con-la-seleccion-de-ucrania","status":"publish","type":"post","link":"https:\/\/blogs.deia.eus\/anasagasti\/2025\/11\/16\/y-por-que-no-con-la-seleccion-de-ucrania\/","title":{"rendered":"\u00bfY POR QU\u00c9 NO CON LA SELECCI\u00d3N DE UCRANIA?"},"content":{"rendered":"\n<p><strong>Domingo 16 de noviembre de 2025<\/strong><\/p>\n\n\n<div class=\"wp-block-image\">\n<figure class=\"aligncenter size-large\"><a href=\"https:\/\/blogs.deia.eus\/anasagasti\/files\/2025\/11\/Seleccion-Ucrania-1.jpg\"><img loading=\"lazy\" decoding=\"async\" width=\"940\" height=\"529\" src=\"https:\/\/blogs.deia.eus\/anasagasti\/files\/2025\/11\/Seleccion-Ucrania-1-940x529.jpg\" alt=\"\" class=\"wp-image-21086\" srcset=\"https:\/\/blogs.deia.eus\/anasagasti\/files\/2025\/11\/Seleccion-Ucrania-1-940x529.jpg 940w, https:\/\/blogs.deia.eus\/anasagasti\/files\/2025\/11\/Seleccion-Ucrania-1-580x326.jpg 580w, https:\/\/blogs.deia.eus\/anasagasti\/files\/2025\/11\/Seleccion-Ucrania-1-768x432.jpg 768w, https:\/\/blogs.deia.eus\/anasagasti\/files\/2025\/11\/Seleccion-Ucrania-1.jpg 1024w\" sizes=\"auto, (max-width: 940px) 100vw, 940px\" \/><\/a><\/figure>\n<\/div>\n\n\n<p>Tras el \u00e9xito solidario de ayer en San Mam\u00e9s\u00a0se impone felicitar a la Federaci\u00f3n Vasca de F\u00fatbol por haber organizado tan bien un partido en San Mam\u00e9s reivindicando la Selecci\u00f3n Vasca asi como\u00a0 expresando con abrazos, cantos y presencia la Solidaridad con Palestina. El llenazo, pasar\u00e1 a la historia a pesar de que los medios espa\u00f1oles lo han ignorado ol\u00edmpicamente.<\/p>\n\n\n\n<p>Salvo la acci\u00f3n de algunos descerebrados quemando cuatro contenedores y alg\u00fan grito de m\u00e1s, todo ha ido bien y eso es preciso destacarlo pues mover tanta gente no es f\u00e1cil y que todo salga bien, es de nota.<\/p>\n\n\n\n<p>Me gust\u00f3 que las dos Selecciones de dos naciones sin estado, entonaran su Himno Nacional y \u00e9ste se respetara. Eso est\u00e1 muy bien. Significa madurez y cada vez se impone m\u00e1s el que, como nos comprometimos en 1982 se le dote al Himno Vasco su letra. No es dif\u00edcil, solo hace falta ponerse a ello.<\/p>\n\n\n\n<p>Palestina avanza a trancas y a barrancas consolidando un proceso que va a necesitar mucha ayuda, mucha comprensi\u00f3n y mucho capital para dise\u00f1ar un futuro donde se respeten todos los derechos humanos.<\/p>\n\n\n\n<p>Y, pasado con notable, este partido de dos Selecciones, \u00bfpor qu\u00e9 no organizar un partido similar&nbsp;con una Ucrania a quien Rusia sigue bombardeando, sigue matando ancianos y ni\u00f1os, sigue Putin tratando de imponer una victoria militar con amenazas nucleares de todo tipo y obligando a Europa a ir montando un ej\u00e9rcito y gastando en armamento lo que se deber\u00eda utilizar&nbsp;en educaci\u00f3n, por ejemplo.<\/p>\n\n\n\n<p>Ucrania tiene m\u00e1s ra\u00edces con Euzkadi que Palestina. Familias vascas han alojado a ni\u00f1os ucranianos durante d\u00e9cadas en verano y Navidades&nbsp;tras la explosi\u00f3n de Chernobyl. Ni\u00f1os&nbsp;de aquella nacionalidad machacada, que incluso algunos hablan euskera.<\/p>\n\n\n\n<p>Superado el partido con Palestina, estar\u00eda muy bien que se hiciera algo parecido con Ucrania.<\/p>\n\n\n\n<p>\u00bfO no?<\/p>\n<!-- AddThis Advanced Settings generic via filter on the_content --><!-- AddThis Share Buttons generic via filter on the_content -->","protected":false},"excerpt":{"rendered":"<p>Domingo 16 de noviembre de 2025 Tras el \u00e9xito solidario de ayer en San Mam\u00e9s\u00a0se impone felicitar a la Federaci\u00f3n Vasca de F\u00fatbol por haber organizado tan bien un partido en San Mam\u00e9s reivindicando la Selecci\u00f3n Vasca asi como\u00a0 expresando con abrazos, cantos y presencia la Solidaridad con Palestina. El llenazo, pasar\u00e1 a la historia &hellip; <a href=\"https:\/\/blogs.deia.eus\/anasagasti\/2025\/11\/16\/y-por-que-no-con-la-seleccion-de-ucrania\/\" class=\"more-link\">Sigue leyendo <span class=\"screen-reader-text\">\u00bfY POR QU\u00c9 NO CON LA SELECCI\u00d3N DE UCRANIA?<\/span><\/a><!-- AddThis Advanced Settings generic via filter on get_the_excerpt --><!-- AddThis Share Buttons generic via filter on get_the_excerpt --><\/p>\n","protected":false},"author":19,"featured_media":0,"comment_status":"open","ping_status":"open","sticky":false,"template":"","format":"standard","meta":{"footnotes":""},"categories":[1],"tags":[],"class_list":["post-21085","post","type-post","status-publish","format-standard","hentry","category-general"],"_links":{"self":[{"href":"https:\/\/blogs.deia.eus\/anasagasti\/wp-json\/wp\/v2\/posts\/21085","targetHints":{"allow":["GET"]}}],"collection":[{"href":"https:\/\/blogs.deia.eus\/anasagasti\/wp-json\/wp\/v2\/posts"}],"about":[{"href":"https:\/\/blogs.deia.eus\/anasagasti\/wp-json\/wp\/v2\/types\/post"}],"author":[{"embeddable":true,"href":"https:\/\/blogs.deia.eus\/anasagasti\/wp-json\/wp\/v2\/users\/19"}],"replies":[{"embeddable":true,"href":"https:\/\/blogs.deia.eus\/anasagasti\/wp-json\/wp\/v2\/comments?post=21085"}],"version-history":[{"count":1,"href":"https:\/\/blogs.deia.eus\/anasagasti\/wp-json\/wp\/v2\/posts\/21085\/revisions"}],"predecessor-version":[{"id":21087,"href":"https:\/\/blogs.deia.eus\/anasagasti\/wp-json\/wp\/v2\/posts\/21085\/revisions\/21087"}],"wp:attachment":[{"href":"https:\/\/blogs.deia.eus\/anasagasti\/wp-json\/wp\/v2\/media?parent=21085"}],"wp:term":[{"taxonomy":"category","embeddable":true,"href":"https:\/\/blogs.deia.eus\/anasagasti\/wp-json\/wp\/v2\/categories?post=21085"},{"taxonomy":"post_tag","embeddable":true,"href":"https:\/\/blogs.deia.eus\/anasagasti\/wp-json\/wp\/v2\/tags?post=21085"}],"curies":[{"name":"wp","href":"https:\/\/api.w.org\/{rel}","templated":true}]}}