{"id":21088,"date":"2025-11-17T10:28:12","date_gmt":"2025-11-17T08:28:12","guid":{"rendered":"https:\/\/blogs.deia.eus\/anasagasti\/?p=21088"},"modified":"2025-11-17T10:28:12","modified_gmt":"2025-11-17T08:28:12","slug":"la-verguenza-del-premio-planeta","status":"publish","type":"post","link":"https:\/\/blogs.deia.eus\/anasagasti\/2025\/11\/17\/la-verguenza-del-premio-planeta\/","title":{"rendered":"LA VERG\u00dcENZA DEL PREMIO PLANETA"},"content":{"rendered":"\n<p><strong>Lunes 17 de noviembre de 2025<\/strong><\/p>\n\n\n<div class=\"wp-block-image\">\n<figure class=\"aligncenter size-full\"><a href=\"https:\/\/blogs.deia.eus\/anasagasti\/files\/2025\/11\/JUAN-DEL-VAL_PREMIO-PLANETA.jpg\"><img loading=\"lazy\" decoding=\"async\" width=\"537\" height=\"675\" src=\"https:\/\/blogs.deia.eus\/anasagasti\/files\/2025\/11\/JUAN-DEL-VAL_PREMIO-PLANETA.jpg\" alt=\"\" class=\"wp-image-21089\" \/><\/a><\/figure>\n<\/div>\n\n\n<p>Genial texto de <a href=\"https:\/\/www.facebook.com\/profile.php?id=61560930450569&amp;__cft__%5b0%5d=AZX6zkbAqAkCvxQUcorbOWpBfFRH8gzEu93tpvylNT5S8KjnHaRhtYKsAYCg7D7dNhORY8Y7xT6spBKADGAJ6REw85o-oHLamhL-HryPJOB7-dukImsO8nP4JoRyVdRVreTzyWu6AJ4_VEdkLYJZ1heqbp9Cy6hZgVVYSX2kf1nJHw&amp;__tn__=-%5dK-R\"><strong>Rafael Narbona Monteagudo<\/strong><\/a> ante el millonario Premio Planeta a Juan del Val.<\/p>\n\n\n\n<p><strong>TIEMPO DE CANALLAS<\/strong><\/p>\n\n\n\n<p>Ser amable con los canallas constituye una ofensa a la virtud. A prop\u00f3sito de la pol\u00e9mica desatada por El odio de Luigse Mart\u00edn, Juan del Val afirm\u00f3 que la literatura est\u00e1 por encima del dolor de una madre. Nada, absolutamente nada, est\u00e1 por encima del dolor de una madre. Val se ha burlado de los animalistas y ha exaltado las corridas de toros. Solo por eso merece ser vituperado. Su comentario sobre el dolor de las madres corrobora su indignidad moral. Es un mierda y lo que escribe no merece otro calificativo.<\/p>\n\n\n\n<p>El Premio Planeta no es fruto de la deliberaci\u00f3n de un jurado. Se trata de una decisi\u00f3n empresarial. Lo s\u00e9 porque me lo han contado varias personas que lo han recibido. Me sorprende que alguien lo ignore. El mundo editorial es una ci\u00e9naga. La corrupci\u00f3n es la norma, no la excepci\u00f3n. Juan del Val no es un escritor. Escritores son figuras como Juan Mars\u00e9 o Vargas Llosa, nos caigan mejor o peor. A Vargas Llosa tuvieron que pagarle un dinero extra bajo mesa para que aceptara el premio (quer\u00edan aprovechar el prestigio asociado a su nombre) y el resultado fue la peor novela del escritor peruano. En cambio, Miguel Delibes, un hombre bueno, lo rechaz\u00f3, pues consideraba que los premios deb\u00edan utilizarse para promocionar a los autores n\u00f3veles.<\/p>\n\n\n\n<p>La literatura se est\u00e1 muriendo. Grandes escritores como Miguel S\u00e1nchez-Ostiz o Juan Gracia Armend\u00e1riz apenas venden libros, mientras aut\u00e9nticas nulidades no cesan de hacer caja con sus bodrios. Al igual que en la tele, la basura es lo que vende. Vivimos en una \u00e9poca de masas. El porcentaje de ciudadanos con criterio y esp\u00edritu cr\u00edtico es \u00ednfimo. No es algo casual, sino el efecto de la agresiva manipulaci\u00f3n ejercida desde los medios.<\/p>\n\n\n\n<p>Cabrearse con las injusticas es sano. Y cuando arp\u00edas como Ayuso cuestionan que se haya producido un genocidio en Gaza, las reacciones no pueden ser tibias. Hay que indignarse y decir claramente que solo un miserable puede afirmar algo as\u00ed. Los ni\u00f1os de la Ca\u00f1ada Real llevan cinco a\u00f1os sin luz. Casi todo el mundo lo ha olvidado. Es motivo suficiente para perder la paciencia y expresarse con rabia. &nbsp;Probablemente, Valle-Incl\u00e1n habr\u00eda empleado esos adjetivos. Y el escritor gallego, era un maestro de la lengua. La moderaci\u00f3n no es una virtud cuando se producen injusticias que claman al cielo.<\/p>\n\n\n\n<p>Por cierto, \u00bfqui\u00e9n paga a ese legi\u00f3n de bots y cuentas falsas que atacan a las voces progresistas en ultraderecha y los empresarios que la financian?. Los insultos de hoy ma\u00f1ana ser\u00e1n agresiones. Un nuevo fascismo ya se pasea impunemente por las redes y a veces por las calles. Y frente al fascismo, la tibieza y la moderaci\u00f3n solo son estupidez o complicidad<\/p>\n\n\n\n<p><strong>Rafael Narbona Monteagudo<\/strong><strong><\/strong><\/p>\n<!-- AddThis Advanced Settings generic via filter on the_content --><!-- AddThis Share Buttons generic via filter on the_content -->","protected":false},"excerpt":{"rendered":"<p>Lunes 17 de noviembre de 2025 Genial texto de Rafael Narbona Monteagudo ante el millonario Premio Planeta a Juan del Val. TIEMPO DE CANALLAS Ser amable con los canallas constituye una ofensa a la virtud. A prop\u00f3sito de la pol\u00e9mica desatada por El odio de Luigse Mart\u00edn, Juan del Val afirm\u00f3 que la literatura est\u00e1 &hellip; <a href=\"https:\/\/blogs.deia.eus\/anasagasti\/2025\/11\/17\/la-verguenza-del-premio-planeta\/\" class=\"more-link\">Sigue leyendo <span class=\"screen-reader-text\">LA VERG\u00dcENZA DEL PREMIO PLANETA<\/span><\/a><!-- AddThis Advanced Settings generic via filter on get_the_excerpt --><!-- AddThis Share Buttons generic via filter on get_the_excerpt --><\/p>\n","protected":false},"author":19,"featured_media":0,"comment_status":"open","ping_status":"open","sticky":false,"template":"","format":"standard","meta":{"footnotes":""},"categories":[1],"tags":[],"class_list":["post-21088","post","type-post","status-publish","format-standard","hentry","category-general"],"_links":{"self":[{"href":"https:\/\/blogs.deia.eus\/anasagasti\/wp-json\/wp\/v2\/posts\/21088","targetHints":{"allow":["GET"]}}],"collection":[{"href":"https:\/\/blogs.deia.eus\/anasagasti\/wp-json\/wp\/v2\/posts"}],"about":[{"href":"https:\/\/blogs.deia.eus\/anasagasti\/wp-json\/wp\/v2\/types\/post"}],"author":[{"embeddable":true,"href":"https:\/\/blogs.deia.eus\/anasagasti\/wp-json\/wp\/v2\/users\/19"}],"replies":[{"embeddable":true,"href":"https:\/\/blogs.deia.eus\/anasagasti\/wp-json\/wp\/v2\/comments?post=21088"}],"version-history":[{"count":1,"href":"https:\/\/blogs.deia.eus\/anasagasti\/wp-json\/wp\/v2\/posts\/21088\/revisions"}],"predecessor-version":[{"id":21090,"href":"https:\/\/blogs.deia.eus\/anasagasti\/wp-json\/wp\/v2\/posts\/21088\/revisions\/21090"}],"wp:attachment":[{"href":"https:\/\/blogs.deia.eus\/anasagasti\/wp-json\/wp\/v2\/media?parent=21088"}],"wp:term":[{"taxonomy":"category","embeddable":true,"href":"https:\/\/blogs.deia.eus\/anasagasti\/wp-json\/wp\/v2\/categories?post=21088"},{"taxonomy":"post_tag","embeddable":true,"href":"https:\/\/blogs.deia.eus\/anasagasti\/wp-json\/wp\/v2\/tags?post=21088"}],"curies":[{"name":"wp","href":"https:\/\/api.w.org\/{rel}","templated":true}]}}