{"id":21091,"date":"2025-11-17T21:46:24","date_gmt":"2025-11-17T19:46:24","guid":{"rendered":"https:\/\/blogs.deia.eus\/anasagasti\/?p=21091"},"modified":"2025-11-17T21:46:24","modified_gmt":"2025-11-17T19:46:24","slug":"marcos-vizcaya-y-la-asamblea-de-iruna","status":"publish","type":"post","link":"https:\/\/blogs.deia.eus\/anasagasti\/2025\/11\/17\/marcos-vizcaya-y-la-asamblea-de-iruna\/","title":{"rendered":"MARCOS VIZCAYA Y \u00a0LA ASAMBLEA DE IRU\u00d1A"},"content":{"rendered":"\n<p><strong>Lunes 17 de noviembre de 2025<\/strong><\/p>\n\n\n<div class=\"wp-block-image\">\n<figure class=\"aligncenter size-full\"><a href=\"https:\/\/blogs.deia.eus\/anasagasti\/files\/2025\/11\/Marcos-Vizcaya_Inaki-Anasagasti.jpg\"><img loading=\"lazy\" decoding=\"async\" width=\"723\" height=\"1024\" src=\"https:\/\/blogs.deia.eus\/anasagasti\/files\/2025\/11\/Marcos-Vizcaya_Inaki-Anasagasti.jpg\" alt=\"\" class=\"wp-image-21092\" srcset=\"https:\/\/blogs.deia.eus\/anasagasti\/files\/2025\/11\/Marcos-Vizcaya_Inaki-Anasagasti.jpg 723w, https:\/\/blogs.deia.eus\/anasagasti\/files\/2025\/11\/Marcos-Vizcaya_Inaki-Anasagasti-580x821.jpg 580w\" sizes=\"auto, (max-width: 723px) 100vw, 723px\" \/><\/a><\/figure>\n<\/div>\n\n\n<p>Un d\u00eda de febrero de 1977, Elixabete Bizkarralegorra nos dijo que hab\u00eda un abogado joven que trabajaba en su equipo y quer\u00eda saber lo que era el EAJ-PNV. No estaba afiliado y se me ocurri\u00f3 viniera a la Asamblea \u00a0Nacional de Iru\u00f1a como fot\u00f3grafo, ya que le gustaba asimismo la fotograf\u00eda. Y estuvo en Iru\u00f1a y con su txartela mientras sacaba fotograf\u00edas estuvo en las discusiones de las ponencias y tras aquella experiencia se afili\u00f3.<\/p>\n\n\n\n<p>Nos hac\u00eda falta abogados en aquella primera legislatura&nbsp; y cuando tuvimos que hacer las listas para ir al Congreso en Bizkaia la lista la encabezaba Juan de Ajuriaguerra, seguido por I\u00f1igo Agirre, Kepa Sodupe y aquel joven abogado que se estudi\u00f3 el reglamento electoral y se dedic\u00f3 a explicarlo en las organizaciones Municipales. Marcos Vizcaya.<\/p>\n\n\n\n<p>Tras el regreso de Xabier Arzalluz en 1979 fue designado Portavoz del PNV en el Congreso. Hab\u00eda estado en toda la discusi\u00f3n constitucional y estatutaria y le hab\u00eda tocado vivir el 23 F y, desgraciadamente, la divisi\u00f3n del PNV en 1986.<\/p>\n\n\n\n<p>En ese a\u00f1o, en junio le sustitu\u00ed como portavoz en el Congreso manteniendo con \u00e9l una relaci\u00f3n cordial insisti\u00e9ndole siempre que escribiera su experiencia parlamentaria. Y siempre me dec\u00eda que si, incluso en una de las campa\u00f1as y &nbsp;para reforzar lo hecho llamamos a todos los diputados y senadores primeros y &nbsp;all\u00ed estuvo aportando su experiencia.<\/p>\n\n\n\n<p>Era una persona cabal, un nacionalista preocupado por su pa\u00eds, un hombre bueno.<\/p>\n\n\n\n<p>Me apena mucho su fallecimiento. De los cuatro portavoces del PNV estos a\u00f1os han fallecido dos, Arzalluz y Vizcaya, dato que siendo ley de vida te golpea. Nos creemos eternos, pero la vida sigue girando sin nosotros. Y lamento mucho su fallecimiento pues con I\u00f1igo Agirre, Monforte, Elorriaga y varios m\u00e1s \u00edbamos a hacer un revival, ya que nadie lo hace. La pol\u00edtica ahora se distingue porque los que est\u00e1n piensan que todo nace con ellos.<\/p>\n\n\n\n<p>En su honor rescato el art\u00edculo que le ped\u00ed tras la Asamblea de Iru\u00f1a a la que fue como fot\u00f3grafo.<\/p>\n\n\n\n<p>Le publicamos esto:<\/p>\n\n\n\n<p><em>\u201cCOHERENCIA POLITICA<\/em><\/p>\n\n\n\n<p><em>Desde mi particular visi\u00f3n de mero espectador, la Asamblea del Partido en Iru\u00f1a me caus\u00f3 una honda impresi\u00f3n. Ello por varias razones. En primer lugar, el hecho de ser la primera Asamblea que el Partido celebraba desde hace m\u00e1s de 40 a\u00f1os daba al acto una importante trascendencia hist\u00f3rica que se reflejaba en la expectante emoci\u00f3n de todos los all\u00ed presentes. En segundo lugar, la necesidad de una remoci\u00f3n, de una adecuaci\u00f3n, de una contemporizaci\u00f3n con las exigencias actuales de nuestro pueblo supon\u00eda un reto a la Asamblea.<\/em><\/p>\n\n\n\n<p><em>Creo honradamente que el Par\u00adtido ha sabido salir airoso de esta prueba. Ah\u00ed est\u00e1n como bot\u00f3n de muestra las diversas Ponencias que se han aprobado, cuyo contenido es verdaderamente esperanzador no s\u00f3lo ya en cuanto al momento pre\u00adsente se refiere, sino por la carga de futuro que conllevan. Han entrado nuevos aires, se abren nue\u00advas puertas, se crean nuevos cau\u00adces, sobre todo se acepta el envite de una sociedad progresivamente cambiante. Esto es importante de <\/em><em>cara a las generaciones que han de tomar el relevo en plazo m\u00e1s o menos perentorio.<\/em><\/p>\n\n\n\n<p><em>Una nota que a mi parecer pue\u00adde destacarse del resultado de la Asamblea es la de que el Partido ha sabido dar un fiel reflejo de la coherencia pol\u00edtica y honradez que siempre le ha caracterizado, porque se ha conseguido el dar respuesta a la problem\u00e1tica actual sin perder el nexo de uni\u00f3n con lo que el Partido fue, sin renunciar a la esencia del mismo.<\/em><\/p>\n\n\n\n<p><em>Cabe asimismo se\u00f1alar la pre\u00adsencia en el seno del Partido de varias tendencias que aunando ex\u00adperiencia con \u00e1nimo evolucionista, dentro de la disciplina del Parti\u00addo, ofrecen un dinamismo necesario y enriquecedor que hace m\u00e1s atrac\u00adtiva la imagen moderna del Par\u00adtido Nacionalista Vasco.<\/em><\/p>\n\n\n\n<p><em>Qu\u00e9 duda cabe de que ha habi\u00addo cambios, transformaciones, etc., pero s\u00f3lo las necesarias, y lo que es a\u00fan m\u00e1s importante, son las que exigido democr\u00e1ticamente el aut\u00e9n\u00adtico motor del Partido, es decir, el pueblo, que forma su base masiva de afiliados.<\/em><\/p>\n\n\n\n<p><em>En una palabra, y para termi\u00adnar, la Asamblea de Iru\u00f1a ha con\u00adseguido en una gran medida el conjugar las connotaciones esenciales, hist\u00f3ricas y peculiares que siempre han calificado al Partido con las nuevas exigencias pol\u00edticas, socio-econ\u00f3micas, culturales y es\u00adtructurales que eran precisas para afrontar con garant\u00edas de \u00e9xito el complejo y a la vez apasionante futuro que para nuestro sufrido y entra\u00f1able pueblo parece abrirse en esta etapa\u201d.<\/em><\/p>\n\n\n\n<p>Goian Bego Marcos<\/p>\n<!-- AddThis Advanced Settings generic via filter on the_content --><!-- AddThis Share Buttons generic via filter on the_content -->","protected":false},"excerpt":{"rendered":"<p>Lunes 17 de noviembre de 2025 Un d\u00eda de febrero de 1977, Elixabete Bizkarralegorra nos dijo que hab\u00eda un abogado joven que trabajaba en su equipo y quer\u00eda saber lo que era el EAJ-PNV. No estaba afiliado y se me ocurri\u00f3 viniera a la Asamblea \u00a0Nacional de Iru\u00f1a como fot\u00f3grafo, ya que le gustaba asimismo &hellip; <a href=\"https:\/\/blogs.deia.eus\/anasagasti\/2025\/11\/17\/marcos-vizcaya-y-la-asamblea-de-iruna\/\" class=\"more-link\">Sigue leyendo <span class=\"screen-reader-text\">MARCOS VIZCAYA Y \u00a0LA ASAMBLEA DE IRU\u00d1A<\/span><\/a><!-- AddThis Advanced Settings generic via filter on get_the_excerpt --><!-- AddThis Share Buttons generic via filter on get_the_excerpt --><\/p>\n","protected":false},"author":19,"featured_media":0,"comment_status":"open","ping_status":"open","sticky":false,"template":"","format":"standard","meta":{"footnotes":""},"categories":[1],"tags":[],"class_list":["post-21091","post","type-post","status-publish","format-standard","hentry","category-general"],"_links":{"self":[{"href":"https:\/\/blogs.deia.eus\/anasagasti\/wp-json\/wp\/v2\/posts\/21091","targetHints":{"allow":["GET"]}}],"collection":[{"href":"https:\/\/blogs.deia.eus\/anasagasti\/wp-json\/wp\/v2\/posts"}],"about":[{"href":"https:\/\/blogs.deia.eus\/anasagasti\/wp-json\/wp\/v2\/types\/post"}],"author":[{"embeddable":true,"href":"https:\/\/blogs.deia.eus\/anasagasti\/wp-json\/wp\/v2\/users\/19"}],"replies":[{"embeddable":true,"href":"https:\/\/blogs.deia.eus\/anasagasti\/wp-json\/wp\/v2\/comments?post=21091"}],"version-history":[{"count":1,"href":"https:\/\/blogs.deia.eus\/anasagasti\/wp-json\/wp\/v2\/posts\/21091\/revisions"}],"predecessor-version":[{"id":21093,"href":"https:\/\/blogs.deia.eus\/anasagasti\/wp-json\/wp\/v2\/posts\/21091\/revisions\/21093"}],"wp:attachment":[{"href":"https:\/\/blogs.deia.eus\/anasagasti\/wp-json\/wp\/v2\/media?parent=21091"}],"wp:term":[{"taxonomy":"category","embeddable":true,"href":"https:\/\/blogs.deia.eus\/anasagasti\/wp-json\/wp\/v2\/categories?post=21091"},{"taxonomy":"post_tag","embeddable":true,"href":"https:\/\/blogs.deia.eus\/anasagasti\/wp-json\/wp\/v2\/tags?post=21091"}],"curies":[{"name":"wp","href":"https:\/\/api.w.org\/{rel}","templated":true}]}}