{"id":21098,"date":"2025-11-20T10:13:24","date_gmt":"2025-11-20T08:13:24","guid":{"rendered":"https:\/\/blogs.deia.eus\/anasagasti\/?p=21098"},"modified":"2025-11-20T10:13:25","modified_gmt":"2025-11-20T08:13:25","slug":"20-bulos-sobre-franco-que-la-derecha-repite-y-la-historia-desmiente","status":"publish","type":"post","link":"https:\/\/blogs.deia.eus\/anasagasti\/2025\/11\/20\/20-bulos-sobre-franco-que-la-derecha-repite-y-la-historia-desmiente\/","title":{"rendered":"20 BULOS SOBRE FRANCO QUE LA DERECHA REPITE\u2026.. Y LA HISTORIA DESMIENTE"},"content":{"rendered":"\n<p><strong>Jueves 20 de noviembre de 2025<\/strong><\/p>\n\n\n<div class=\"wp-block-image\">\n<figure class=\"aligncenter size-full\"><a href=\"https:\/\/blogs.deia.eus\/anasagasti\/files\/2025\/11\/francisco-franco.jpg\"><img loading=\"lazy\" decoding=\"async\" width=\"698\" height=\"556\" src=\"https:\/\/blogs.deia.eus\/anasagasti\/files\/2025\/11\/francisco-franco.jpg\" alt=\"\" class=\"wp-image-21099\" srcset=\"https:\/\/blogs.deia.eus\/anasagasti\/files\/2025\/11\/francisco-franco.jpg 698w, https:\/\/blogs.deia.eus\/anasagasti\/files\/2025\/11\/francisco-franco-580x462.jpg 580w\" sizes=\"auto, (max-width: 698px) 100vw, 698px\" \/><\/a><\/figure>\n<\/div>\n\n\n<p><strong>El virus rojo<\/strong><\/p>\n\n\n\n<p><strong>1.- \u00abFRANCO SALV\u00d3 A LOS JUD\u00cdOS DEL HOLOCAUSTO\u201d<\/strong><\/p>\n\n\n\n<p>Falso. Aunque algunos diplom\u00e1ticos espa\u00f1oles como \u00c1ngel Sanz Briz ayudaron a jud\u00edos, lo hicieron por iniciativa propia y en muchos casos desobedeciendo al r\u00e9gimen. Franco nunca conden\u00f3 el Holocausto y mantuvo relaciones con la Alemania nazi incluso cuando la persecuci\u00f3n jud\u00eda era evidente. No hubo una pol\u00edtica oficial de protecci\u00f3n.<\/p>\n\n\n\n<p><strong>2.- \u00abFRANCO TRAJO LA PAZ A ESPA\u00d1A<\/strong>\u00ab<\/p>\n\n\n\n<p>Falso. La \u00abpaz\u00bb franquista fue consecuencia de una guerra civil que \u00e9l mismo provoc\u00f3 con su golpe militar de 1936 contra una democracia leg\u00edtima. Despu\u00e9s, instaur\u00f3 una dictadura basada en la represi\u00f3n, censura, c\u00e1rcel, torturas y ejecuciones. No fue paz: fue victoria militar con represi\u00f3n.<\/p>\n\n\n\n<p><strong>3.- \u00abFRANCO FUE NEUTRAL EN LA SEGUNDA GUERRA MUNDIAL\u00bb<\/strong><\/p>\n\n\n\n<p>Falso. Franco no fue neutral, fue \u00abno beligerante\u00bb a favor del Eje. Envi\u00f3 la Divisi\u00f3n Azul para luchar junto a Hitler en la URSS, suministr\u00f3 materiales estrat\u00e9gicos como wolframio y cedi\u00f3 puertos y apoyo log\u00edstico a los nazis. Solo se alej\u00f3 de Alemania cuando vio que perd\u00eda la guerra.<\/p>\n\n\n\n<p><strong>4.- \u00abGRACIAS A FRANCO, ESPA\u00d1A NO PARTICIP\u00d3 EN LA SEGUNDA GUERRA MUNDIAL\u00bb<\/strong><\/p>\n\n\n\n<p>Falso. Espa\u00f1a no entr\u00f3 porque estaba devastada y hambrienta tras la Guerra Civil. El r\u00e9gimen franquista quer\u00eda participar, pero no pod\u00eda. No fue una decisi\u00f3n prudente, sino una imposibilidad econ\u00f3mica y militar.<\/p>\n\n\n\n<p><strong>5.- \u00abFRANCO MODERNIZ\u00d3 ESPA\u00d1A\u00bb<\/strong><\/p>\n\n\n\n<p>Falso. Durante m\u00e1s de 20 a\u00f1os, Franco impuso un modelo econ\u00f3mico aut\u00e1rquico que hundi\u00f3 al pa\u00eds en la pobreza. El crecimiento econ\u00f3mico lleg\u00f3 muy tarde, en los a\u00f1os 60, gracias a tecn\u00f3cratas del Opus Dei y la apertura al capital extranjero. El atraso previo fue culpa del franquismo.<\/p>\n\n\n\n<p><strong>6.- \u00abCON FRANCO NO HAB\u00cdA CORRUPCI\u00d3N\u00bb<\/strong><\/p>\n\n\n\n<p>Falso. El r\u00e9gimen franquista estuvo lleno de enchufismo, comisiones ilegales, tr\u00e1fico de influencias y clientelismo. No se conoc\u00edan muchos casos porque no hab\u00eda prensa libre ni instituciones democr\u00e1ticas para investigarlos. La falta de democracia oculta la corrupci\u00f3n, no la evita.<\/p>\n\n\n\n<p><strong>7.- \u00abFRANCO NO FUE UN DICTADOR\u00bb<\/strong><\/p>\n\n\n\n<p>Falso. Franco cumpli\u00f3 todos los requisitos de un dictador: lleg\u00f3 al poder por la fuerza, aboli\u00f3 las elecciones, suprimi\u00f3 partidos y sindicatos, censur\u00f3 la prensa, ejecut\u00f3 opositores y gobern\u00f3 con poderes absolutos. Espa\u00f1a fue una dictadura militar y personalista durante 40 a\u00f1os.<\/p>\n\n\n\n<p><strong>8.- \u00abFRANCO DEJ\u00d3 A ESPA\u00d1A UNIDA Y EN PAZ\u00bb<\/strong><\/p>\n\n\n\n<p>Falso. Dej\u00f3 un pa\u00eds socialmente fracturado, con m\u00e1s de 100.000 desaparecidos en fosas comunes, represi\u00f3n sin justicia y tensiones territoriales agravadas por su pol\u00edtica centralista y represiva, sobre todo en Catalu\u00f1a y el Pa\u00eds Vasco, donde se prohibieron lenguas y s\u00edmbolos.<\/p>\n\n\n\n<p><strong>9.- \u00abFRANCO DEFENDI\u00d3 LA IGLESIA FRENTE AL COMUNISMO\u00bb<\/strong><\/p>\n\n\n\n<p>Falso. La Iglesia fue instrumentalizada como pilar ideol\u00f3gico del r\u00e9gimen, pero Franco no actu\u00f3 por fe, sino por inter\u00e9s pol\u00edtico. La represi\u00f3n se justific\u00f3 como \u00abcruzada religiosa\u00bb, pero hubo muchos religiosos que tambi\u00e9n fueron perseguidos por no alinearse con el r\u00e9gimen.<\/p>\n\n\n\n<p><strong>10.- \u00abFRANCO EVIT\u00d3 EL CAOS DE LA REP\u00daBLICA\u00bb<\/strong><\/p>\n\n\n\n<p>Falso. La Segunda Rep\u00fablica fue una democracia legalmente constituida con avances sociales, educativos y culturales. El supuesto \u00abcaos\u00bb fue exacerbado por conspiraciones militares y sectores reaccionarios. El golpe militar de 1936 fue el verdadero causante del conflicto civil.<\/p>\n\n\n\n<p><strong>11.- \u00abFRANCO CRE\u00d3 LA SEGURIDAD SOCIAL\u00bb<\/strong><\/p>\n\n\n\n<p>Falso. La Seguridad Social espa\u00f1ola tiene or\u00edgenes anteriores a la dictadura: se remonta al Instituto Nacional de Previsi\u00f3n (1908) y a leyes republicanas. Franco centraliz\u00f3 el sistema, pero no lo cre\u00f3. Adem\u00e1s, durante su r\u00e9gimen muchos trabajadores no ten\u00edan cobertura real.<\/p>\n\n\n\n<p><strong>12.- \u00abFRANCO CONSTRUY\u00d3 TODOS LOS PANTANOS\u00bb<\/strong><\/p>\n\n\n\n<p>Falso. Muchos proyectos de pantanos ya estaban planeados o iniciados durante la Rep\u00fablica (como el Plan Nacional de Obras Hidr\u00e1ulicas de 1933). Franco se apropi\u00f3 de esas obras y las us\u00f3 como s\u00edmbolo propagand\u00edstico de modernidad, sin reconocer sus verdaderos or\u00edgenes.<\/p>\n\n\n\n<p><strong>13.- \u00abCON FRANCO HAB\u00cdA PLENO EMPLEO\u00bb<\/strong><\/p>\n\n\n\n<p>Falso. Millones de espa\u00f1oles emigraron (especialmente a Alemania, Francia y Suiza) por falta de trabajo. Las estad\u00edsticas eran falsas o maquilladas, y las mujeres eran invisibles en los datos. Adem\u00e1s, el empleo era precario, con bajos sueldos y sin apenas derechos laborales.<\/p>\n\n\n\n<p><strong>14.- \u00abFRANCO CRE\u00d3 LA CLASE MEDIA ESPA\u00d1OLA\u00bb<\/strong><\/p>\n\n\n\n<p>Falso. La clase media emergi\u00f3 gracias al crecimiento econ\u00f3mico de los a\u00f1os 60 y 70, no por voluntad del r\u00e9gimen, sino por la apertura al exterior, el turismo, y las remesas de emigrantes. Antes de eso, Espa\u00f1a era un pa\u00eds pobre, rural y con enormes desigualdades.<\/p>\n\n\n\n<p><strong>15.- \u00abCON FRANCO NO HAB\u00cdA DROGAS NI DELINCUENCIA\u00bb<\/strong><\/p>\n\n\n\n<p>Falso. Exist\u00edan, pero eran silenciadas con censura. En los a\u00f1os 60 y 70, el consumo de hero\u00edna y alcoholismo creci\u00f3, as\u00ed como la delincuencia juvenil. Los medios no pod\u00edan hablar de ello. No se eliminaban los problemas: se ocultaban.<\/p>\n\n\n\n<p><strong>16.- \u00abFRANCO RESPETABA LAS TRADICIONES CULTURALES\u00bb<\/strong><\/p>\n\n\n\n<p>Falso. Franco impuso una visi\u00f3n \u00fanica y centralista de \u00ablo espa\u00f1ol\u00bb. Se prohibieron las lenguas catalanas, gallegas y vascas en el \u00e1mbito p\u00fablico, y se persigui\u00f3 cualquier expresi\u00f3n cultural no castellanista. Solo se promov\u00eda el folklore \u201ccontrolado\u201d.<\/p>\n\n\n\n<p><strong>17.- \u00abFRANCO EVIT\u00d3 QUE ESPA\u00d1A FUERA COMUNISTA\u00bb<\/strong><\/p>\n\n\n\n<p>Falso. En 1936, Espa\u00f1a ten\u00eda una coalici\u00f3n democr\u00e1tica y moderada llamada Frente Popular. El PCE era minoritario y la URSS nunca control\u00f3 el gobierno republicano. El comunismo fue usado como excusa para justificar el golpe y la dictadura.<\/p>\n\n\n\n<p><strong>18.- \u00abFRANCO ERA AUSTERO Y NO SE ENRIQUECI\u00d3\u00bb<\/strong><\/p>\n\n\n\n<p>Falso. Franco y su familia acumularon una fortuna gracias a donaciones, propiedades, cuentas opacas y privilegios. Ejemplo claro: el Pazo de Meir\u00e1s, incautado ilegalmente y usado como residencia privada. Tambi\u00e9n cre\u00f3 fundaciones y empresas familiares con dinero p\u00fablico.<\/p>\n\n\n\n<p><strong>19.- \u00abCON FRANCO SE VIV\u00cdA SEGURO\u00bb<\/strong><\/p>\n\n\n\n<p>Falso. La \u00abseguridad\u00bb ven\u00eda del miedo y la represi\u00f3n, no del orden civil. Exist\u00edan detenciones arbitrarias, torturas, vigilancia vecinal y censura. Las c\u00e1rceles estaban llenas de presos pol\u00edticos. La gente no viv\u00eda tranquila: viv\u00eda callada por miedo.<\/p>\n\n\n\n<p><strong>20.- \u00abFRANCO DEJ\u00d3 TODO PREPARADO PARA LA DEMOCRACIA\u00bb<\/strong><\/p>\n\n\n\n<p>Falso. Franco design\u00f3 a Juan Carlos como sucesor para continuar el franquismo. La Transici\u00f3n fue posible gracias a la presi\u00f3n popular, la oposici\u00f3n clandestina y una apertura pactada tras su muerte, no por deseo del dictador.<\/p>\n\n\n\n<p>La historia no se puede reescribir con propaganda.<\/p>\n\n\n\n<p>Memoria, justicia y verdad son esenciales para una democracia sana.<\/p>\n<!-- AddThis Advanced Settings generic via filter on the_content --><!-- AddThis Share Buttons generic via filter on the_content -->","protected":false},"excerpt":{"rendered":"<p>Jueves 20 de noviembre de 2025 El virus rojo 1.- \u00abFRANCO SALV\u00d3 A LOS JUD\u00cdOS DEL HOLOCAUSTO\u201d Falso. Aunque algunos diplom\u00e1ticos espa\u00f1oles como \u00c1ngel Sanz Briz ayudaron a jud\u00edos, lo hicieron por iniciativa propia y en muchos casos desobedeciendo al r\u00e9gimen. Franco nunca conden\u00f3 el Holocausto y mantuvo relaciones con la Alemania nazi incluso cuando &hellip; <a href=\"https:\/\/blogs.deia.eus\/anasagasti\/2025\/11\/20\/20-bulos-sobre-franco-que-la-derecha-repite-y-la-historia-desmiente\/\" class=\"more-link\">Sigue leyendo <span class=\"screen-reader-text\">20 BULOS SOBRE FRANCO QUE LA DERECHA REPITE\u2026.. Y LA HISTORIA DESMIENTE<\/span><\/a><!-- AddThis Advanced Settings generic via filter on get_the_excerpt --><!-- AddThis Share Buttons generic via filter on get_the_excerpt --><\/p>\n","protected":false},"author":19,"featured_media":0,"comment_status":"open","ping_status":"open","sticky":false,"template":"","format":"standard","meta":{"footnotes":""},"categories":[1],"tags":[],"class_list":["post-21098","post","type-post","status-publish","format-standard","hentry","category-general"],"_links":{"self":[{"href":"https:\/\/blogs.deia.eus\/anasagasti\/wp-json\/wp\/v2\/posts\/21098","targetHints":{"allow":["GET"]}}],"collection":[{"href":"https:\/\/blogs.deia.eus\/anasagasti\/wp-json\/wp\/v2\/posts"}],"about":[{"href":"https:\/\/blogs.deia.eus\/anasagasti\/wp-json\/wp\/v2\/types\/post"}],"author":[{"embeddable":true,"href":"https:\/\/blogs.deia.eus\/anasagasti\/wp-json\/wp\/v2\/users\/19"}],"replies":[{"embeddable":true,"href":"https:\/\/blogs.deia.eus\/anasagasti\/wp-json\/wp\/v2\/comments?post=21098"}],"version-history":[{"count":1,"href":"https:\/\/blogs.deia.eus\/anasagasti\/wp-json\/wp\/v2\/posts\/21098\/revisions"}],"predecessor-version":[{"id":21100,"href":"https:\/\/blogs.deia.eus\/anasagasti\/wp-json\/wp\/v2\/posts\/21098\/revisions\/21100"}],"wp:attachment":[{"href":"https:\/\/blogs.deia.eus\/anasagasti\/wp-json\/wp\/v2\/media?parent=21098"}],"wp:term":[{"taxonomy":"category","embeddable":true,"href":"https:\/\/blogs.deia.eus\/anasagasti\/wp-json\/wp\/v2\/categories?post=21098"},{"taxonomy":"post_tag","embeddable":true,"href":"https:\/\/blogs.deia.eus\/anasagasti\/wp-json\/wp\/v2\/tags?post=21098"}],"curies":[{"name":"wp","href":"https:\/\/api.w.org\/{rel}","templated":true}]}}