{"id":21101,"date":"2025-11-21T10:07:10","date_gmt":"2025-11-21T08:07:10","guid":{"rendered":"https:\/\/blogs.deia.eus\/anasagasti\/?p=21101"},"modified":"2025-11-21T10:07:11","modified_gmt":"2025-11-21T08:07:11","slug":"funeral-en-mundaka-por-marcos-vizcaya","status":"publish","type":"post","link":"https:\/\/blogs.deia.eus\/anasagasti\/2025\/11\/21\/funeral-en-mundaka-por-marcos-vizcaya\/","title":{"rendered":"FUNERAL EN MUNDAKA POR MARCOS VIZCAYA"},"content":{"rendered":"\n<p><strong>Viernes 21 de noviembre de 2025<\/strong><\/p>\n\n\n<div class=\"wp-block-image\">\n<figure class=\"aligncenter size-large\"><a href=\"https:\/\/blogs.deia.eus\/anasagasti\/files\/2025\/11\/Marcos-Vizcaya_1.jpg\"><img loading=\"lazy\" decoding=\"async\" width=\"940\" height=\"705\" src=\"https:\/\/blogs.deia.eus\/anasagasti\/files\/2025\/11\/Marcos-Vizcaya_1-940x705.jpg\" alt=\"\" class=\"wp-image-21102\" srcset=\"https:\/\/blogs.deia.eus\/anasagasti\/files\/2025\/11\/Marcos-Vizcaya_1-940x705.jpg 940w, https:\/\/blogs.deia.eus\/anasagasti\/files\/2025\/11\/Marcos-Vizcaya_1-580x435.jpg 580w, https:\/\/blogs.deia.eus\/anasagasti\/files\/2025\/11\/Marcos-Vizcaya_1-768x576.jpg 768w, https:\/\/blogs.deia.eus\/anasagasti\/files\/2025\/11\/Marcos-Vizcaya_1.jpg 1024w\" sizes=\"auto, (max-width: 940px) 100vw, 940px\" \/><\/a><\/figure>\n<\/div>\n\n\n<p>Ayer jueves se celebr\u00f3 en la iglesia parroquial de Santa Mar\u00eda de Mundaka el funeral por el ex diputado Marcos Vizcaya fallecido el martes pasado. La iglesia estaba llena y la ceremonia ha sido sencilla y emotiva.<\/p>\n\n\n\n<p>El PNV, tras la muerte de&nbsp; Franco ha tenido seis portavoces en cincuenta a\u00f1os en el Congreso. Y por este orden. Xabier Arzalluz, Marcos Vizcaya, I\u00f1aki Anasagasti, Josu Erkoreka, Aitor Esteban y Maribel Vaquero. Y curiosamente los cuatro vivos hemos querido honrar a nuestro antecesor y all\u00ed hemos estado. Erkoreka, Esteban, Vaquero y yo. Honrar, honra, aunque a m\u00ed me hubiera gustado ver una esquela del EBB y del Congreso en honor a Marcos. Su trabajo durante la tramitaci\u00f3n constitucional, y la del estatuto as\u00ed como su experiencia&nbsp; en &nbsp;el 23 F, merec\u00edan letra impresa.<\/p>\n\n\n\n<p>Tambi\u00e9n ha estado el Lehendakari Urkullu, Bego\u00f1a Errasti, I\u00f1igo Ansola, Unai Rementeria, Alfonso Basagoiti, Javier Goirigolzarri, Carlos Sainz, la &nbsp;secretaria del Grupo Maybe y su marido Fernando, Javi Chalbaud, Ibon Galarraga, as\u00ed&nbsp; como Bego\u00f1a Andonegi y Ramoni. Esto en un vistazo general. Quiz\u00e1s ha &nbsp;faltado una representaci\u00f3n del actual Gobierno Vasco.<\/p>\n\n\n\n<p>Y adjunto cuatro fotos de Marcos que nos hablan de sus vivencias.<\/p>\n<!-- AddThis Advanced Settings generic via filter on the_content --><!-- AddThis Share Buttons generic via filter on the_content -->","protected":false},"excerpt":{"rendered":"<p>Viernes 21 de noviembre de 2025 Ayer jueves se celebr\u00f3 en la iglesia parroquial de Santa Mar\u00eda de Mundaka el funeral por el ex diputado Marcos Vizcaya fallecido el martes pasado. La iglesia estaba llena y la ceremonia ha sido sencilla y emotiva. El PNV, tras la muerte de&nbsp; Franco ha tenido seis portavoces en &hellip; <a href=\"https:\/\/blogs.deia.eus\/anasagasti\/2025\/11\/21\/funeral-en-mundaka-por-marcos-vizcaya\/\" class=\"more-link\">Sigue leyendo <span class=\"screen-reader-text\">FUNERAL EN MUNDAKA POR MARCOS VIZCAYA<\/span><\/a><!-- AddThis Advanced Settings generic via filter on get_the_excerpt --><!-- AddThis Share Buttons generic via filter on get_the_excerpt --><\/p>\n","protected":false},"author":19,"featured_media":0,"comment_status":"open","ping_status":"open","sticky":false,"template":"","format":"standard","meta":{"footnotes":""},"categories":[1],"tags":[],"class_list":["post-21101","post","type-post","status-publish","format-standard","hentry","category-general"],"_links":{"self":[{"href":"https:\/\/blogs.deia.eus\/anasagasti\/wp-json\/wp\/v2\/posts\/21101","targetHints":{"allow":["GET"]}}],"collection":[{"href":"https:\/\/blogs.deia.eus\/anasagasti\/wp-json\/wp\/v2\/posts"}],"about":[{"href":"https:\/\/blogs.deia.eus\/anasagasti\/wp-json\/wp\/v2\/types\/post"}],"author":[{"embeddable":true,"href":"https:\/\/blogs.deia.eus\/anasagasti\/wp-json\/wp\/v2\/users\/19"}],"replies":[{"embeddable":true,"href":"https:\/\/blogs.deia.eus\/anasagasti\/wp-json\/wp\/v2\/comments?post=21101"}],"version-history":[{"count":1,"href":"https:\/\/blogs.deia.eus\/anasagasti\/wp-json\/wp\/v2\/posts\/21101\/revisions"}],"predecessor-version":[{"id":21103,"href":"https:\/\/blogs.deia.eus\/anasagasti\/wp-json\/wp\/v2\/posts\/21101\/revisions\/21103"}],"wp:attachment":[{"href":"https:\/\/blogs.deia.eus\/anasagasti\/wp-json\/wp\/v2\/media?parent=21101"}],"wp:term":[{"taxonomy":"category","embeddable":true,"href":"https:\/\/blogs.deia.eus\/anasagasti\/wp-json\/wp\/v2\/categories?post=21101"},{"taxonomy":"post_tag","embeddable":true,"href":"https:\/\/blogs.deia.eus\/anasagasti\/wp-json\/wp\/v2\/tags?post=21101"}],"curies":[{"name":"wp","href":"https:\/\/api.w.org\/{rel}","templated":true}]}}