{"id":21114,"date":"2025-11-23T09:43:13","date_gmt":"2025-11-23T07:43:13","guid":{"rendered":"https:\/\/blogs.deia.eus\/anasagasti\/?p=21114"},"modified":"2025-11-23T09:43:14","modified_gmt":"2025-11-23T07:43:14","slug":"el-turista-tejero-y-el-embajador-aleman","status":"publish","type":"post","link":"https:\/\/blogs.deia.eus\/anasagasti\/2025\/11\/23\/el-turista-tejero-y-el-embajador-aleman\/","title":{"rendered":"EL TURISTA TEJERO Y EL EMBAJADOR ALEM\u00c1N"},"content":{"rendered":"\n<p><strong>Domingo 23 de noviembre de 2025<\/strong><\/p>\n\n\n<div class=\"wp-block-image\">\n<figure class=\"aligncenter size-full is-resized\"><a href=\"https:\/\/blogs.deia.eus\/anasagasti\/files\/2025\/11\/Tjero-y-su-esposa-en-Roma.jpg\"><img loading=\"lazy\" decoding=\"async\" width=\"200\" height=\"267\" src=\"https:\/\/blogs.deia.eus\/anasagasti\/files\/2025\/11\/Tjero-y-su-esposa-en-Roma.jpg\" alt=\"\" class=\"wp-image-21115\" style=\"width:570px;height:auto\" \/><\/a><\/figure>\n<\/div>\n\n\n<p>Aquel final&nbsp; del &nbsp;a\u00f1o 75&nbsp; tuvo muchos ejes porque todo estaba sin hacer. Uno de ellos era tratar de iniciar una nueva vida democr\u00e1tica sin presos de la dictadura en la c\u00e1rcel. Tras el entierro de Franco, el&nbsp; gobierno de Arias Navarro quer\u00eda por todos los medios mantener un franquismo sin Franco y parcheaba las situaciones. El 25 de noviembre de 1975, cinco d\u00edas&nbsp; despu\u00e9s de fallecido el general en su cama rodeado de tubos y fotografiado por su yerno Mart\u00ednez Bordi\u00fa, se decreta un indulto general.<\/p>\n\n\n\n<p>Para el 2 de diciembre hay 3.537 reclusos en libertad. El detalle es que la inmensa mayor\u00eda eran presos comunes&nbsp; y algunos presos pol\u00edticos, entre ellos los encausados en el juicio 1001 y los tres del PNV, Joseba Goikoetxea, Carlos Zarraga y Ant\u00f3n Landa encarcelados en Carabanchel por propaganda ilegal. El indulto fue considerado un insulto y solo migajas. En las c\u00e1rceles quedaban m\u00e1s de 500 presos pol\u00edticos. Ante esa realidad y superando el hecho esgrimido de si&nbsp;eran presos&nbsp;con delitos de sangre o no, se comienza a hablar y a reivindicar.<\/p>\n\n\n\n<p>En los meses de diciembre y enero se desarrolla la primera campa\u00f1a por la Amnist\u00eda que se convierte en la gran bandera porque se consideraba que deb\u00eda ser total. Parec\u00eda que la nueva situaci\u00f3n&nbsp; daba m\u00e1s juego para manifestaciones p\u00fablicas y el 4 de enero, tras una encerrona en la catedral del Buen Pastor en San Sebasti\u00e1n, dos mil personas se manifiestan por las calles&nbsp;sin que interviniera &nbsp;la polic\u00eda. El d\u00eda 13 son ya seis mil por las calles de Gasteiz y el 17, dos mil en Durango. Algo ins\u00f3lito hasta entonces porque no hay golpes, ni tiros, ni carreras. La espiral comienza a subir.<\/p>\n\n\n\n<p>No es el caso describir lo que signific\u00f3 aquel inmenso movimiento que se constituy\u00f3 en un clamor que tuvo uno de sus picos en la gigantesca manifestaci\u00f3n&nbsp; pro amnist\u00eda celebrada en Bilbao, con la participaci\u00f3n de m\u00e1s de cien mil personas. Aquello fue abrumador, y una especie de prueba del algod\u00f3n al r\u00e9gimen que se resum\u00eda en \u201dsin amnist\u00eda, no hay democracia\u201d. Y la consigna en euskera, dos palabras muy claras, AMNISTIA DENONTZAT lo inund\u00f3 todo. Todo eso se hizo. Y se hizo bien.<\/p>\n\n\n\n<p><strong>\u00bfRECONCILIACI\u00d3N?<\/strong><\/p>\n\n\n\n<p>Un 24 de junio, d\u00eda de San Juan, se celebraba la onom\u00e1stica del Rey. Est\u00e1bamos en una multitudinaria recepci\u00f3n a la caza y captura de alguna croqueta, cuando se me acerc\u00f3 Antonio Carro, uno de los hombres de confianza de Carrero Blanco y ministro de la presidencia con Arias Navarro, quien &nbsp;se\u00f1al\u00e1ndome al rey con el \u00edndice me dijo para mi sorpresa: \u201dEl culpable del 23 F, es ese. Se la pasaba diciendo perrer\u00edas contra Su\u00e1rez a los militares que le visitaban y \u00e9stos quisieron aliviarle de un presidente del gobierno, centro de sus cr\u00edticas\u201d. Me qued\u00e9 perplejo pues semejante afirmaci\u00f3n de un hombre del r\u00e9gimen no era cualquier cosa.<\/p>\n\n\n\n<p>Posteriormente me fui enterando de lo que hac\u00eda \u201cel que nos trajo la democracia\u201d y cuando se ha hecho p\u00fablico el libro \u201cReconciliaci\u00f3n\u201d y escuchar que a sus aventuras amorosas las llama simples \u201cdeslices\u201d y que en el 23 F, hubo tres golpes en uno, y \u00e9l no est\u00e1 en ninguno, he&nbsp; pensado que este se\u00f1or o nos toma por tontos o est\u00e1 preparando su funeral, tipo Isabel II o incluso una cierta reconciliaci\u00f3n con Sof\u00eda de Grecia a la que ha maltratado de manera continua. Lleg\u00f3 a decirle: \u201dSabes que no te quiero desde hace mucho. Vete con tu hermano a Londres. Conmigo no tienes nada que hacer\u201d. Frente a los adjetivos cari\u00f1osos que ahora publica est\u00e1n las escenas de humillaci\u00f3n y sometimiento del esposo que en el libro no se cuentan. Y es que Juan Carlos quiso divorciarse y casarse de nuevo. Su actitud fue cruel y hostil con su esposa Sof\u00eda pod\u00eda ser catalogada como maltrato sicol\u00f3gico punible en la Ley de Violencia de G\u00e9nero que el mismo monarca firm\u00f3 durante su mandato.<\/p>\n\n\n\n<p>No hay m\u00e1s que ver el \u00edndice onom\u00e1stico del libro donde el apellido Franco tiene cuatro veces m\u00e1s menciones que Su\u00e1rez y, por ejemplo, no hay ni una sola &nbsp;menci\u00f3n a ning\u00fan dirigente vasco, ninguna, con lo que se ve a las claras que la hija de Regis Debray, el amigo del Che Guevara, ha escrito un libro de encargo para seguir maquillando la realidad como cuando todos los gobiernos usaban el CIS para decirnos que la monarqu\u00eda era la instituci\u00f3n m\u00e1s respetada y querida. El Pacto de Silencio, funcionaba as\u00ed.<\/p>\n\n\n\n<p>Y en relaci\u00f3n con lo que dice del 23F ampar\u00e1ndose en que el general Armada, &nbsp;preceptor, ha fallecido, la cosa chirr\u00eda pues le llama nada menos que traidor. Ante semejante acusaci\u00f3n har\u00edan bien los familiares de Armada en querellarse con este caballero que sigue creyendo que la reconciliaci\u00f3n es re\u00edrle sus gracias&nbsp; y resucitar el juancarlismo socialista.<\/p>\n\n\n\n<p><strong>EN ROMA<\/strong><\/p>\n\n\n\n<p>Dec\u00eda &nbsp;Javier Landaburu que el PNV era una gran familia, adem\u00e1s de un gran partido pol\u00edtico. Con ese criterio, senadores, asistentes y amigos viajamos el 8 de enero 2014 a Roma y, a t\u00edtulo particular, estuvimos en la Audiencia General en el Vaticano, saludamos al Papa Francisco y le regalamos una argizaiola. Pero, adem\u00e1s, nos pas\u00f3 algo curioso.<\/p>\n\n\n\n<p>En el vuelo a Roma viajaba el golpista Antonio Tejero con su esposa. Un jubilado aparentemente inofensivo de 83 a\u00f1os, hoy 93 y enfermo, que a pocos llamaba la atenci\u00f3n. En el aeropuerto le recibi\u00f3 su hijo cura, un tipo grandote y, por lo que escribe en prensa, bastante carca. Ese d\u00eda por la tarde estuvimos, como no pod\u00eda ser menos, en la Fontana de Trevi y en el Pante\u00f3n. Y all\u00ed estaba de nuevo Tejero, de turista. Al d\u00eda siguiente por la tarde, fuimos a ver el Coliseo. Y all\u00ed estaba Tejero con su mujer Carmen y su hijo. Yo me apart\u00e9 y mis compa\u00f1eros furtivamente le sacaron fotos. La publicada es una de ellas. No es habitual estar en el Coliseo con un ex guardia civil golpista que con su tricornio, su mostacho, sus gritos y su pistola desenfundada oblig\u00f3 a los diputados a besar la alfombra del Congreso y dio aquel golpe de Estado de opereta.<\/p>\n\n\n\n<p>En una de estas, Tejero pidi\u00f3 a uno de los nuestros que le sacara una foto, cosa que hizo; pero cuando oy\u00f3 unas palabras en euskera cogi\u00f3 el portante y huy\u00f3 de all\u00ed como si hubiera visto al diablo. Yo me qued\u00e9 con las ganas de preguntarle lo que \u00e9l demand\u00f3 tras el golpe. \u00abAlg\u00fan d\u00eda alguien tiene que explicarme que pas\u00f3 aquella noche\u00bb. Su jefe Juan Carlos lo sabe bien aunque ahora dice que hubo tres golpes en uno..<\/p>\n\n\n\n<p><strong>LA GUERRA CIVIL NO HA TERMINADO<\/strong><\/p>\n\n\n\n<p>En 1981, a pesar de la muerte de Franco, el ej\u00e9rcito espa\u00f1ol era franquista. Lo describi\u00f3 bien Blas Pi\u00f1ar tras las pintadas de \u00abEj\u00e9rcito al poder\u00bb: \u00abEl ej\u00e9rcito espa\u00f1ol es un ej\u00e9rcito pol\u00edtico porque surgi\u00f3 de una contienda pol\u00edtica y estamos en un estado de guerra civil universal. Queramos o no, la guerra no ha terminado\u00bb. Y es que cuando muri\u00f3 Franco en 1975 todos los generales espa\u00f1oles eran bastante m\u00e1s j\u00f3venes que \u00e9l, hab\u00edan comenzado la guerra como tenientes o cadetes y pasaron toda su vida comulgando con la ideolog\u00eda oficial, vinculados por la lealtad y domesticados por la dictadura. Fue muy gr\u00e1fico lo que dijo el capit\u00e1n general de Madrid, Quintana Lacacci, el 23 de febrero de 1981. \u00abSoy un franquista que admiro la memoria del General Franco, he sido ocho a\u00f1os coronel de su regimiento. Llevo esta medalla militar que gan\u00e9 en Rusia e hice la Guerra Civil. Pero el caudillo me dio orden de obedecer a su sucesor y el rey me orden\u00f3 parar el golpe del 23-F y lo par\u00e9. Si me hubiera mandado asaltar las Cortes, las asalto\u00bb. El golpe, pues, se produjo porque el ej\u00e9rcito era franquista y por eso mismo fracas\u00f3, pues el franquismo era disciplinado y jer\u00e1rquico. Y seguramente hubo dos golpes en uno. El chapucero de Tejero y el del antiguo preceptor del rey y jefe de su Casa Militar, Alfonso Armada, al que Su\u00e1rez hab\u00eda obligado a dimitir cuando se enter\u00f3 de que en las elecciones de junio de 1977 apoy\u00f3 con papel de la Casa Real a la Alianza Popular de Manuel Fraga. Otro angelito.<\/p>\n\n\n\n<p><strong>EL EMBAJADOR ALEM\u00c1N<\/strong><\/p>\n\n\n\n<p>\u00bfSe sabr\u00e1 alg\u00fan d\u00eda lo que pas\u00f3 aquella tarde y noche? Posiblemente, pero muy poco a poco. En 2012, la revista&nbsp;<em>Der Spiegel<\/em>&nbsp;inform\u00f3 a su pa\u00eds de que el rey espa\u00f1ol habr\u00eda mostrado comprensi\u00f3n hacia los art\u00edfices del golpe de Estado, cuando no simpat\u00eda. La revista difundi\u00f3 extractos del Despacho 524, recientemente desclasificado por el Ministerio alem\u00e1n de Exteriores, donde aparec\u00eda el documento del embajador en Madrid Lothar Lahn al gobierno del Canciller Helmut Schmidt. Lahn fue embajador de 1977 a 1982 y mantuvo una conversaci\u00f3n con Juan Carlos el 26 de marzo de 1981. En la misma, Juan Carlos le cont\u00f3 sus impresiones acerca del fallido golpe. El rey, seg\u00fan el informe, \u00abno mostr\u00f3 ni desprecio ni indignaci\u00f3n frente a los actores; es m\u00e1s, mostr\u00f3 comprensi\u00f3n, cuando no simpat\u00eda\u00bb. Seg\u00fan ese mismo texto, el monarca le habr\u00eda dicho al embajador que los \u00abcabecillas solo pretend\u00edan lo que todos dese\u00e1bamos: la reinstauraci\u00f3n de la disciplina, el orden, la seguridad y la tranquilidad\u00bb. Siempre seg\u00fan el embajador, Juan Carlos le habr\u00eda manifestado que la responsabilidad \u00faltima del golpe, no fue de sus cabecillas, sino del entonces presidente Adolfo Su\u00e1rez, a quien reproch\u00f3 despreciar a los militares. Por ello habr\u00eda aconsejado influir en los tribunales para evitar un castigo severo a los art\u00edfices del 23-F. No me extra\u00f1a, pues, que tras las sentencia, el mismo Su\u00e1rez escribiera un dur\u00edsimo y silenciado art\u00edculo titulado \u00abYo discrepo\u00bb. Lo del embajador es realmente esclarecedor.<\/p>\n\n\n\n<p>La mentirosa Casa Real, como siempre, sac\u00f3 un comunicado ante estas verdades diciendo que el rey actu\u00f3 en defensa de la democracia. Falso. Fue uno de los propiciadores del golpe, por su ligereza previa al mismo. Nada nuevo bajo el sol mientras el gobierno se resiste a aprobar una ley que permita investigar y trabajar con documentaci\u00f3n catalogada de \u201cSecretos Oficiales\u201d. Hasta Trump ha tenido que agachar la cabeza con su amigo Epstein, pero aqu\u00ed, todo esto sigue siendo tab\u00fa, mientras nos adormecen con libros mentirosos como el de la falsa Reconciliaci\u00f3n.<\/p>\n<!-- AddThis Advanced Settings generic via filter on the_content --><!-- AddThis Share Buttons generic via filter on the_content -->","protected":false},"excerpt":{"rendered":"<p>Domingo 23 de noviembre de 2025 Aquel final&nbsp; del &nbsp;a\u00f1o 75&nbsp; tuvo muchos ejes porque todo estaba sin hacer. Uno de ellos era tratar de iniciar una nueva vida democr\u00e1tica sin presos de la dictadura en la c\u00e1rcel. Tras el entierro de Franco, el&nbsp; gobierno de Arias Navarro quer\u00eda por todos los medios mantener un &hellip; <a href=\"https:\/\/blogs.deia.eus\/anasagasti\/2025\/11\/23\/el-turista-tejero-y-el-embajador-aleman\/\" class=\"more-link\">Sigue leyendo <span class=\"screen-reader-text\">EL TURISTA TEJERO Y EL EMBAJADOR ALEM\u00c1N<\/span><\/a><!-- AddThis Advanced Settings generic via filter on get_the_excerpt --><!-- AddThis Share Buttons generic via filter on get_the_excerpt --><\/p>\n","protected":false},"author":19,"featured_media":0,"comment_status":"open","ping_status":"open","sticky":false,"template":"","format":"standard","meta":{"footnotes":""},"categories":[1],"tags":[],"class_list":["post-21114","post","type-post","status-publish","format-standard","hentry","category-general"],"_links":{"self":[{"href":"https:\/\/blogs.deia.eus\/anasagasti\/wp-json\/wp\/v2\/posts\/21114","targetHints":{"allow":["GET"]}}],"collection":[{"href":"https:\/\/blogs.deia.eus\/anasagasti\/wp-json\/wp\/v2\/posts"}],"about":[{"href":"https:\/\/blogs.deia.eus\/anasagasti\/wp-json\/wp\/v2\/types\/post"}],"author":[{"embeddable":true,"href":"https:\/\/blogs.deia.eus\/anasagasti\/wp-json\/wp\/v2\/users\/19"}],"replies":[{"embeddable":true,"href":"https:\/\/blogs.deia.eus\/anasagasti\/wp-json\/wp\/v2\/comments?post=21114"}],"version-history":[{"count":1,"href":"https:\/\/blogs.deia.eus\/anasagasti\/wp-json\/wp\/v2\/posts\/21114\/revisions"}],"predecessor-version":[{"id":21116,"href":"https:\/\/blogs.deia.eus\/anasagasti\/wp-json\/wp\/v2\/posts\/21114\/revisions\/21116"}],"wp:attachment":[{"href":"https:\/\/blogs.deia.eus\/anasagasti\/wp-json\/wp\/v2\/media?parent=21114"}],"wp:term":[{"taxonomy":"category","embeddable":true,"href":"https:\/\/blogs.deia.eus\/anasagasti\/wp-json\/wp\/v2\/categories?post=21114"},{"taxonomy":"post_tag","embeddable":true,"href":"https:\/\/blogs.deia.eus\/anasagasti\/wp-json\/wp\/v2\/tags?post=21114"}],"curies":[{"name":"wp","href":"https:\/\/api.w.org\/{rel}","templated":true}]}}