{"id":21120,"date":"2025-11-25T09:18:12","date_gmt":"2025-11-25T07:18:12","guid":{"rendered":"https:\/\/blogs.deia.eus\/anasagasti\/?p=21120"},"modified":"2025-11-25T09:18:52","modified_gmt":"2025-11-25T07:18:52","slug":"el-toison-de-oro","status":"publish","type":"post","link":"https:\/\/blogs.deia.eus\/anasagasti\/2025\/11\/25\/el-toison-de-oro\/","title":{"rendered":"EL TOIS\u00d3N DE ORO"},"content":{"rendered":"\n<p><strong>Martes 25 de noviembre de 2025<\/strong><\/p>\n\n\n<div class=\"wp-block-image\">\n<figure class=\"aligncenter size-large\"><a href=\"https:\/\/blogs.deia.eus\/anasagasti\/files\/2025\/11\/1429_TOSION-DE-ORO.jpg\"><img loading=\"lazy\" decoding=\"async\" width=\"940\" height=\"585\" src=\"https:\/\/blogs.deia.eus\/anasagasti\/files\/2025\/11\/1429_TOSION-DE-ORO-940x585.jpg\" alt=\"\" class=\"wp-image-21121\" srcset=\"https:\/\/blogs.deia.eus\/anasagasti\/files\/2025\/11\/1429_TOSION-DE-ORO-940x585.jpg 940w, https:\/\/blogs.deia.eus\/anasagasti\/files\/2025\/11\/1429_TOSION-DE-ORO-580x361.jpg 580w, https:\/\/blogs.deia.eus\/anasagasti\/files\/2025\/11\/1429_TOSION-DE-ORO-768x478.jpg 768w, https:\/\/blogs.deia.eus\/anasagasti\/files\/2025\/11\/1429_TOSION-DE-ORO.jpg 1024w\" sizes=\"auto, (max-width: 940px) 100vw, 940px\" \/><\/a><\/figure>\n<\/div>\n\n\n<p>Recuerdo en una de esas recepciones a la reina Sof\u00eda hablarnos del cordero colgando del Collar del Tois\u00f3n que su marido llevaba como un Arbolito de Navidad. Y viene el recuerdo pues el pasado 21 su hijo Felipe VI le condecor\u00f3 con un Collar de \u00e9stos, carnero muerto incluido, a Felipe Gonz\u00e1lez, Miguel Herrero y Rodr\u00edguez de Mi\u00f1\u00f3n y Miquel Roca.<\/p>\n\n\n\n<p>A estos dos \u00faltimos como ponentes constitucionales y he recordado como a Xabier Arzalluz, al PNV, se le excluy\u00f3 de la ponencia constitucional. De haber estado seguramente el de Azkoitia no lo hubiera recogido. Si lo ha hecho Miquel Roca que no olvidemos fue uno de los abogados defensores de la hermana del Rey, Cristina, en el caso Noos. Lo de Felipe Gonz\u00e1lez, bajo cuyo mandato surgi\u00f3 el Gal, como terrorismo de estado, es m\u00e1s dudoso, pero una mano lava la otra. Miguel Herrero, expulsado del PP, est\u00e1 bien que lo recibiera.<\/p>\n\n\n\n<p>Hablando del Tois\u00f3n, Nieves Coscostrina tiene su historia que es \u00e9sta:<\/p>\n\n\n\n<p><em>\u201cLa Orden del Tois\u00f3n de Oro naci\u00f3 el 10 de enero de 1429 en Brujas, en B\u00e9lgica, porque en esta ciudad hab\u00eda una potente industria de lana. Del collar\u00a0cuelga un carnero muerto, sujeto con una cuerda que le pasa por la barriga. Esta orden de caballer\u00eda se la invent\u00f3 el duque de Borgo\u00f1a Felipe III para celebrar que aquel d\u00eda de enero se cas\u00f3 con su tercera esposa, y decidi\u00f3 \u00e9l, porque le sali\u00f3 de su corona morena, que de ese club exclusivo formar\u00edan parte todos aquellos soberanos cristianos a los que consideraba aliados. La potestad para imponer el collar solo estaba en manos del propio duque de Borgo\u00f1a, y ese privilegio se fue heredando. Despu\u00e9s de muchos cruces, bodas y apa\u00f1os de Estado, el Tois\u00f3n de Oro pas\u00f3 a la dinast\u00eda de los Austrias y entr\u00f3 en Espa\u00f1a del cuello del primer Felipe, el guapo, tras casarse con Juana de Castilla.<\/em><\/p>\n\n\n\n<p><em>El Tois\u00f3n de Oro, por tanto, nada tiene que ver con&nbsp;<a href=\"https:\/\/www.publico.es\/opinion\/costumbre-real-robar-pero-borbones-exageran-talleyrand.html\">los borbones<\/a><\/em><em>, pero son tan tramposos que ni se han molestado en buscar alguna buena excusa, para gran cabreo de la Casa Habsburgo que defiende la condecoraci\u00f3n como propia. El Tois\u00f3n de Oro es prerrogativa solo de los reyes de la casa de Austria, y el \u00faltimo que pudo imponerlos en este pa\u00eds fue Carlos II, aquella piltrafa a la que le pusieron el eufem\u00edstico apodo de&nbsp;El Hechizado.&nbsp;Luego nos montaron una guerra de sucesi\u00f3n para ver&nbsp;qui\u00e9n se quedaba con la empresa Espa\u00f1a,<\/em><em> <\/em><em>ganaron los borbones franchutes, se encajaron en el trono y ya no les tocaba de cerca esto del Tois\u00f3n de Oro, pero como lo de imponer el collar y nombrar nuevos caballeros daba mucho brillo se hicieron el longuis y siguieron como si el cambio de dinast\u00eda no fuera con ellos\u201d.<\/em><\/p>\n<!-- AddThis Advanced Settings generic via filter on the_content --><!-- AddThis Share Buttons generic via filter on the_content -->","protected":false},"excerpt":{"rendered":"<p>Martes 25 de noviembre de 2025 Recuerdo en una de esas recepciones a la reina Sof\u00eda hablarnos del cordero colgando del Collar del Tois\u00f3n que su marido llevaba como un Arbolito de Navidad. Y viene el recuerdo pues el pasado 21 su hijo Felipe VI le condecor\u00f3 con un Collar de \u00e9stos, carnero muerto incluido, &hellip; <a href=\"https:\/\/blogs.deia.eus\/anasagasti\/2025\/11\/25\/el-toison-de-oro\/\" class=\"more-link\">Sigue leyendo <span class=\"screen-reader-text\">EL TOIS\u00d3N DE ORO<\/span><\/a><!-- AddThis Advanced Settings generic via filter on get_the_excerpt --><!-- AddThis Share Buttons generic via filter on get_the_excerpt --><\/p>\n","protected":false},"author":19,"featured_media":0,"comment_status":"open","ping_status":"open","sticky":false,"template":"","format":"standard","meta":{"footnotes":""},"categories":[1],"tags":[],"class_list":["post-21120","post","type-post","status-publish","format-standard","hentry","category-general"],"_links":{"self":[{"href":"https:\/\/blogs.deia.eus\/anasagasti\/wp-json\/wp\/v2\/posts\/21120","targetHints":{"allow":["GET"]}}],"collection":[{"href":"https:\/\/blogs.deia.eus\/anasagasti\/wp-json\/wp\/v2\/posts"}],"about":[{"href":"https:\/\/blogs.deia.eus\/anasagasti\/wp-json\/wp\/v2\/types\/post"}],"author":[{"embeddable":true,"href":"https:\/\/blogs.deia.eus\/anasagasti\/wp-json\/wp\/v2\/users\/19"}],"replies":[{"embeddable":true,"href":"https:\/\/blogs.deia.eus\/anasagasti\/wp-json\/wp\/v2\/comments?post=21120"}],"version-history":[{"count":2,"href":"https:\/\/blogs.deia.eus\/anasagasti\/wp-json\/wp\/v2\/posts\/21120\/revisions"}],"predecessor-version":[{"id":21123,"href":"https:\/\/blogs.deia.eus\/anasagasti\/wp-json\/wp\/v2\/posts\/21120\/revisions\/21123"}],"wp:attachment":[{"href":"https:\/\/blogs.deia.eus\/anasagasti\/wp-json\/wp\/v2\/media?parent=21120"}],"wp:term":[{"taxonomy":"category","embeddable":true,"href":"https:\/\/blogs.deia.eus\/anasagasti\/wp-json\/wp\/v2\/categories?post=21120"},{"taxonomy":"post_tag","embeddable":true,"href":"https:\/\/blogs.deia.eus\/anasagasti\/wp-json\/wp\/v2\/tags?post=21120"}],"curies":[{"name":"wp","href":"https:\/\/api.w.org\/{rel}","templated":true}]}}