{"id":21124,"date":"2025-11-26T09:08:45","date_gmt":"2025-11-26T07:08:45","guid":{"rendered":"https:\/\/blogs.deia.eus\/anasagasti\/?p=21124"},"modified":"2025-11-26T09:08:45","modified_gmt":"2025-11-26T07:08:45","slug":"nos-reunimos-diputados-del-grupo-vasco-de-hace-veinte-anos","status":"publish","type":"post","link":"https:\/\/blogs.deia.eus\/anasagasti\/2025\/11\/26\/nos-reunimos-diputados-del-grupo-vasco-de-hace-veinte-anos\/","title":{"rendered":"NOS REUNIMOS DIPUTADOS DEL GRUPO VASCO DE HACE VEINTE A\u00d1OS."},"content":{"rendered":"\n<p><strong>Mi\u00e9rcoles 26 de noviembre de 2025<\/strong><\/p>\n\n\n<div class=\"wp-block-image\">\n<figure class=\"aligncenter size-full\"><a href=\"https:\/\/blogs.deia.eus\/anasagasti\/files\/2025\/11\/Diputados-ern-Madrid_2.jpg\"><img loading=\"lazy\" decoding=\"async\" width=\"933\" height=\"768\" src=\"https:\/\/blogs.deia.eus\/anasagasti\/files\/2025\/11\/Diputados-ern-Madrid_2.jpg\" alt=\"\" class=\"wp-image-21125\" srcset=\"https:\/\/blogs.deia.eus\/anasagasti\/files\/2025\/11\/Diputados-ern-Madrid_2.jpg 933w, https:\/\/blogs.deia.eus\/anasagasti\/files\/2025\/11\/Diputados-ern-Madrid_2-580x477.jpg 580w, https:\/\/blogs.deia.eus\/anasagasti\/files\/2025\/11\/Diputados-ern-Madrid_2-768x632.jpg 768w\" sizes=\"auto, (max-width: 933px) 100vw, 933px\" \/><\/a><\/figure>\n<\/div>\n\n\n<p>Diputados al Congreso de Araba, Bizkaia y Gipuzkoa del EAJ-PNV de hace veinte a\u00f1os nos reunimos &nbsp;para tener una comida y arreglar el mundo. Si la buena pol\u00edtica es \u201ccomplicidad con amistad\u201d decidimos autoconvocarnos ayer martes y dimos cuenta de un buen men\u00fa en el Getaria, a cuenta de nuestros bolsillos. Lo digo porque somos ya simples peatones.<\/p>\n\n\n\n<p>Ha sido muy agradable ser visitados al principio de la comida por Ana Erkoreka que trabaj\u00f3 con nosotros en Madrid.<\/p>\n\n\n\n<p>De la foto&nbsp; en Madrid junto a los leones faltaron I\u00f1aki Txueka por un quebranto de salud y Otxoa de Eribe por un problema de log\u00edstica. Carlos Caballero sustituy\u00f3 a Mar\u00eda Jes\u00fas Agirre en Madrid y ha estado en la comida.<\/p>\n\n\n\n<p>No arreglamos el mundo pero hablamos de todo con amistad, &nbsp;y preocupaci\u00f3n. Hasta del PNV. Todos somos afiliados, hemos ostentado cargos en todas las instituciones, Gobierno, Partido, Diputaci\u00f3n, Ayuntamiento, Consejo General del Poder Judicial y ese bulul\u00fa de datos e informaci\u00f3n han sido fant\u00e1sticos. Si hubiera habido un taqu\u00edgrafo habr\u00eda escrito la historia del Pa\u00eds en estos treinta a\u00f1os. Con nombres y apellidos.<\/p>\n\n\n\n<p>L\u00e1stima que en la actualidad no se aproveche la experiencia, que ya no es un grado. Al rev\u00e9s. Hoy quienes est\u00e1n, salvo excepciones, creen que la pol\u00edtica naci\u00f3 con ellos. Lo dicen sin ruborizarse y sin tener en cuenta que el PNV tiene 130 a\u00f1os. Y sin embargo&nbsp; es mucha el agua que ha pasado debajo de los puentes. Y luego nos dicen que \u201cla cadena no se rompe\u201d. En fin.<\/p>\n\n\n\n<p>Una buena comida, una buena compa\u00f1\u00eda, una buena sobremesa, una buena fotograf\u00eda. Repetiremos.<\/p>\n\n\n<div class=\"wp-block-image\">\n<figure class=\"aligncenter size-large\"><a href=\"https:\/\/blogs.deia.eus\/anasagasti\/files\/2025\/11\/Comida-en-el-Getaria.jpg\"><img loading=\"lazy\" decoding=\"async\" width=\"940\" height=\"604\" src=\"https:\/\/blogs.deia.eus\/anasagasti\/files\/2025\/11\/Comida-en-el-Getaria-940x604.jpg\" alt=\"\" class=\"wp-image-21126\" srcset=\"https:\/\/blogs.deia.eus\/anasagasti\/files\/2025\/11\/Comida-en-el-Getaria-940x604.jpg 940w, https:\/\/blogs.deia.eus\/anasagasti\/files\/2025\/11\/Comida-en-el-Getaria-580x373.jpg 580w, https:\/\/blogs.deia.eus\/anasagasti\/files\/2025\/11\/Comida-en-el-Getaria-768x494.jpg 768w, https:\/\/blogs.deia.eus\/anasagasti\/files\/2025\/11\/Comida-en-el-Getaria.jpg 1024w\" sizes=\"auto, (max-width: 940px) 100vw, 940px\" \/><\/a><\/figure>\n<\/div><!-- AddThis Advanced Settings generic via filter on the_content --><!-- AddThis Share Buttons generic via filter on the_content -->","protected":false},"excerpt":{"rendered":"<p>Mi\u00e9rcoles 26 de noviembre de 2025 Diputados al Congreso de Araba, Bizkaia y Gipuzkoa del EAJ-PNV de hace veinte a\u00f1os nos reunimos &nbsp;para tener una comida y arreglar el mundo. Si la buena pol\u00edtica es \u201ccomplicidad con amistad\u201d decidimos autoconvocarnos ayer martes y dimos cuenta de un buen men\u00fa en el Getaria, a cuenta de &hellip; <a href=\"https:\/\/blogs.deia.eus\/anasagasti\/2025\/11\/26\/nos-reunimos-diputados-del-grupo-vasco-de-hace-veinte-anos\/\" class=\"more-link\">Sigue leyendo <span class=\"screen-reader-text\">NOS REUNIMOS DIPUTADOS DEL GRUPO VASCO DE HACE VEINTE A\u00d1OS.<\/span><\/a><!-- AddThis Advanced Settings generic via filter on get_the_excerpt --><!-- AddThis Share Buttons generic via filter on get_the_excerpt --><\/p>\n","protected":false},"author":19,"featured_media":0,"comment_status":"open","ping_status":"open","sticky":false,"template":"","format":"standard","meta":{"footnotes":""},"categories":[1],"tags":[],"class_list":["post-21124","post","type-post","status-publish","format-standard","hentry","category-general"],"_links":{"self":[{"href":"https:\/\/blogs.deia.eus\/anasagasti\/wp-json\/wp\/v2\/posts\/21124","targetHints":{"allow":["GET"]}}],"collection":[{"href":"https:\/\/blogs.deia.eus\/anasagasti\/wp-json\/wp\/v2\/posts"}],"about":[{"href":"https:\/\/blogs.deia.eus\/anasagasti\/wp-json\/wp\/v2\/types\/post"}],"author":[{"embeddable":true,"href":"https:\/\/blogs.deia.eus\/anasagasti\/wp-json\/wp\/v2\/users\/19"}],"replies":[{"embeddable":true,"href":"https:\/\/blogs.deia.eus\/anasagasti\/wp-json\/wp\/v2\/comments?post=21124"}],"version-history":[{"count":1,"href":"https:\/\/blogs.deia.eus\/anasagasti\/wp-json\/wp\/v2\/posts\/21124\/revisions"}],"predecessor-version":[{"id":21127,"href":"https:\/\/blogs.deia.eus\/anasagasti\/wp-json\/wp\/v2\/posts\/21124\/revisions\/21127"}],"wp:attachment":[{"href":"https:\/\/blogs.deia.eus\/anasagasti\/wp-json\/wp\/v2\/media?parent=21124"}],"wp:term":[{"taxonomy":"category","embeddable":true,"href":"https:\/\/blogs.deia.eus\/anasagasti\/wp-json\/wp\/v2\/categories?post=21124"},{"taxonomy":"post_tag","embeddable":true,"href":"https:\/\/blogs.deia.eus\/anasagasti\/wp-json\/wp\/v2\/tags?post=21124"}],"curies":[{"name":"wp","href":"https:\/\/api.w.org\/{rel}","templated":true}]}}