{"id":21129,"date":"2025-11-27T10:47:03","date_gmt":"2025-11-27T08:47:03","guid":{"rendered":"https:\/\/blogs.deia.eus\/anasagasti\/?p=21129"},"modified":"2025-11-27T10:48:40","modified_gmt":"2025-11-27T08:48:40","slug":"aquel-embajador-aleman-y-las-personas-que-seran-olvidadas","status":"publish","type":"post","link":"https:\/\/blogs.deia.eus\/anasagasti\/2025\/11\/27\/aquel-embajador-aleman-y-las-personas-que-seran-olvidadas\/","title":{"rendered":"AQUEL EMBAJADOR ALEM\u00c1N Y LAS PERSONAS QUE SER\u00c1N OLVIDADAS."},"content":{"rendered":"\n<p><strong>Jueves 27 de noviembre de 2025<\/strong><\/p>\n\n\n<div class=\"wp-block-image\">\n<figure class=\"aligncenter size-large\"><a href=\"https:\/\/blogs.deia.eus\/anasagasti\/files\/2025\/11\/Eduardo-Vallejo.jpg\"><img loading=\"lazy\" decoding=\"async\" width=\"940\" height=\"719\" src=\"https:\/\/blogs.deia.eus\/anasagasti\/files\/2025\/11\/Eduardo-Vallejo-940x719.jpg\" alt=\"\" class=\"wp-image-21130\" srcset=\"https:\/\/blogs.deia.eus\/anasagasti\/files\/2025\/11\/Eduardo-Vallejo-940x719.jpg 940w, https:\/\/blogs.deia.eus\/anasagasti\/files\/2025\/11\/Eduardo-Vallejo-580x444.jpg 580w, https:\/\/blogs.deia.eus\/anasagasti\/files\/2025\/11\/Eduardo-Vallejo-768x587.jpg 768w, https:\/\/blogs.deia.eus\/anasagasti\/files\/2025\/11\/Eduardo-Vallejo.jpg 1004w\" sizes=\"auto, (max-width: 940px) 100vw, 940px\" \/><\/a><\/figure>\n<\/div>\n\n\n<p>Ma\u00f1ana se vivir\u00e1 en Gernika una reconciliaci\u00f3n hist\u00f3rica. No s\u00e9 qu\u00e9 har\u00e1 ni dir\u00e1 &nbsp;Felipe VI, hijo de un se\u00f1or que sigue alabando a Franco, pero al parecer el presidente alem\u00e1n tomar\u00e1 el hilo del presidente Rom\u00e1n Herzog quien en 1997, cincuenta aniversario de la masacre, pidi\u00f3 perd\u00f3n por el bombardeo de Gernika. Ley\u00f3 la carta su embajador en Madrid&nbsp; Henning Wegener.<\/p>\n\n\n\n<p>Preguntan algunos que por qu\u00e9 tienen que pedir perd\u00f3n. Pues porque es un s\u00edmbolo, fue un banco de pruebas, fue el primer bombardeo a una ciudad abierta, y Picasso pint\u00f3 un cuadro que se convirti\u00f3 en una referencia mundial &nbsp;a la hora de pedir la Paz. \u00bfQue ha habido otros muchos?. Por supuesto y los \u00faltimos en Palestina y Ucrania, pero \u00e9ste junto a Otxandiano, Amorebieta, Durango, fueron los primeros. Y es bueno que gestos humanitarios se plasmen como pedagog\u00eda c\u00edvica.<\/p>\n\n\n\n<p>Pero es obligatorio recordar que esta demanda es antigua.<\/p>\n\n\n\n<p>Me acuerdo de haber solicitado una entrevista con el embajador alem\u00e1n Guido Brunner, am\u00e9n de decenas de preguntas e interpelaciones. El embajador me &nbsp;recibi\u00f3 en su despacho de Madrid y cuando le propuse la iniciativa se puso de pie y gritando, si gritando, me dijo que si yo le estaba viendo con el uniforme de la&nbsp; Lutfwaffe puesto. Que \u00e9l no hab\u00eda sido piloto de la Legi\u00f3n C\u00f3ndor y que no le volvi\u00e9ramos a pedir nada parecido. Que la Alemania que \u00e9l representaba nada&nbsp; ten\u00eda que ver con la Alemania hitleriana.<\/p>\n\n\n\n<p>Fue una escena muy desagradable. Me qued\u00e9 planchado ante su vehemencia.<\/p>\n\n\n\n<p>Ha pasado el tiempo y viene a Gernika el presidente alem\u00e1n Frank Steinmeier, quien antes ha pedido perd\u00f3n por la masacre del Gueto de Varsovia. Nada menos. Tras \u00e9sto hay mucha gente que lo ha ido trabajando para lograr la escena de ma\u00f1ana y me acuerdo de cuatro personas: Petra Kelly, el alcalde &nbsp;Eduardo Vallejo, y un padre y una hija constantes, los Aperribai. Seguramente nadie les recordar\u00e1 ni invitar\u00e1 porque las nuevas generaciones piensan que la historia comienza con ellos.<\/p>\n\n\n\n<p>Y no solo eso, sino &nbsp;en el caso del alcalde de Gernika Eduardo Vallejo fue \u00e9l quien coloc\u00f3 el mosaico del cuadro \u201cGuernica\u201d de Picasso donde ahora todo el mundo se saca una foto. En su d\u00eda casi impiden su colocaci\u00f3n diciendo que era una horterada espa\u00f1ola. Vallejo, en el acto de la primera pedida de perd\u00f3n por parte del presidente alem\u00e1n Roman Herzog dijo que nadie quer\u00eda que los actuales dirigentes democr\u00e1ticos alemanes se arrodillaran, pero que esa p\u00e1gina hab\u00eda que pasarla.<\/p>\n\n\n\n<p>Y los Aperribai, la gota malaya de e\u00e9sta familia, padre e hija, Emilio y Monika, que incluso hablaron con el ministro Bola\u00f1os para lograr una iniciativa como la de ma\u00f1ana. Pero la pelota rebot\u00f3 en el front\u00f3n y ellos siguieron. Grano no hace granero, pero ayuda al compa\u00f1ero. Petra Kelly, Eduardo Vallejo y los Aperribai pusieron su grano para el gran acto de ma\u00f1ana.<\/p>\n<!-- AddThis Advanced Settings generic via filter on the_content --><!-- AddThis Share Buttons generic via filter on the_content -->","protected":false},"excerpt":{"rendered":"<p>Jueves 27 de noviembre de 2025 Ma\u00f1ana se vivir\u00e1 en Gernika una reconciliaci\u00f3n hist\u00f3rica. No s\u00e9 qu\u00e9 har\u00e1 ni dir\u00e1 &nbsp;Felipe VI, hijo de un se\u00f1or que sigue alabando a Franco, pero al parecer el presidente alem\u00e1n tomar\u00e1 el hilo del presidente Rom\u00e1n Herzog quien en 1997, cincuenta aniversario de la masacre, pidi\u00f3 perd\u00f3n por &hellip; <a href=\"https:\/\/blogs.deia.eus\/anasagasti\/2025\/11\/27\/aquel-embajador-aleman-y-las-personas-que-seran-olvidadas\/\" class=\"more-link\">Sigue leyendo <span class=\"screen-reader-text\">AQUEL EMBAJADOR ALEM\u00c1N Y LAS PERSONAS QUE SER\u00c1N OLVIDADAS.<\/span><\/a><!-- AddThis Advanced Settings generic via filter on get_the_excerpt --><!-- AddThis Share Buttons generic via filter on get_the_excerpt --><\/p>\n","protected":false},"author":19,"featured_media":0,"comment_status":"open","ping_status":"open","sticky":false,"template":"","format":"standard","meta":{"footnotes":""},"categories":[1],"tags":[],"class_list":["post-21129","post","type-post","status-publish","format-standard","hentry","category-general"],"_links":{"self":[{"href":"https:\/\/blogs.deia.eus\/anasagasti\/wp-json\/wp\/v2\/posts\/21129","targetHints":{"allow":["GET"]}}],"collection":[{"href":"https:\/\/blogs.deia.eus\/anasagasti\/wp-json\/wp\/v2\/posts"}],"about":[{"href":"https:\/\/blogs.deia.eus\/anasagasti\/wp-json\/wp\/v2\/types\/post"}],"author":[{"embeddable":true,"href":"https:\/\/blogs.deia.eus\/anasagasti\/wp-json\/wp\/v2\/users\/19"}],"replies":[{"embeddable":true,"href":"https:\/\/blogs.deia.eus\/anasagasti\/wp-json\/wp\/v2\/comments?post=21129"}],"version-history":[{"count":2,"href":"https:\/\/blogs.deia.eus\/anasagasti\/wp-json\/wp\/v2\/posts\/21129\/revisions"}],"predecessor-version":[{"id":21132,"href":"https:\/\/blogs.deia.eus\/anasagasti\/wp-json\/wp\/v2\/posts\/21129\/revisions\/21132"}],"wp:attachment":[{"href":"https:\/\/blogs.deia.eus\/anasagasti\/wp-json\/wp\/v2\/media?parent=21129"}],"wp:term":[{"taxonomy":"category","embeddable":true,"href":"https:\/\/blogs.deia.eus\/anasagasti\/wp-json\/wp\/v2\/categories?post=21129"},{"taxonomy":"post_tag","embeddable":true,"href":"https:\/\/blogs.deia.eus\/anasagasti\/wp-json\/wp\/v2\/tags?post=21129"}],"curies":[{"name":"wp","href":"https:\/\/api.w.org\/{rel}","templated":true}]}}