{"id":21136,"date":"2025-11-30T09:26:28","date_gmt":"2025-11-30T07:26:28","guid":{"rendered":"https:\/\/blogs.deia.eus\/anasagasti\/?p=21136"},"modified":"2025-11-30T09:26:29","modified_gmt":"2025-11-30T07:26:29","slug":"las-tiendas-de-nuestros-padres","status":"publish","type":"post","link":"https:\/\/blogs.deia.eus\/anasagasti\/2025\/11\/30\/las-tiendas-de-nuestros-padres\/","title":{"rendered":"LAS TIENDAS\u00a0DE NUESTROS PADRES\u00a0\u00a0"},"content":{"rendered":"\n<p><strong>Domingo 30 de noviembre de 2025<\/strong><\/p>\n\n\n\n<p><strong>Mikel Ort\u00edz de Arratia<\/strong><\/p>\n\n\n<div class=\"wp-block-image\">\n<figure class=\"aligncenter size-large\"><a href=\"https:\/\/blogs.deia.eus\/anasagasti\/files\/2025\/11\/Tienda-antigua-de-Bilbao.jpg\"><img loading=\"lazy\" decoding=\"async\" width=\"940\" height=\"581\" src=\"https:\/\/blogs.deia.eus\/anasagasti\/files\/2025\/11\/Tienda-antigua-de-Bilbao-940x581.jpg\" alt=\"\" class=\"wp-image-21137\" srcset=\"https:\/\/blogs.deia.eus\/anasagasti\/files\/2025\/11\/Tienda-antigua-de-Bilbao-940x581.jpg 940w, https:\/\/blogs.deia.eus\/anasagasti\/files\/2025\/11\/Tienda-antigua-de-Bilbao-580x359.jpg 580w, https:\/\/blogs.deia.eus\/anasagasti\/files\/2025\/11\/Tienda-antigua-de-Bilbao-768x475.jpg 768w, https:\/\/blogs.deia.eus\/anasagasti\/files\/2025\/11\/Tienda-antigua-de-Bilbao-825x510.jpg 825w, https:\/\/blogs.deia.eus\/anasagasti\/files\/2025\/11\/Tienda-antigua-de-Bilbao.jpg 1024w\" sizes=\"auto, (max-width: 940px) 100vw, 940px\" \/><\/a><\/figure>\n<\/div>\n\n\n<p>De forma inexorable, el pasado de&nbsp;nuestros comercios, se va muriendo en nuestras calles.<\/p>\n\n\n\n<p><strong>\u201cTienda antigua que se cierra un pasado irrecuperable que se entierra\u201d<\/strong><\/p>\n\n\n\n<p>Una parte del esp\u00edritu de Bilbao pasa a ser historia cuando un secular comercio tiene que echar la persiana por falta de continuidad. \u00bfQu\u00e9 podemos hacer para que la Villa no se vaya difuminando y esfumando su pasado? Las instituciones deben pensar en medidas para paliar esa despersonalizaci\u00f3n de nuestra vida comercial tradicional y no asistir impasibles a su paulatina defunci\u00f3n.<\/p>\n\n\n\n<p><strong>\u00bfIncentivar a los comercios que&nbsp;contraten j\u00f3venes para su aprendizaje, con acceso a cr\u00e9ditos para poder&nbsp; comprarlos?<\/strong><\/p>\n\n\n\n<p>Creo que tenemos obligaci\u00f3n&nbsp;de conservar las tradiciones. Nos hacen mantener la ilusi\u00f3n de que las sociedades&nbsp;son eternas. Su mantenimiento posibilita&nbsp;conocer de d\u00f3nde venimos, c\u00f3mo fuimos y por qu\u00e9 somos. El olor de lo antiguo nos&nbsp;permite revivir a nuestros padres y hace&nbsp;que no muramos como pueblo; por eso&nbsp;las instituciones tienen la obligaci\u00f3n de impulsar y apoyar la conservaci\u00f3n de nuestras tiendas tradicionales. Eso nos permitir\u00eda seguir siendo diferentes manteniendo nuestra personalidad y nuestro atractivo como cultura distinta.<\/p>\n\n\n\n<p><strong>El futuro avanza hacia la uniformidad y no es eso lo que debemos buscar si no queremos quedarnos sin ra\u00edces.<\/strong><\/p>\n\n\n\n<p>Dec\u00eda G. Mahler que \u201cla tradici\u00f3n no es la adoraci\u00f3n de las cenizas, sino la preservaci\u00f3n del fuego\u201d. No lo dejemos apagar. Tenemos que aprender a&nbsp; avanzar sin mirar atr\u00e1s, pero sin perder la huella y el camino.<\/p>\n\n\n\n<p>\u00a1Ah! y que las instituciones piensen sobre esto: <strong>tenemos derecho a conservar nuestro&nbsp; pasado<\/strong>. \u00a1Avancemos con todo!<\/p>\n<!-- AddThis Advanced Settings generic via filter on the_content --><!-- AddThis Share Buttons generic via filter on the_content -->","protected":false},"excerpt":{"rendered":"<p>Domingo 30 de noviembre de 2025 Mikel Ort\u00edz de Arratia De forma inexorable, el pasado de&nbsp;nuestros comercios, se va muriendo en nuestras calles. \u201cTienda antigua que se cierra un pasado irrecuperable que se entierra\u201d Una parte del esp\u00edritu de Bilbao pasa a ser historia cuando un secular comercio tiene que echar la persiana por falta &hellip; <a href=\"https:\/\/blogs.deia.eus\/anasagasti\/2025\/11\/30\/las-tiendas-de-nuestros-padres\/\" class=\"more-link\">Sigue leyendo <span class=\"screen-reader-text\">LAS TIENDAS\u00a0DE NUESTROS PADRES\u00a0\u00a0<\/span><\/a><!-- AddThis Advanced Settings generic via filter on get_the_excerpt --><!-- AddThis Share Buttons generic via filter on get_the_excerpt --><\/p>\n","protected":false},"author":19,"featured_media":0,"comment_status":"open","ping_status":"open","sticky":false,"template":"","format":"standard","meta":{"footnotes":""},"categories":[1],"tags":[],"class_list":["post-21136","post","type-post","status-publish","format-standard","hentry","category-general"],"_links":{"self":[{"href":"https:\/\/blogs.deia.eus\/anasagasti\/wp-json\/wp\/v2\/posts\/21136","targetHints":{"allow":["GET"]}}],"collection":[{"href":"https:\/\/blogs.deia.eus\/anasagasti\/wp-json\/wp\/v2\/posts"}],"about":[{"href":"https:\/\/blogs.deia.eus\/anasagasti\/wp-json\/wp\/v2\/types\/post"}],"author":[{"embeddable":true,"href":"https:\/\/blogs.deia.eus\/anasagasti\/wp-json\/wp\/v2\/users\/19"}],"replies":[{"embeddable":true,"href":"https:\/\/blogs.deia.eus\/anasagasti\/wp-json\/wp\/v2\/comments?post=21136"}],"version-history":[{"count":1,"href":"https:\/\/blogs.deia.eus\/anasagasti\/wp-json\/wp\/v2\/posts\/21136\/revisions"}],"predecessor-version":[{"id":21138,"href":"https:\/\/blogs.deia.eus\/anasagasti\/wp-json\/wp\/v2\/posts\/21136\/revisions\/21138"}],"wp:attachment":[{"href":"https:\/\/blogs.deia.eus\/anasagasti\/wp-json\/wp\/v2\/media?parent=21136"}],"wp:term":[{"taxonomy":"category","embeddable":true,"href":"https:\/\/blogs.deia.eus\/anasagasti\/wp-json\/wp\/v2\/categories?post=21136"},{"taxonomy":"post_tag","embeddable":true,"href":"https:\/\/blogs.deia.eus\/anasagasti\/wp-json\/wp\/v2\/tags?post=21136"}],"curies":[{"name":"wp","href":"https:\/\/api.w.org\/{rel}","templated":true}]}}