{"id":21139,"date":"2025-12-01T09:08:27","date_gmt":"2025-12-01T07:08:27","guid":{"rendered":"https:\/\/blogs.deia.eus\/anasagasti\/?p=21139"},"modified":"2025-12-01T20:44:18","modified_gmt":"2025-12-01T18:44:18","slug":"la-oficialidad-es-un-compromiso","status":"publish","type":"post","link":"https:\/\/blogs.deia.eus\/anasagasti\/2025\/12\/01\/la-oficialidad-es-un-compromiso\/","title":{"rendered":"LA OFICIALIDAD ES UN COMPROMISO"},"content":{"rendered":"\n<p><strong>Lunes 1 de diciembre de 2025<\/strong><\/p>\n\n\n<div class=\"wp-block-image\">\n<figure class=\"aligncenter size-large\"><a href=\"https:\/\/blogs.deia.eus\/anasagasti\/files\/2025\/12\/Euskal-selekzioa-ofizialtasuna.jpg\"><img loading=\"lazy\" decoding=\"async\" width=\"940\" height=\"529\" src=\"https:\/\/blogs.deia.eus\/anasagasti\/files\/2025\/12\/Euskal-selekzioa-ofizialtasuna-940x529.jpg\" alt=\"\" class=\"wp-image-21140\" srcset=\"https:\/\/blogs.deia.eus\/anasagasti\/files\/2025\/12\/Euskal-selekzioa-ofizialtasuna-940x529.jpg 940w, https:\/\/blogs.deia.eus\/anasagasti\/files\/2025\/12\/Euskal-selekzioa-ofizialtasuna-580x326.jpg 580w, https:\/\/blogs.deia.eus\/anasagasti\/files\/2025\/12\/Euskal-selekzioa-ofizialtasuna-768x432.jpg 768w, https:\/\/blogs.deia.eus\/anasagasti\/files\/2025\/12\/Euskal-selekzioa-ofizialtasuna.jpg 1200w\" sizes=\"auto, (max-width: 940px) 100vw, 940px\" \/><\/a><\/figure>\n<\/div>\n\n\n<p><strong>David Salinas<\/strong> <strong>Armendariz<\/strong><\/p>\n\n\n\n<p>\u201cS\u00e1nchez viene a obviar la postura que en el seno de las internacionales est\u00e1n adoptando las concernidas federaciones espa\u00f1olas, posici\u00f3n que lejos de ser de &#8216;apoyo conjunto&#8217; se viene traduciendo en abierta hostilidad\u201d<\/p>\n\n\n\n<p>En las \u00faltimas semanas se ha vuelto a hablar, y mucho, de la oficialidad de las selecciones deportivas vascas. En el \u00e1mbito deportivo y en el pol\u00edtico, que en este tema van unidos como en pocos. Ha tenido que ver sin duda el partido de f\u00fatbol de la Euskal Selekzioa con Palestina, un \u00e9xito de asistencia y audiencia, de organizaci\u00f3n y de alcance internacional en su fundamental vertiente solidaria, pero tambi\u00e9n como actualizaci\u00f3n de la larga reivindicaci\u00f3n de la oficialidad del equipo vasco.<\/p>\n\n\n\n<p>Por otro lado, la celebraci\u00f3n estos d\u00edas en nuestros frontones de la liga de naciones de pelota en distintas modalidades ha evidenciado que ese car\u00e1cter oficial ya se ha alcanzado (en espera de un laudo del TAS) en este deporte tan aut\u00f3ctono, donde tampoco ha sido nunca f\u00e1cil. La oficialidad, hoy, se requiere y se demanda, pero tambi\u00e9n se disfruta. No es una quimera, es una realidad.<\/p>\n\n\n\n<p>Al calor principalmente del partido de San Mam\u00e9s hemos escuchado pronunciamientos pol\u00edticos al m\u00e1s alto nivel sobre nuestra oficialidad internacional como \u201cpa\u00eds deportivo\u201d, como territorio con singularidad tambi\u00e9n en el \u00e1mbito del deporte. Subrayamos, porque no debiera ser cosa irrelevante, que los datos demosc\u00f3picos que una y otra vez se recaban confirman el mayoritario deseo de los deportistas y de la poblaci\u00f3n de todos los territorios vascos de contar con esa representaci\u00f3n deportiva propia, a lo que no son ajenos los partidos pol\u00edticos y sus principales l\u00edderes.<\/p>\n\n\n\n<p>El pasado 5 de noviembre el lehendakari Pradales se reuni\u00f3 con representantes de las federaciones deportivas vascas y les mostr\u00f3 su firme compromiso en transitar el voluntario camino hacia la oficialidad. Les asegur\u00f3 su total apoyo, lo que supone la disposici\u00f3n de recursos materiales, humanos y jur\u00eddicos con ese fin. Record\u00f3 que el programa de Gobierno establece expresamente \u201cun compromiso claro con la internacionalizaci\u00f3n deportiva y el impulso de las selecciones nacionales\u201d.<\/p>\n\n\n\n<p>As\u00ed puede comprobarse de la fiel lectura del programa del actual Gobierno Vasco de coalici\u00f3n, rubricado por PNV y PSE-EE, que en su \u201ccompromiso 57\u201d hace suyo el \u201capoyar a las federaciones deportivas vascas que opten por avanzar en la oficialidad de sus selecciones para participar en campeonatos oficiales internacionales, tomando en consideraci\u00f3n el marco del acuerdo alcanzado con el Gobierno espa\u00f1ol\u201d.<\/p>\n\n\n\n<p>Se refiere con ello al acuerdo entre nacionalistas vascos y Pedro S\u00e1nchez para la investidura de \u00e9ste, concretado en la ley espa\u00f1ola del Deporte, que en su art\u00edculo 48.2 viene a consagrar un derecho para las federaciones auton\u00f3micas que quieran alcanzar la oficialidad en el caso de deportes con arraigo hist\u00f3rico y social, o que hayan formado parte en el pasado de entes internacionales. Reza tal precepto que el visto bueno del Consejo Superior de Deportes conllevar\u00e1 el \u201capoyo conjunto\u201d a la integraci\u00f3n solicitada por la federaci\u00f3n auton\u00f3mica en la correspondiente internacional.<\/p>\n\n\n\n<p>El presidente S\u00e1nchez asegur\u00f3 el pasado mi\u00e9rcoles en el Congreso de los Diputados que el Gobierno espa\u00f1ol \u201chace todo lo que puede\u201d en cumplimiento de sus compromisos en esta materia, aduciendo, ante los continuos obst\u00e1culos producidos, la necesaria \u201cvoluntad de las federaciones internacionales\u201d de cada deporte<\/p>\n\n\n\n<p>Y, efectivamente, esa aceptaci\u00f3n de la federaci\u00f3n internacional es ineludible, pero la cosa tiene letra peque\u00f1a, como casi siempre. S\u00e1nchez viene a obviar la postura que en el seno de las internacionales est\u00e1n adoptando las concernidas federaciones espa\u00f1olas, posici\u00f3n que lejos de ser de \u201capoyo conjunto\u201d se viene traduciendo en abierta hostilidad, con incluso la presentaci\u00f3n de recursos jurisdiccionales. El presidente S\u00e1nchez no puede desconocer que es el Gobierno el que a trav\u00e9s del CSD ha de cumplir y hacer cumplir lo dispuesto en la citada ley, que obliga a todas las partes implicadas. Ante la ejecuci\u00f3n de compromisos propios no cabe seguir escud\u00e1ndose en terceros (lo que viene siendo habitual en distintos pactos con diversos interlocutores). El compromiso es suyo y est\u00e1 en su \u00e1mbito de influencia. Hay tiempo para el cumplimiento, pero tambi\u00e9n perentoriedad ante posibles coyunturas peores. La oficialidad es un compromiso.<\/p>\n<!-- AddThis Advanced Settings generic via filter on the_content --><!-- AddThis Share Buttons generic via filter on the_content -->","protected":false},"excerpt":{"rendered":"<p>Lunes 1 de diciembre de 2025 David Salinas Armendariz \u201cS\u00e1nchez viene a obviar la postura que en el seno de las internacionales est\u00e1n adoptando las concernidas federaciones espa\u00f1olas, posici\u00f3n que lejos de ser de &#8216;apoyo conjunto&#8217; se viene traduciendo en abierta hostilidad\u201d En las \u00faltimas semanas se ha vuelto a hablar, y mucho, de la &hellip; <a href=\"https:\/\/blogs.deia.eus\/anasagasti\/2025\/12\/01\/la-oficialidad-es-un-compromiso\/\" class=\"more-link\">Sigue leyendo <span class=\"screen-reader-text\">LA OFICIALIDAD ES UN COMPROMISO<\/span><\/a><!-- AddThis Advanced Settings generic via filter on get_the_excerpt --><!-- AddThis Share Buttons generic via filter on get_the_excerpt --><\/p>\n","protected":false},"author":19,"featured_media":0,"comment_status":"open","ping_status":"open","sticky":false,"template":"","format":"standard","meta":{"footnotes":""},"categories":[1],"tags":[],"class_list":["post-21139","post","type-post","status-publish","format-standard","hentry","category-general"],"_links":{"self":[{"href":"https:\/\/blogs.deia.eus\/anasagasti\/wp-json\/wp\/v2\/posts\/21139","targetHints":{"allow":["GET"]}}],"collection":[{"href":"https:\/\/blogs.deia.eus\/anasagasti\/wp-json\/wp\/v2\/posts"}],"about":[{"href":"https:\/\/blogs.deia.eus\/anasagasti\/wp-json\/wp\/v2\/types\/post"}],"author":[{"embeddable":true,"href":"https:\/\/blogs.deia.eus\/anasagasti\/wp-json\/wp\/v2\/users\/19"}],"replies":[{"embeddable":true,"href":"https:\/\/blogs.deia.eus\/anasagasti\/wp-json\/wp\/v2\/comments?post=21139"}],"version-history":[{"count":2,"href":"https:\/\/blogs.deia.eus\/anasagasti\/wp-json\/wp\/v2\/posts\/21139\/revisions"}],"predecessor-version":[{"id":21143,"href":"https:\/\/blogs.deia.eus\/anasagasti\/wp-json\/wp\/v2\/posts\/21139\/revisions\/21143"}],"wp:attachment":[{"href":"https:\/\/blogs.deia.eus\/anasagasti\/wp-json\/wp\/v2\/media?parent=21139"}],"wp:term":[{"taxonomy":"category","embeddable":true,"href":"https:\/\/blogs.deia.eus\/anasagasti\/wp-json\/wp\/v2\/categories?post=21139"},{"taxonomy":"post_tag","embeddable":true,"href":"https:\/\/blogs.deia.eus\/anasagasti\/wp-json\/wp\/v2\/tags?post=21139"}],"curies":[{"name":"wp","href":"https:\/\/api.w.org\/{rel}","templated":true}]}}