{"id":21147,"date":"2025-12-03T09:58:37","date_gmt":"2025-12-03T07:58:37","guid":{"rendered":"https:\/\/blogs.deia.eus\/anasagasti\/?p=21147"},"modified":"2025-12-03T09:59:23","modified_gmt":"2025-12-03T07:59:23","slug":"venezuela-un-regimen-de-terror","status":"publish","type":"post","link":"https:\/\/blogs.deia.eus\/anasagasti\/2025\/12\/03\/venezuela-un-regimen-de-terror\/","title":{"rendered":"VENEZUELA: UN R\u00c9GIMEN DE TERROR"},"content":{"rendered":"\n<p><strong>Mi\u00e9rcoles 3 de diciembre de 2025<\/strong><\/p>\n\n\n\n<p><strong>Miguel Henrique Otero<\/strong><\/p>\n\n\n<div class=\"wp-block-image\">\n<figure class=\"aligncenter size-large\"><a href=\"https:\/\/blogs.deia.eus\/anasagasti\/files\/2025\/12\/Dictador-Maduro.jpg\"><img loading=\"lazy\" decoding=\"async\" width=\"940\" height=\"411\" src=\"https:\/\/blogs.deia.eus\/anasagasti\/files\/2025\/12\/Dictador-Maduro-940x411.jpg\" alt=\"\" class=\"wp-image-21148\" srcset=\"https:\/\/blogs.deia.eus\/anasagasti\/files\/2025\/12\/Dictador-Maduro-940x411.jpg 940w, https:\/\/blogs.deia.eus\/anasagasti\/files\/2025\/12\/Dictador-Maduro-580x254.jpg 580w, https:\/\/blogs.deia.eus\/anasagasti\/files\/2025\/12\/Dictador-Maduro-768x336.jpg 768w, https:\/\/blogs.deia.eus\/anasagasti\/files\/2025\/12\/Dictador-Maduro.jpg 1200w\" sizes=\"auto, (max-width: 940px) 100vw, 940px\" \/><\/a><\/figure>\n<\/div>\n\n\n<p>La historia nos ha mostrado una y otra vez, que las maquinarias del Terror, incluso las m\u00e1s experimentadas, aceitadas y politizadas, necesitan un conductor<\/p>\n\n\n\n<p>El proceso de conversi\u00f3n por el que un poder autoritario se transforma en un&nbsp;<strong>Estado de Terror<\/strong>&nbsp;no ocurre de forma expedita. Es un proceso que requiere de muchos a\u00f1os. Para que se materialice tienen que ocurrir una secuencia de hechos, cuatro factores, que, con el paso del tiempo, se articulan entre s\u00ed.<\/p>\n\n\n\n<p>Primero, hace falta establecer un m\u00e9todo de Gobierno extendido y capilar, seg\u00fan el cual&nbsp;<strong>el poder se ejerce por la fuerza<\/strong>. Este es el primer gran hecho. Su argumento dice: si se ha obtenido un mandato, este debe imponerse al costo que sea, pasando por encima de las leyes, las libertades, los m\u00e9ritos y los compromisos. Por la fuerza, incluso cuando la contraparte ha sido derrotada.<\/p>\n\n\n\n<p><strong><a href=\"https:\/\/www.eldebate.com\/internacional\/20250531\/historietas-dictadura-maduro-cuento-asalto-embajada-espana_302012.html\">Las historietas de la dictadura de Maduro y el cuento del asalto a la Embajada de Espa\u00f1a<\/a><\/strong><\/p>\n\n\n\n<p><strong><a href=\"https:\/\/www.eldebate.com\/autor\/antonio-ledezma\/\">Antonio Ledezma<\/a><\/strong>&nbsp;<\/p>\n\n\n\n<p>El poder as\u00ed concebido entiende cada avance sobre las dificultades como una victoria, m\u00e1s meritoria todav\u00eda, si ella es producto de doblegar a la realidad y sus l\u00f3gicas. Por lo tanto, quiero se\u00f1alar con esto que el Estado de terror, aunque sea establecido y guiado por una c\u00fapula, debe configurarse como&nbsp;<strong>una variante espec\u00edfica de la cultura corporativa<\/strong>, guiada por una premisa propia de los reg\u00edmenes totalitarios: que unos grupos de la sociedad (los militares, los polic\u00edas, los miembros del partido y los funcionarios p\u00fablicos, principalmente) detentan la facultad de imponerse al resto de la sociedad de forma irremediable. Esta es la \u00fanica y verdadera base pol\u00edtica del Estado de Terror: la que constituyen los funcionarios que aterrorizan a la mayor\u00eda social en todas las instancias posibles, de forma cotidiana y sistem\u00e1tica.<\/p>\n\n\n\n<p>La doble herramienta que estimula y acelerala ramificaci\u00f3n del Estado de Terror es de una enorme eficacia:&nbsp;<strong>corrupci\u00f3n e impunidad<\/strong>. Cuando el funcionariado de los reg\u00edmenes totalitarios asume que, haga lo que haga, no ser\u00e1 castigado, la arbitrariedad, los abusos, las acciones unilaterales, el sometimiento, el robo, la extorsi\u00f3n, el desconocimiento de la ley se propagan e intensifican. Hasta los funcionarios de menor rango experimentan, a un mismo tiempo, miedo al jefe o a los jefes, y una multiforme sensaci\u00f3n de complicidad con ellos, porque esos sujetos, de los que reciben \u00f3rdenes siempre ilegales, siempre siniestras, son tambi\u00e9n sus protectores, la fuente de la que llegan las comisiones, los pagos bajo cuerda, los privilegios provenientes de las arcas de la Naci\u00f3n, d\u00f3lares y prebendas que, una vez que llegan en bolsas negras a despachos en Miraflores, Carmelitas o La Campi\u00f1a, circulan aguas abajo, como requisito de las operaciones con las que el r\u00e9gimen de Terror se hace palpable.<\/p>\n\n\n\n<p>Pero para que el estatuto de Terror mantenga una m\u00ednima cohesi\u00f3n y sostenibilidad en el tiempo,&nbsp;<strong>hace falta construir un gran discurso<\/strong>, que debe recargarse de forma paulatina, en el que unos ciudadanos y organizaciones son presentados como peligrosos enemigos que practican el terrorismo, act\u00faan instruidos por agentes extranjeros, organizan y realizan pr\u00e1cticas delictivas , conspiran, planifican atentados, sabotean todas las instalaciones estrat\u00e9gicas imaginables, y as\u00ed, en una cadena interconectada de delitos de distinta \u00edndole, se los presentan \u2014ojo, que esto es muy importante\u2014, como enemigos muy peligrosos y hasta letales. Personas intachables y ajenas a cualquier pr\u00e1ctica de violencia es presentada como un criminal de largo expediente.<\/p>\n\n\n\n<p>No importa \u2014y a esta hora esta consideraci\u00f3n es fundamental\u2014 que las acusaciones lanzadas por el Estado de Terror no tengan fundamento alguno, ni razonabilidad, ni l\u00f3gica, ni probabilidad alguna de verdad. Y digo que para la dictadura&nbsp;<strong>el apego a los hechos carece de relevancia,<\/strong>&nbsp;porque el momento en que el r\u00e9gimen de Terror ha alcanzado su plenitud, ya se ha desconectado de lo real. Ha enloquecido. Inventa de forma ilimitada, hasta el extremo de urdir historias, como la m\u00e1s reciente y en curso, seg\u00fan la cual organizaciones hist\u00f3ricas en la Defensa de la Vida y los Derechos Humanos, organizaciones y personas cuya conducta y reputaci\u00f3n es indiscutible, como PROVEA y sus miembros, como M\u00e9dicos Unidos Por Venezuela y sus miembros, y como el Foro Penal y sus miembros, formar\u00edan parte de mega bandas terroristas.<\/p>\n\n\n\n<p>Aunque pueda parecer vana, la pregunta de \u00bfqui\u00e9n puede creer que estas organizaciones no gubernamentales son socios o copart\u00edcipes de planes delictivos?, es medular. La perplejidad que nos produce no debe ocultarnos el trasfondo: es una acci\u00f3n que, adem\u00e1s de liquidar los mecanismos de denuncia del Estado de Terror, busca&nbsp;<strong>cohesionar a los miembros del r\u00e9gimen para obligarlos a mantener su adhesi\u00f3n<\/strong>, al tiempo que le dice al resto de la sociedad venezolana, \u00abmiren lo que somos capaces de inventar, miren el descaro con que fabricamos expedientes sin pruebas, constaten con que basta que tomemos la decisi\u00f3n de encarcelarte, aunque seas inocente y vivas en condici\u00f3n de indefensi\u00f3n\u00bb.<\/p>\n\n\n\n<p>La historia nos ha mostrado una y otra vez, que las maquinarias del Terror, incluso las m\u00e1s experimentadas, aceitadas y politizadas, necesitan un conductor, un l\u00edder que, adem\u00e1s de dictar las instrucciones de cada d\u00eda, debe inyectarles constantes dosis de odio y brutalidad. Y tambi\u00e9n nos ha mostrado de forma inequ\u00edvoca, que&nbsp;los jefes de esas maquinarias son siempre unos sic\u00f3patas. Monstruos de alma reseca y resquebrajada que se alimentan exclusivamente del dolor que se causa a los dem\u00e1s.<\/p>\n<!-- AddThis Advanced Settings generic via filter on the_content --><!-- AddThis Share Buttons generic via filter on the_content -->","protected":false},"excerpt":{"rendered":"<p>Mi\u00e9rcoles 3 de diciembre de 2025 Miguel Henrique Otero La historia nos ha mostrado una y otra vez, que las maquinarias del Terror, incluso las m\u00e1s experimentadas, aceitadas y politizadas, necesitan un conductor El proceso de conversi\u00f3n por el que un poder autoritario se transforma en un&nbsp;Estado de Terror&nbsp;no ocurre de forma expedita. Es un &hellip; <a href=\"https:\/\/blogs.deia.eus\/anasagasti\/2025\/12\/03\/venezuela-un-regimen-de-terror\/\" class=\"more-link\">Sigue leyendo <span class=\"screen-reader-text\">VENEZUELA: UN R\u00c9GIMEN DE TERROR<\/span><\/a><!-- AddThis Advanced Settings generic via filter on get_the_excerpt --><!-- AddThis Share Buttons generic via filter on get_the_excerpt --><\/p>\n","protected":false},"author":19,"featured_media":0,"comment_status":"open","ping_status":"open","sticky":false,"template":"","format":"standard","meta":{"footnotes":""},"categories":[1],"tags":[],"class_list":["post-21147","post","type-post","status-publish","format-standard","hentry","category-general"],"_links":{"self":[{"href":"https:\/\/blogs.deia.eus\/anasagasti\/wp-json\/wp\/v2\/posts\/21147","targetHints":{"allow":["GET"]}}],"collection":[{"href":"https:\/\/blogs.deia.eus\/anasagasti\/wp-json\/wp\/v2\/posts"}],"about":[{"href":"https:\/\/blogs.deia.eus\/anasagasti\/wp-json\/wp\/v2\/types\/post"}],"author":[{"embeddable":true,"href":"https:\/\/blogs.deia.eus\/anasagasti\/wp-json\/wp\/v2\/users\/19"}],"replies":[{"embeddable":true,"href":"https:\/\/blogs.deia.eus\/anasagasti\/wp-json\/wp\/v2\/comments?post=21147"}],"version-history":[{"count":2,"href":"https:\/\/blogs.deia.eus\/anasagasti\/wp-json\/wp\/v2\/posts\/21147\/revisions"}],"predecessor-version":[{"id":21150,"href":"https:\/\/blogs.deia.eus\/anasagasti\/wp-json\/wp\/v2\/posts\/21147\/revisions\/21150"}],"wp:attachment":[{"href":"https:\/\/blogs.deia.eus\/anasagasti\/wp-json\/wp\/v2\/media?parent=21147"}],"wp:term":[{"taxonomy":"category","embeddable":true,"href":"https:\/\/blogs.deia.eus\/anasagasti\/wp-json\/wp\/v2\/categories?post=21147"},{"taxonomy":"post_tag","embeddable":true,"href":"https:\/\/blogs.deia.eus\/anasagasti\/wp-json\/wp\/v2\/tags?post=21147"}],"curies":[{"name":"wp","href":"https:\/\/api.w.org\/{rel}","templated":true}]}}