{"id":21151,"date":"2025-12-04T09:01:34","date_gmt":"2025-12-04T07:01:34","guid":{"rendered":"https:\/\/blogs.deia.eus\/anasagasti\/?p=21151"},"modified":"2025-12-04T09:01:34","modified_gmt":"2025-12-04T07:01:34","slug":"este-sabado-la-marcha-en-apoyo-a-la-premio-nobel-de-la-paz","status":"publish","type":"post","link":"https:\/\/blogs.deia.eus\/anasagasti\/2025\/12\/04\/este-sabado-la-marcha-en-apoyo-a-la-premio-nobel-de-la-paz\/","title":{"rendered":"ESTE S\u00c1BADO LA MARCHA EN APOYO A LA PREMIO NOBEL DE LA PAZ"},"content":{"rendered":"\n<p><strong>Jueves 4 de diciembre de 2025<\/strong><\/p>\n\n\n\n<figure class=\"wp-block-gallery has-nested-images columns-default is-cropped wp-block-gallery-1 is-layout-flex wp-block-gallery-is-layout-flex\"><div class=\"wp-block-image\">\n<figure class=\"aligncenter size-large\"><a href=\"https:\/\/blogs.deia.eus\/anasagasti\/files\/2025\/12\/Maria-Corina-Machado_6-de-diciembre.jpg\"><img loading=\"lazy\" decoding=\"async\" width=\"768\" height=\"961\" data-id=\"21152\" src=\"https:\/\/blogs.deia.eus\/anasagasti\/files\/2025\/12\/Maria-Corina-Machado_6-de-diciembre.jpg\" alt=\"\" class=\"wp-image-21152\" srcset=\"https:\/\/blogs.deia.eus\/anasagasti\/files\/2025\/12\/Maria-Corina-Machado_6-de-diciembre.jpg 768w, https:\/\/blogs.deia.eus\/anasagasti\/files\/2025\/12\/Maria-Corina-Machado_6-de-diciembre-580x726.jpg 580w\" sizes=\"auto, (max-width: 768px) 100vw, 768px\" \/><\/a><\/figure>\n<\/div><\/figure>\n\n\n\n<p>Os invitamos muy cordialmente a compartir el Premio Nobel de la Paz concedido a Mar\u00eda Corina Machado, bajo el lema de \u201cEL NOBEL ES NUESTRO\u201d acompa\u00f1\u00e1ndonos a una marcha y posterior concentraci\u00f3n que se efectuar\u00e1 el pr\u00f3ximo s\u00e1bado 6 de Diciembre, partiendo de la Plaza El\u00edptica (Moyua) a las 6 PM, hasta la Plaza Venezuela. Esta actividad est\u00e1 debidamente autorizada y es convocada por las asociaciones de venezolanos y partidos pol\u00edticos de la plataforma unitaria que conforman la oposici\u00f3n venezolana. Durante la concentraci\u00f3n en la Plaza Venezuela podremos escuchar a los representantes de partidos y asociaciones que nos acompa\u00f1ar\u00e1n para terminar con el himno nacional. Son horas decisivas para el retorno de la democracia y Venezuela se merece que compartamos este premio y difundamos esta convocatoria.<strong><\/strong><\/p>\n<!-- AddThis Advanced Settings generic via filter on the_content --><!-- AddThis Share Buttons generic via filter on the_content -->","protected":false},"excerpt":{"rendered":"<p>Jueves 4 de diciembre de 2025 Os invitamos muy cordialmente a compartir el Premio Nobel de la Paz concedido a Mar\u00eda Corina Machado, bajo el lema de \u201cEL NOBEL ES NUESTRO\u201d acompa\u00f1\u00e1ndonos a una marcha y posterior concentraci\u00f3n que se efectuar\u00e1 el pr\u00f3ximo s\u00e1bado 6 de Diciembre, partiendo de la Plaza El\u00edptica (Moyua) a las &hellip; <a href=\"https:\/\/blogs.deia.eus\/anasagasti\/2025\/12\/04\/este-sabado-la-marcha-en-apoyo-a-la-premio-nobel-de-la-paz\/\" class=\"more-link\">Sigue leyendo <span class=\"screen-reader-text\">ESTE S\u00c1BADO LA MARCHA EN APOYO A LA PREMIO NOBEL DE LA PAZ<\/span><\/a><!-- AddThis Advanced Settings generic via filter on get_the_excerpt --><!-- AddThis Share Buttons generic via filter on get_the_excerpt --><\/p>\n","protected":false},"author":19,"featured_media":0,"comment_status":"open","ping_status":"open","sticky":false,"template":"","format":"standard","meta":{"footnotes":""},"categories":[1],"tags":[],"class_list":["post-21151","post","type-post","status-publish","format-standard","hentry","category-general"],"_links":{"self":[{"href":"https:\/\/blogs.deia.eus\/anasagasti\/wp-json\/wp\/v2\/posts\/21151","targetHints":{"allow":["GET"]}}],"collection":[{"href":"https:\/\/blogs.deia.eus\/anasagasti\/wp-json\/wp\/v2\/posts"}],"about":[{"href":"https:\/\/blogs.deia.eus\/anasagasti\/wp-json\/wp\/v2\/types\/post"}],"author":[{"embeddable":true,"href":"https:\/\/blogs.deia.eus\/anasagasti\/wp-json\/wp\/v2\/users\/19"}],"replies":[{"embeddable":true,"href":"https:\/\/blogs.deia.eus\/anasagasti\/wp-json\/wp\/v2\/comments?post=21151"}],"version-history":[{"count":1,"href":"https:\/\/blogs.deia.eus\/anasagasti\/wp-json\/wp\/v2\/posts\/21151\/revisions"}],"predecessor-version":[{"id":21153,"href":"https:\/\/blogs.deia.eus\/anasagasti\/wp-json\/wp\/v2\/posts\/21151\/revisions\/21153"}],"wp:attachment":[{"href":"https:\/\/blogs.deia.eus\/anasagasti\/wp-json\/wp\/v2\/media?parent=21151"}],"wp:term":[{"taxonomy":"category","embeddable":true,"href":"https:\/\/blogs.deia.eus\/anasagasti\/wp-json\/wp\/v2\/categories?post=21151"},{"taxonomy":"post_tag","embeddable":true,"href":"https:\/\/blogs.deia.eus\/anasagasti\/wp-json\/wp\/v2\/tags?post=21151"}],"curies":[{"name":"wp","href":"https:\/\/api.w.org\/{rel}","templated":true}]}}