{"id":21158,"date":"2025-12-06T09:23:22","date_gmt":"2025-12-06T07:23:22","guid":{"rendered":"https:\/\/blogs.deia.eus\/anasagasti\/?p=21158"},"modified":"2025-12-06T09:23:22","modified_gmt":"2025-12-06T07:23:22","slug":"foto-con-marcha","status":"publish","type":"post","link":"https:\/\/blogs.deia.eus\/anasagasti\/2025\/12\/06\/foto-con-marcha\/","title":{"rendered":"FOTO CON MARCHA."},"content":{"rendered":"\n<p><strong>S\u00e1bado 6 de diciembre de 2025<\/strong><\/p>\n\n\n<div class=\"wp-block-image\">\n<figure class=\"aligncenter size-large\"><a href=\"https:\/\/blogs.deia.eus\/anasagasti\/files\/2025\/12\/Ardanza_Arzalluz.jpg\"><img loading=\"lazy\" decoding=\"async\" width=\"940\" height=\"549\" src=\"https:\/\/blogs.deia.eus\/anasagasti\/files\/2025\/12\/Ardanza_Arzalluz-940x549.jpg\" alt=\"\" class=\"wp-image-21159\" srcset=\"https:\/\/blogs.deia.eus\/anasagasti\/files\/2025\/12\/Ardanza_Arzalluz-940x549.jpg 940w, https:\/\/blogs.deia.eus\/anasagasti\/files\/2025\/12\/Ardanza_Arzalluz-580x339.jpg 580w, https:\/\/blogs.deia.eus\/anasagasti\/files\/2025\/12\/Ardanza_Arzalluz-768x449.jpg 768w, https:\/\/blogs.deia.eus\/anasagasti\/files\/2025\/12\/Ardanza_Arzalluz.jpg 1024w\" sizes=\"auto, (max-width: 940px) 100vw, 940px\" \/><\/a><\/figure>\n<\/div>\n\n\n<p>Esta es una foto que&nbsp; tiene movimiento. Me gusta. Se les ve al Lehendakari Ardanza y al presidente del EBB, Xabier Arzalluz subiendo las escaleras al avi\u00f3n en Sondika. Ibamos a Atenas a formar parte del IX Congreso del Partido Popular Europeo.<\/p>\n\n\n\n<p>Era la reuni\u00f3n bianual del PPE de la que formaba parte desde su fundaci\u00f3n el PNV. En dicha reuni\u00f3n tomaron parte todos los partidos dem\u00f3cratas cristianos de la Comunidad Europea as\u00ed como primeros ministros .<\/p>\n\n\n\n<p>Al Congreso que se celebr\u00f3 los d\u00edas 10 al 13 de noviembre de 1992,estuvo presente el primer ministro griego Constantito Mitsotakis, el canciller alem\u00e1n Helmut Kohl y los primeros ministros de B\u00e9lgica, Holanda y Luxemburgo Jean Luc Dehaene, Rud Lubbers y Jacques Santer, respectivamente.<\/p>\n\n\n\n<p>Asistieron&nbsp; asimismo&nbsp; tres jefes de gobierno no estatales&nbsp; como el presidente del land alem\u00e1n de Baviera, Max Strebi y el presidente de Flandes (B\u00e9lgica) Luc Van der Brande .En la delegaci\u00f3n del PNV iban asimismo&nbsp; Gorka Agirre, Jos\u00e9 Mari Zalbidegoiotia y Jos\u00e9 Mari Etxebarria.<\/p>\n\n\n\n<p>En ese congreso dem\u00f3crata cristiano se perfil\u00f3 el programa base para Europa en esos a\u00f1os.<\/p>\n\n\n\n<p>Entre los asuntos que se abordaron estaba el an\u00e1lisis europeo del sistema auton\u00f3mico, la integraci\u00f3n de las realidades nacionales sin estado, la protecci\u00f3n del medio ambiente, la lucha contra la criminalidad&nbsp; y la construcci\u00f3n de una Europa&nbsp; federal.<\/p>\n\n\n\n<p>El congreso se inici\u00f3 con una intervenci\u00f3n del primer ministro belga Wilfried Martens que reflexion\u00f3 sobre la situaci\u00f3n europea y analiz\u00f3 y propuso adecuar el programa del movimiento dem\u00f3crata cristiano al momento que se viv\u00eda en ese momento en Europa.<\/p>\n\n\n\n<p>Los dem\u00f3cratas cristianos europeos realizaron un llamamiento a la transformaci\u00f3n progresiva pero decidida&nbsp; de la CE en una aut\u00e9ntica Uni\u00f3n Pol\u00edtica&nbsp; de tipo federal.<\/p>\n\n\n\n<p>El planteamiento era que dicha construcci\u00f3n europea&nbsp; deber\u00eda en opini\u00f3n del PPE preservar la riqueza de la&nbsp;diversidad que caracterizaba a Europa&nbsp;y, por otra parte, garantizar soluciones europeas a los problemas cruciales que le planteaba la CE.<\/p>\n\n\n\n<p>Xabier Arzalluz&nbsp;en su discurso expuso dos argumentos fundamentales. En primer lugar, el an\u00e1lisis del momento que se viv\u00eda en Europa, desde el punto de vista&nbsp;de la Uni\u00f3n Econ\u00f3mica Europea mencionando con especial inter\u00e9s las realidades naturales&nbsp;que conforman Europa&nbsp;recordando que la asunci\u00f3n del principio de Autodeterminaci\u00f3n&nbsp; es uno de los perfiles significativos del principio de subsidiariedad, principio tomista que define que lo que pueda hacer la instancia menor, no la haga la mayor.<\/p>\n\n\n\n<p>Tambi\u00e9n resalt\u00f3 que los problemas que sufr\u00eda en aquella d\u00e9cada Europa no ten\u00edan nada que ver con los nacionalismos sin Estado sino m\u00e1s bien con los nacionalismos de Estado, que no quieren perder soberan\u00eda y que hab\u00edan impedido la construcci\u00f3n de una s\u00f3lida Uni\u00f3n Europea.<\/p>\n\n\n\n<p>Estuvo&nbsp;asimismo en dicho Congreso el presidente de Uni\u00f3 Democr\u00e1tica de Catalunya, Josep A. Duran i Lleida, as\u00ed como Aznar que buscaba ser admitido en esta plataforma argumentando que catalanes y vascos no pod\u00edan representar a Espa\u00f1a.<\/p>\n\n\n\n<p>Al final lo logr\u00f3 y, termin\u00f3 haci\u00e9ndonos la vida imposible y nos fuimos en&nbsp;el Congreso de Chile de una familia de partidos que hab\u00edamos fundado nosotros con los europeos en 1947. Hoy el PP espa\u00f1ol no es un partido de centro democristiano sino lo m\u00e1s parecido a Vox.<\/p>\n\n\n\n<p>Otros tiempos donde la pol\u00edtica se hac\u00eda de otra manera.<\/p>\n<!-- AddThis Advanced Settings generic via filter on the_content --><!-- AddThis Share Buttons generic via filter on the_content -->","protected":false},"excerpt":{"rendered":"<p>S\u00e1bado 6 de diciembre de 2025 Esta es una foto que&nbsp; tiene movimiento. Me gusta. Se les ve al Lehendakari Ardanza y al presidente del EBB, Xabier Arzalluz subiendo las escaleras al avi\u00f3n en Sondika. Ibamos a Atenas a formar parte del IX Congreso del Partido Popular Europeo. Era la reuni\u00f3n bianual del PPE de &hellip; <a href=\"https:\/\/blogs.deia.eus\/anasagasti\/2025\/12\/06\/foto-con-marcha\/\" class=\"more-link\">Sigue leyendo <span class=\"screen-reader-text\">FOTO CON MARCHA.<\/span><\/a><!-- AddThis Advanced Settings generic via filter on get_the_excerpt --><!-- AddThis Share Buttons generic via filter on get_the_excerpt --><\/p>\n","protected":false},"author":19,"featured_media":0,"comment_status":"open","ping_status":"open","sticky":false,"template":"","format":"standard","meta":{"footnotes":""},"categories":[1],"tags":[],"class_list":["post-21158","post","type-post","status-publish","format-standard","hentry","category-general"],"_links":{"self":[{"href":"https:\/\/blogs.deia.eus\/anasagasti\/wp-json\/wp\/v2\/posts\/21158","targetHints":{"allow":["GET"]}}],"collection":[{"href":"https:\/\/blogs.deia.eus\/anasagasti\/wp-json\/wp\/v2\/posts"}],"about":[{"href":"https:\/\/blogs.deia.eus\/anasagasti\/wp-json\/wp\/v2\/types\/post"}],"author":[{"embeddable":true,"href":"https:\/\/blogs.deia.eus\/anasagasti\/wp-json\/wp\/v2\/users\/19"}],"replies":[{"embeddable":true,"href":"https:\/\/blogs.deia.eus\/anasagasti\/wp-json\/wp\/v2\/comments?post=21158"}],"version-history":[{"count":1,"href":"https:\/\/blogs.deia.eus\/anasagasti\/wp-json\/wp\/v2\/posts\/21158\/revisions"}],"predecessor-version":[{"id":21160,"href":"https:\/\/blogs.deia.eus\/anasagasti\/wp-json\/wp\/v2\/posts\/21158\/revisions\/21160"}],"wp:attachment":[{"href":"https:\/\/blogs.deia.eus\/anasagasti\/wp-json\/wp\/v2\/media?parent=21158"}],"wp:term":[{"taxonomy":"category","embeddable":true,"href":"https:\/\/blogs.deia.eus\/anasagasti\/wp-json\/wp\/v2\/categories?post=21158"},{"taxonomy":"post_tag","embeddable":true,"href":"https:\/\/blogs.deia.eus\/anasagasti\/wp-json\/wp\/v2\/tags?post=21158"}],"curies":[{"name":"wp","href":"https:\/\/api.w.org\/{rel}","templated":true}]}}