{"id":21181,"date":"2025-12-11T16:40:06","date_gmt":"2025-12-11T14:40:06","guid":{"rendered":"https:\/\/blogs.deia.eus\/anasagasti\/?p=21181"},"modified":"2025-12-11T16:40:07","modified_gmt":"2025-12-11T14:40:07","slug":"senor-maduro-debe-aceptar-los-resultados-electorales-y-renunciar-la-demanda-del-nobel","status":"publish","type":"post","link":"https:\/\/blogs.deia.eus\/anasagasti\/2025\/12\/11\/senor-maduro-debe-aceptar-los-resultados-electorales-y-renunciar-la-demanda-del-nobel\/","title":{"rendered":"\u201cSE\u00d1OR MADURO, DEBE ACEPTAR LOS RESULTADOS ELECTORALES Y RENUNCIAR\u201d: LA DEMANDA DEL NOBEL"},"content":{"rendered":"\n<p><strong>Jueves 11 de diciembre de 2025<\/strong><\/p>\n\n\n<div class=\"wp-block-image\">\n<figure class=\"aligncenter size-full\"><a href=\"https:\/\/blogs.deia.eus\/anasagasti\/files\/2025\/12\/GJU4VZQ5SJCEBN7KOWXNMI25CM.jpg\"><img loading=\"lazy\" decoding=\"async\" width=\"755\" height=\"548\" src=\"https:\/\/blogs.deia.eus\/anasagasti\/files\/2025\/12\/GJU4VZQ5SJCEBN7KOWXNMI25CM.jpg\" alt=\"\" class=\"wp-image-21182\" srcset=\"https:\/\/blogs.deia.eus\/anasagasti\/files\/2025\/12\/GJU4VZQ5SJCEBN7KOWXNMI25CM.jpg 755w, https:\/\/blogs.deia.eus\/anasagasti\/files\/2025\/12\/GJU4VZQ5SJCEBN7KOWXNMI25CM-580x421.jpg 580w\" sizes=\"auto, (max-width: 755px) 100vw, 755px\" \/><\/a><\/figure>\n<\/div>\n\n\n<p>Mar\u00eda Corina Machado llega a Oslo despu\u00e9s de m\u00e1s de un a\u00f1o en la clandestinidad<\/p>\n\n\n\n<p><strong>La laureada con el Premio Nobel de la Paz, Mar\u00eda Corina Machado, saluda desde el balc\u00f3n del Grand Hotel, en Oslo, Noruega, el 11 de diciembre de 2025. (Foto: REUTERS\/Leonhard Foeger)<\/strong><\/p>\n\n\n\n<p>A Mar\u00eda Corina Machado le cantaron el himno nacional al salir al balc\u00f3n a saludar a los venezolanos que la esperaban.<\/p>\n\n\n\n<p><strong>Pasadas las 2 de la ma\u00f1ana (hora noruega), la Premio Nobel de la Paz estuvo m\u00e1s de 30 minutos con la gente que estaba en la calle.<\/strong><\/p>\n\n\n\n<p>\u201cSe\u00f1or Maduro, debe aceptar los resultados electorales y renunciar\u201d: la demanda del Nobel.<\/p>\n\n\n\n<ul class=\"wp-block-list\">\n<li>El presidente del Comit\u00e9 Noruego del Nobel, J\u00f8rgen Watne Frydnes, exhort\u00f3 a Nicol\u00e1s Maduro a dejar el poder para sentar las bases de una transici\u00f3n pac\u00edfica a la democracia, una demanda que -dijo- \u201ces la voluntad del pueblo venezolano\u201d.<\/li>\n\n\n\n<li>Reconoci\u00f3 la valent\u00eda de Mar\u00eda Corina Machado \u201cpor su incansable trabajo por la democracia\u201d y record\u00f3 la crisis humanitaria que enfrenta la poblaci\u00f3n, as\u00ed como las torturas, detenciones y desapariciones de cientos de presos pol\u00edticos, especialmente adolescentes.<\/li>\n\n\n\n<li>Frydnes: \u00abEl futuro de Venezuela puede tomar muchas formas. Pero el presente es uno solo y es horroroso\u00bb, dijo.<\/li>\n<\/ul>\n\n\n\n<p><em>\u201cMuchos de los que se han subido a este estrado para recibir el Premio Nobel de la Paz, entre ellos Lech Walesa y Nelson Mandela, conoc\u00edan bien los dilemas del di\u00e1logo. En los sistemas autoritarios, el di\u00e1logo puede conducir a mejoras, pero tambi\u00e9n puede ser una trampa. El di\u00e1logo se utiliza a menudo para ganar tiempo, generar divisi\u00f3n y controlar la agenda\u201d.<\/em><\/p>\n\n\n\n<p><strong>Discurso de Mar\u00eda Corina Machado, le\u00eddo por su hija Ana Corina Sosa.<\/strong><\/p>\n\n\n\n<p><em>\u00abPerm\u00edtanme rendir homenaje a los h\u00e9roes de este camino. A nuestros presos pol\u00edticos, a los perseguidos, a sus familias y a todos los que defienden los derechos humanos. A quienes nos protegieron, nos alimentaron y lo arriesgaron todo por cuidarnos. A los periodistas que se negaron a callar. A los artistas que llevaron nuestra voz al mundo. A mi equipo extraordinario, a mis maestros, a mis compa\u00f1eros activistas pol\u00edticos y sociales. A los l\u00edderes del mundo que nos acompa\u00f1aron y defendieron nuestra causa\u00bb, ley\u00f3 la hija de Machado.<\/em><\/p>\n\n\n\n<ul class=\"wp-block-list\">\n<li>El mensaje de Mar\u00eda Corina Machado tras recibir el Nobel de la Paz: \u201cQu\u00e9 honor escuchar mi discurso en la voz de mi hija\u201d.<\/li>\n\n\n\n<li>Con l\u00e1grimas y miedo los venezolanos celebran el Nobel de la Paz: \u00abNuestro silencio de hoy ser\u00e1 el ruido de felicidad del ma\u00f1ana\u00bb.- El Premio Nobel del que no se inform\u00f3 en los medios tradicionales de Venezuela.<\/li>\n\n\n\n<li>Las ediciones matutinas y meridianas de las dos principales televisoras privadas en Venezuela no hicieron menci\u00f3n a la ceremonia.<\/li>\n\n\n\n<li>EFE constat\u00f3 que en varios de los diarios que circulan en el pa\u00eds la noticia no fue primera plana. La misma situaci\u00f3n se repiti\u00f3 en el sitio web de la principal cadena radial privada del pa\u00eds.<\/li>\n\n\n\n<li>No obstante, en diversos medios digitales, en su mayor\u00eda de vertiente opositora, se destac\u00f3 el discurso de Machado, le\u00eddo en su nombre por su hija, Ana Corina Sosa.<\/li>\n<\/ul>\n\n\n\n<p>Sntp denuncia que equipo period\u00edstico argentino fue expulsado de Venezuela.<\/p>\n\n\n\n<p>Tal Cual: Nicol\u00e1s Maduro tilda de \u00abacto lleno de sangre\u00bb entrega del Nobel a Mar\u00eda Corina Machado<\/p>\n\n\n\n<p>T: Ant\u00f3nio Guterres, ONU, tild\u00f3 de inaceptable cualquier amenaza contra Mar\u00eda Corina Machado por ganar o recibir Nobel.<\/p>\n\n\n\n<p>Delcy Rodr\u00edguez: \u00abNo estamos dispuestos a negociar, entregar ni a sucumbir\u00bb<\/p>\n\n\n\n<p>El r\u00e9gimen tiene los d\u00edas contados.<\/p>\n<!-- AddThis Advanced Settings generic via filter on the_content --><!-- AddThis Share Buttons generic via filter on the_content -->","protected":false},"excerpt":{"rendered":"<p>Jueves 11 de diciembre de 2025 Mar\u00eda Corina Machado llega a Oslo despu\u00e9s de m\u00e1s de un a\u00f1o en la clandestinidad La laureada con el Premio Nobel de la Paz, Mar\u00eda Corina Machado, saluda desde el balc\u00f3n del Grand Hotel, en Oslo, Noruega, el 11 de diciembre de 2025. (Foto: REUTERS\/Leonhard Foeger) A Mar\u00eda Corina &hellip; <a href=\"https:\/\/blogs.deia.eus\/anasagasti\/2025\/12\/11\/senor-maduro-debe-aceptar-los-resultados-electorales-y-renunciar-la-demanda-del-nobel\/\" class=\"more-link\">Sigue leyendo <span class=\"screen-reader-text\">\u201cSE\u00d1OR MADURO, DEBE ACEPTAR LOS RESULTADOS ELECTORALES Y RENUNCIAR\u201d: LA DEMANDA DEL NOBEL<\/span><\/a><!-- AddThis Advanced Settings generic via filter on get_the_excerpt --><!-- AddThis Share Buttons generic via filter on get_the_excerpt --><\/p>\n","protected":false},"author":19,"featured_media":0,"comment_status":"open","ping_status":"open","sticky":false,"template":"","format":"standard","meta":{"footnotes":""},"categories":[1],"tags":[],"class_list":["post-21181","post","type-post","status-publish","format-standard","hentry","category-general"],"_links":{"self":[{"href":"https:\/\/blogs.deia.eus\/anasagasti\/wp-json\/wp\/v2\/posts\/21181","targetHints":{"allow":["GET"]}}],"collection":[{"href":"https:\/\/blogs.deia.eus\/anasagasti\/wp-json\/wp\/v2\/posts"}],"about":[{"href":"https:\/\/blogs.deia.eus\/anasagasti\/wp-json\/wp\/v2\/types\/post"}],"author":[{"embeddable":true,"href":"https:\/\/blogs.deia.eus\/anasagasti\/wp-json\/wp\/v2\/users\/19"}],"replies":[{"embeddable":true,"href":"https:\/\/blogs.deia.eus\/anasagasti\/wp-json\/wp\/v2\/comments?post=21181"}],"version-history":[{"count":1,"href":"https:\/\/blogs.deia.eus\/anasagasti\/wp-json\/wp\/v2\/posts\/21181\/revisions"}],"predecessor-version":[{"id":21183,"href":"https:\/\/blogs.deia.eus\/anasagasti\/wp-json\/wp\/v2\/posts\/21181\/revisions\/21183"}],"wp:attachment":[{"href":"https:\/\/blogs.deia.eus\/anasagasti\/wp-json\/wp\/v2\/media?parent=21181"}],"wp:term":[{"taxonomy":"category","embeddable":true,"href":"https:\/\/blogs.deia.eus\/anasagasti\/wp-json\/wp\/v2\/categories?post=21181"},{"taxonomy":"post_tag","embeddable":true,"href":"https:\/\/blogs.deia.eus\/anasagasti\/wp-json\/wp\/v2\/tags?post=21181"}],"curies":[{"name":"wp","href":"https:\/\/api.w.org\/{rel}","templated":true}]}}