{"id":21292,"date":"2026-01-10T19:54:19","date_gmt":"2026-01-10T17:54:19","guid":{"rendered":"https:\/\/blogs.deia.eus\/anasagasti\/?p=21292"},"modified":"2026-01-10T19:54:20","modified_gmt":"2026-01-10T17:54:20","slug":"josu-jon-en-la-casa-blanca-y-el-golfo-de-vizcaya","status":"publish","type":"post","link":"https:\/\/blogs.deia.eus\/anasagasti\/2026\/01\/10\/josu-jon-en-la-casa-blanca-y-el-golfo-de-vizcaya\/","title":{"rendered":"JOSU JON EN LA CASA BLANCA Y EL GOLFO DE VIZCAYA."},"content":{"rendered":"\n<p><strong>S\u00e1bado 10 de enero de 2025<\/strong><\/p>\n\n\n<div class=\"wp-block-image\">\n<figure class=\"aligncenter size-full\"><a href=\"https:\/\/blogs.deia.eus\/anasagasti\/files\/2026\/01\/Josu-Jon_Trump.jpeg\"><img loading=\"lazy\" decoding=\"async\" width=\"630\" height=\"496\" src=\"https:\/\/blogs.deia.eus\/anasagasti\/files\/2026\/01\/Josu-Jon_Trump.jpeg\" alt=\"\" class=\"wp-image-21293\" srcset=\"https:\/\/blogs.deia.eus\/anasagasti\/files\/2026\/01\/Josu-Jon_Trump.jpeg 630w, https:\/\/blogs.deia.eus\/anasagasti\/files\/2026\/01\/Josu-Jon_Trump-580x457.jpeg 580w\" sizes=\"auto, (max-width: 630px) 100vw, 630px\" \/><\/a><figcaption class=\"wp-element-caption\">?????????????????????????????????????????????????????????<\/figcaption><\/figure>\n<\/div>\n\n\n<p>Estuve&nbsp; hace diez a\u00f1os a las puertas del Helicoide de Caracas con Maldonado (CiU), Ander Gil (PSOE) y Garc\u00eda Carnero (PP) tres horas al sol. Ve\u00edamos las entradas y salidas de motoristas y soldados a un precioso edificio convertido en siniestra c\u00e1rcel de tortura. Quer\u00edamos visitar al alcalde de San Crist\u00f3bal, Daniel Ceballos, pero no nos dejaron ni &nbsp;tocar la puerta. Uno nos dijo. \u201dTengan cuidado no les metan dentro\u201d.<\/p>\n\n\n\n<p>Nos hab\u00eda pasado lo mismo en la prisi\u00f3n de Ramo Verde con Leopoldo L\u00f3pez. Presos sin cargos, sin defensa y sin ver la luz, pero ning\u00fan catedr\u00e1tico de Derecho Internacional se ocupaba de ellos, como ahora se preocupan por el pobre Maduro. Solo se saben la teor\u00eda, no la pr\u00e1ctica.<\/p>\n\n\n\n<p>Una semana despu\u00e9s del 3 de enero y de la rocambolesca detenci\u00f3n de Maduro y Cilia Flores tenemos a los dos bilba\u00ednos en casa. Mart\u00ednez nos dec\u00eda ayer que en estos quince meses de tan arbitraria detenci\u00f3n solo a los trece meses le dejaron llamar a casa.<\/p>\n\n\n\n<p>Veremos en breve &nbsp;como habr\u00e1 m\u00e1s liberaciones, a Delcy Rodr\u00edguez abriendo la embajada USA y pidiendo buenas relaciones diplom\u00e1ticas, a Petro encantado de haber hablado una hora con Trump y a la presidenta de M\u00e9xico reculando porque conoce como nadie el dicho mexicano aquel de \u00a1\u201dque lejos de Dios y que tan cerca de los Estados Unidos\u201d!.<\/p>\n\n\n\n<p>Y el viernes Josu Jon Imaz, ex presidente del EBB en la Casa Blanca, invitado como Ceo de Repsol. El \u00faltimo nacionalista que estuvo fue el Lehendakari Ardanza con Reagan por gesti\u00f3n de los hermanos Laxalt y esa del &nbsp;viernes &nbsp;Josu Jon, aunque no con su saludo el\u00e9ctrico. Estuvo almidonado, pero all\u00ed estuvo y sali\u00f3 airoso. Defendi\u00f3 los intereses de Repsol, para eso estaba ah\u00ed, y pidi\u00f3 seguridad jur\u00eddica, que nunca les ha dado el chavismo ladr\u00f3n, le dijo a Trump su voluntad de triplicar la inversi\u00f3n y le hizo un flash sobre su empresa que tiene en Petronor una refiner\u00eda preparada que mejorar\u00e1 de manera importante su trabajo. El petr\u00f3leo venezolano de la franja bituminosa del Orinoco necesita un tratamiento especial y Petronor tiene todos sus efectivos para eso. Trump le escuch\u00f3 atento y le agradeci\u00f3 su intervenci\u00f3n.<\/p>\n\n\n\n<p>Y all\u00ed estaban los grandes cacaos del mundo y Trump proponi\u00e9ndoles una inversi\u00f3n de cien mil millones de d\u00f3lares para sacar del rid\u00edculo 1% de la producci\u00f3n mundial del pa\u00eds m\u00e1s rico en petr\u00f3leo y gas, achatarrado por una dictadura infame que en un solo d\u00eda expuls\u00f3 de PDVSA a todos sus ingenieros, t\u00e9cnicos y cerebros y los sustituy\u00f3 por militares y amigotes. Y as\u00ed les ha ido. Un cementerio de chatarra, petr\u00f3leo venezolano vendido a Cuba y \u00e9sta vendi\u00e9ndolo en el mercado negro, una parte a Rusia y a Chevron la empresa petrolera estadounidense, con la que no ha dejado trabajar nunca a pesar de los insultos al imperialismo yanqui..<\/p>\n\n\n\n<p>Reconozco que Trump es un presidente impresentable a quien nunca votar\u00eda y que hablar 36 veces de petr\u00f3leo y nada sobre derechos humanos ni liberaci\u00f3n de presos, ni elecciones como primer mensaje fue un desastre, pero a los hechos me remito. Los dos bilba\u00ednos est\u00e1n en casa y no por Zapatero (que ahora se pone unas medallas que no son suyas) sino por la patada al avispero de Trump as\u00ed como el cierre del Helicoide, el resurgimiento de la industria petrolera que sacar\u00e1 de la miseria a una poblaci\u00f3n que ha emigrado en nueve millones de personas y no puede vivir. Como le dijo Imaz a Trump: \u201dSe abre una puerta para una Venezuela mejor\u201d. Esa es la clave de todo este gran enfrentamiento.<\/p>\n\n\n\n<p>Veo que a Josu Jon le est\u00e1n criticando por haber dicho Golfo de Am\u00e9rica &nbsp;y no Golfo de M\u00e9xico. Me imagino que lo hizo por hacerle la pelota a un Trump al que le gustan estas cosas y si no que se lo pregunten a Zelenski o a Ursula Von der Layen, pero ante estos que se desgarran las vestiduras les recuerdo que al Golfo de Vizcaya, en todas las Cartas N\u00e1uticas, le llaman Mar Cant\u00e1brico y a la Plaza El\u00edptica, Plaza Moyua, y no dicen nada. Que no se pongan tan exquisitos.<\/p>\n\n\n\n<p>La pol\u00edtica es as\u00ed y lo que hizo el Ceo de Repsol el viernes demuestra su capacidad y su defensa del encargo que le han hecho. El que Maduro est\u00e9 ahora en una prisi\u00f3n de Brooklyn para felicidad de los venezolanos de bien es culpa suya y no de la democracia ni del derecho internacional. Maduro era un s\u00e1trapa que practicaba el terrorismo de estado y el derecho internacional se hizo para defender al ciudadano, no para proteger a los asesinos.<\/p>\n\n\n\n<p>Que Bildu critique esa foto de Josu Jon Imaz en la Casa Blanca es normal. La &nbsp;foto de ellos es la de Arkaitz Rodr\u00edguez con D\u00edaz Canel, el presidente cubano, la de las parlamentarias Fullaondo y Urrea apoyando a Maduro la noche electoral el 28 de julio de 2024 y reconociendo y felicitando a quien hab\u00eda robado las elecciones o &nbsp;de apoyar a Putin en sus bombardeos a Ucrania.<\/p>\n\n\n\n<p>Pero por favor. No &nbsp;seamos tan tontos de comprar su mercanc\u00eda averiada y su defensa hemipl\u00e9jica de unos derechos que para ellos nunca son universales.<\/p>\n<!-- AddThis Advanced Settings generic via filter on the_content --><!-- AddThis Share Buttons generic via filter on the_content -->","protected":false},"excerpt":{"rendered":"<p>S\u00e1bado 10 de enero de 2025 Estuve&nbsp; hace diez a\u00f1os a las puertas del Helicoide de Caracas con Maldonado (CiU), Ander Gil (PSOE) y Garc\u00eda Carnero (PP) tres horas al sol. Ve\u00edamos las entradas y salidas de motoristas y soldados a un precioso edificio convertido en siniestra c\u00e1rcel de tortura. Quer\u00edamos visitar al alcalde de &hellip; <a href=\"https:\/\/blogs.deia.eus\/anasagasti\/2026\/01\/10\/josu-jon-en-la-casa-blanca-y-el-golfo-de-vizcaya\/\" class=\"more-link\">Sigue leyendo <span class=\"screen-reader-text\">JOSU JON EN LA CASA BLANCA Y EL GOLFO DE VIZCAYA.<\/span><\/a><!-- AddThis Advanced Settings generic via filter on get_the_excerpt --><!-- AddThis Share Buttons generic via filter on get_the_excerpt --><\/p>\n","protected":false},"author":19,"featured_media":0,"comment_status":"open","ping_status":"open","sticky":false,"template":"","format":"standard","meta":{"footnotes":""},"categories":[1],"tags":[],"class_list":["post-21292","post","type-post","status-publish","format-standard","hentry","category-general"],"_links":{"self":[{"href":"https:\/\/blogs.deia.eus\/anasagasti\/wp-json\/wp\/v2\/posts\/21292","targetHints":{"allow":["GET"]}}],"collection":[{"href":"https:\/\/blogs.deia.eus\/anasagasti\/wp-json\/wp\/v2\/posts"}],"about":[{"href":"https:\/\/blogs.deia.eus\/anasagasti\/wp-json\/wp\/v2\/types\/post"}],"author":[{"embeddable":true,"href":"https:\/\/blogs.deia.eus\/anasagasti\/wp-json\/wp\/v2\/users\/19"}],"replies":[{"embeddable":true,"href":"https:\/\/blogs.deia.eus\/anasagasti\/wp-json\/wp\/v2\/comments?post=21292"}],"version-history":[{"count":1,"href":"https:\/\/blogs.deia.eus\/anasagasti\/wp-json\/wp\/v2\/posts\/21292\/revisions"}],"predecessor-version":[{"id":21294,"href":"https:\/\/blogs.deia.eus\/anasagasti\/wp-json\/wp\/v2\/posts\/21292\/revisions\/21294"}],"wp:attachment":[{"href":"https:\/\/blogs.deia.eus\/anasagasti\/wp-json\/wp\/v2\/media?parent=21292"}],"wp:term":[{"taxonomy":"category","embeddable":true,"href":"https:\/\/blogs.deia.eus\/anasagasti\/wp-json\/wp\/v2\/categories?post=21292"},{"taxonomy":"post_tag","embeddable":true,"href":"https:\/\/blogs.deia.eus\/anasagasti\/wp-json\/wp\/v2\/tags?post=21292"}],"curies":[{"name":"wp","href":"https:\/\/api.w.org\/{rel}","templated":true}]}}