{"id":21344,"date":"2026-01-27T11:26:52","date_gmt":"2026-01-27T09:26:52","guid":{"rendered":"https:\/\/blogs.deia.eus\/anasagasti\/?p=21344"},"modified":"2026-01-27T11:26:52","modified_gmt":"2026-01-27T09:26:52","slug":"minnesota","status":"publish","type":"post","link":"https:\/\/blogs.deia.eus\/anasagasti\/2026\/01\/27\/minnesota\/","title":{"rendered":"MINNESOTA"},"content":{"rendered":"\n<p><strong>Martes 27 de enero de 2026<\/strong><\/p>\n\n\n<div class=\"wp-block-image\">\n<figure class=\"aligncenter size-full is-resized\"><a href=\"https:\/\/blogs.deia.eus\/anasagasti\/files\/2026\/01\/Barack-Obama.jpg\"><img loading=\"lazy\" decoding=\"async\" width=\"414\" height=\"335\" src=\"https:\/\/blogs.deia.eus\/anasagasti\/files\/2026\/01\/Barack-Obama.jpg\" alt=\"\" class=\"wp-image-21345\" style=\"width:552px;height:auto\" \/><\/a><\/figure>\n<\/div>\n\n\n<p>Tras las masivas protestas contra el ICE en Minnesota y los fallecimientos de ciudadanos estadounidenses a manos de los agentes del ICE, el expresidente Barack Obama, emite una declaraci\u00f3n a la naci\u00f3n:<\/p>\n\n\n\n<p>\u00abEl asesinato de Alex Pretti es una tragedia desgarradora. Tambi\u00e9n deber\u00eda ser una llamada de atenci\u00f3n para todos los estadounidenses, independientemente de su partido, sobre el hecho de que muchos de nuestros valores fundamentales como naci\u00f3n est\u00e1n siendo cada vez m\u00e1s atacados.\u00bb<\/p>\n\n\n\n<p>\u00abLas fuerzas del orden federales y los agentes de inmigraci\u00f3n tienen una tarea dif\u00edcil. Pero los estadounidenses esperan que cumplan con sus deberes de manera legal y responsable, y que colaboren con los funcionarios estatales y locales, en lugar de contra ellos, para garantizar la seguridad p\u00fablica.\u00bb<\/p>\n\n\n\n<p>\u00abEso no es lo que estamos viendo en Minnesota. De hecho, estamos viendo lo contrario.\u00bb<\/p>\n\n\n\n<p>\u00abDurante semanas, la gente de todo el pa\u00eds ha estado indignada, con raz\u00f3n, por el espect\u00e1culo de reclutas enmascarados del ICE y otros agentes federales actuando con impunidad y empleando t\u00e1cticas que parecen dise\u00f1adas para intimidar, acosar, provocar y poner en peligro a los residentes de una importante ciudad estadounidense. Estas t\u00e1cticas sin precedentes, que incluso el exabogado principal del Departamento de Seguridad Nacional durante la primera administraci\u00f3n Trump ha calificado de vergonzosas, ilegales y crueles, han resultado en la muerte a tiros de dos ciudadanos estadounidenses. Y, sin embargo, en lugar de intentar imponer alg\u00fan tipo de disciplina y rendici\u00f3n de cuentas a los agentes que han desplegado, el presidente y los funcionarios de la administraci\u00f3n actual parecen ansiosos por agravar la situaci\u00f3n, al tiempo que ofrecen explicaciones p\u00fablicas sobre los tiroteos del Sr. Pretti y Renee Good que no se basan en ninguna investigaci\u00f3n seria y que parecen contradecirse directamente con las pruebas en video.\u00bb<\/p>\n\n\n\n<p>\u00abEsto tiene que parar. Espero que, tras esta reciente tragedia, los funcionarios de la administraci\u00f3n reconsideren su enfoque y comiencen a encontrar maneras de trabajar de forma constructiva con el gobernador Walz y el alcalde Frey, as\u00ed como con la polic\u00eda estatal y local, para evitar m\u00e1s caos y lograr objetivos leg\u00edtimos de aplicaci\u00f3n de la ley.\u00bb<\/p>\n\n\n\n<p>\u00abMientras tanto, todos los estadounidenses deber\u00edan apoyar e inspirarse en la ola de protestas pac\u00edficas en Minneapolis y otras partes del pa\u00eds. Son un recordatorio oportuno de que, en \u00faltima instancia, depende de cada uno de nosotros, como ciudadanos, denunciar la injusticia, proteger nuestras libertades fundamentales y exigir cuentas a nuestro gobierno.\u00bb<\/p>\n<!-- AddThis Advanced Settings generic via filter on the_content --><!-- AddThis Share Buttons generic via filter on the_content -->","protected":false},"excerpt":{"rendered":"<p>Martes 27 de enero de 2026 Tras las masivas protestas contra el ICE en Minnesota y los fallecimientos de ciudadanos estadounidenses a manos de los agentes del ICE, el expresidente Barack Obama, emite una declaraci\u00f3n a la naci\u00f3n: \u00abEl asesinato de Alex Pretti es una tragedia desgarradora. Tambi\u00e9n deber\u00eda ser una llamada de atenci\u00f3n para &hellip; <a href=\"https:\/\/blogs.deia.eus\/anasagasti\/2026\/01\/27\/minnesota\/\" class=\"more-link\">Sigue leyendo <span class=\"screen-reader-text\">MINNESOTA<\/span><\/a><!-- AddThis Advanced Settings generic via filter on get_the_excerpt --><!-- AddThis Share Buttons generic via filter on get_the_excerpt --><\/p>\n","protected":false},"author":19,"featured_media":0,"comment_status":"open","ping_status":"open","sticky":false,"template":"","format":"standard","meta":{"footnotes":""},"categories":[1],"tags":[],"class_list":["post-21344","post","type-post","status-publish","format-standard","hentry","category-general"],"_links":{"self":[{"href":"https:\/\/blogs.deia.eus\/anasagasti\/wp-json\/wp\/v2\/posts\/21344","targetHints":{"allow":["GET"]}}],"collection":[{"href":"https:\/\/blogs.deia.eus\/anasagasti\/wp-json\/wp\/v2\/posts"}],"about":[{"href":"https:\/\/blogs.deia.eus\/anasagasti\/wp-json\/wp\/v2\/types\/post"}],"author":[{"embeddable":true,"href":"https:\/\/blogs.deia.eus\/anasagasti\/wp-json\/wp\/v2\/users\/19"}],"replies":[{"embeddable":true,"href":"https:\/\/blogs.deia.eus\/anasagasti\/wp-json\/wp\/v2\/comments?post=21344"}],"version-history":[{"count":1,"href":"https:\/\/blogs.deia.eus\/anasagasti\/wp-json\/wp\/v2\/posts\/21344\/revisions"}],"predecessor-version":[{"id":21346,"href":"https:\/\/blogs.deia.eus\/anasagasti\/wp-json\/wp\/v2\/posts\/21344\/revisions\/21346"}],"wp:attachment":[{"href":"https:\/\/blogs.deia.eus\/anasagasti\/wp-json\/wp\/v2\/media?parent=21344"}],"wp:term":[{"taxonomy":"category","embeddable":true,"href":"https:\/\/blogs.deia.eus\/anasagasti\/wp-json\/wp\/v2\/categories?post=21344"},{"taxonomy":"post_tag","embeddable":true,"href":"https:\/\/blogs.deia.eus\/anasagasti\/wp-json\/wp\/v2\/tags?post=21344"}],"curies":[{"name":"wp","href":"https:\/\/api.w.org\/{rel}","templated":true}]}}