{"id":21351,"date":"2026-01-29T09:14:31","date_gmt":"2026-01-29T07:14:31","guid":{"rendered":"https:\/\/blogs.deia.eus\/anasagasti\/?p=21351"},"modified":"2026-01-29T09:14:31","modified_gmt":"2026-01-29T07:14:31","slug":"revision-desacomplejada-de-la-historia","status":"publish","type":"post","link":"https:\/\/blogs.deia.eus\/anasagasti\/2026\/01\/29\/revision-desacomplejada-de-la-historia\/","title":{"rendered":"REVISI\u00d3N DESACOMPLEJADA DE LA HISTORIA"},"content":{"rendered":"\n<p><strong>Jueves 29 de enero de 2026<\/strong><\/p>\n\n\n<div class=\"wp-block-image\">\n<figure class=\"aligncenter size-full\"><a href=\"https:\/\/blogs.deia.eus\/anasagasti\/files\/2026\/01\/aznar_ucles_espinosa.jpg\"><img loading=\"lazy\" decoding=\"async\" width=\"526\" height=\"526\" src=\"https:\/\/blogs.deia.eus\/anasagasti\/files\/2026\/01\/aznar_ucles_espinosa.jpg\" alt=\"\" class=\"wp-image-21352\" srcset=\"https:\/\/blogs.deia.eus\/anasagasti\/files\/2026\/01\/aznar_ucles_espinosa.jpg 526w, https:\/\/blogs.deia.eus\/anasagasti\/files\/2026\/01\/aznar_ucles_espinosa-150x150.jpg 150w\" sizes=\"auto, (max-width: 526px) 100vw, 526px\" \/><\/a><\/figure>\n<\/div>\n\n\n<p>Un jovenc\u00edsimo escritor que est\u00e1 de actualidad por su primer libro, David Ucl\u00e9s y la Pen\u00ednsula de las Casas Vac\u00edas, ha pasado en Espa\u00f1a en un instante de ser un superventas con una peculiar novela m\u00e1gica y realista sobre la Guerra Civil a ser un ser despreciable para los que ganaron la misma, o sea para los vencedores y asociados del golpe de estado y posterior e interminable genocidio.<\/p>\n\n\n\n<p>Y todo por haber tenido el atrevimiento de marcharse de un coloquio sobre aquella inmensa tragedia coordinado por el insigne vendelibros P\u00e9rez&nbsp; Reverte y que contaba con la participaci\u00f3n entre otros de Aznar y de un ex de Vox, Espinosa de los Monteros, que se cay\u00f3 del partido por el borde derecho. El se\u00f1or Ucl\u00e9s se larg\u00f3 del invento porque no quer\u00eda compartir mesa con tales dem\u00f3cratas de toda la vida. Y es que el tema se las tra\u00eda. Propon\u00eda el se\u00f1or P\u00e9rez que \u201cen esa guerra perdimos todos los espa\u00f1oles\u201d mientras que Ucl\u00e9s como es un maldito rojo sostiene que \u201cperdieron los del bando republicano\u201d.<\/p>\n\n\n\n<p>Admiro el valor del escritor frente a esos recios espa\u00f1oles muy espa\u00f1oles y muy azules que tergiversan mientras te miran con aire de suficiencia. Si fuera normal plantearse a estas alturas qui\u00e9nes eran los legales y qui\u00e9nes los ilegales en aquella matanza y posterior represi\u00f3n s\u00e1dica, se podr\u00eda exportar el modelo a la Segunda Guerra Mundial y presentar como v\u00edctimas a los nazis de armas o de ideolog\u00eda frente a los&nbsp; aliados, que eran malos tambi\u00e9n. \u00bfQui\u00e9nes eran m\u00e1s malos? \u00bfTodos eran igual de malos? Valga tambi\u00e9n para las purgas de Stalin. \u00bfQui\u00e9n sufri\u00f3 m\u00e1s? \u00bfEl Padrecito y sus alima\u00f1as o los purgados? \u00bfLos de la resistencia Francesa eran los malos y Petain y los colaboracionistas voluntarios los buenos?<\/p>\n\n\n\n<p>Dicen los P\u00e9rez &nbsp;Reverte y C\u00eda que si Vd. habla de las v\u00edctimas del franquismo es que quiere reabrir heridas. Los que eran como P\u00e9rez y C\u00eda se pasaron 40 a\u00f1os alabando y glorificando a los ca\u00eddos por Dios y por Espa\u00f1a cuyo sufrimiento tap\u00f3 cualquier otro.<\/p>\n\n\n\n<p>Pues ahora sus descendientes&nbsp; te dejan hablar de tu padre asesinado pero en el mismo plano de igualdad y dignidad que el falangista que le peg\u00f3 el tiro en la nuca. Todo ello, dicen, en pro de la convivencia de los espa\u00f1oles incluidos los familiares de los que siguen en las cunetas. De eso saben mucho los Borbones. El rey actual merendaba en El Pardo de chaval\u00edn con Franco y su se\u00f1ora para comenzar a resta\u00f1ar heridas y ponerle a papi para velar por su testamento. Esos s\u00ed que sab\u00edan lo que es Espa\u00f1a y lo que ser\u00e1 siempre.<\/p>\n<!-- AddThis Advanced Settings generic via filter on the_content --><!-- AddThis Share Buttons generic via filter on the_content -->","protected":false},"excerpt":{"rendered":"<p>Jueves 29 de enero de 2026 Un jovenc\u00edsimo escritor que est\u00e1 de actualidad por su primer libro, David Ucl\u00e9s y la Pen\u00ednsula de las Casas Vac\u00edas, ha pasado en Espa\u00f1a en un instante de ser un superventas con una peculiar novela m\u00e1gica y realista sobre la Guerra Civil a ser un ser despreciable para los &hellip; <a href=\"https:\/\/blogs.deia.eus\/anasagasti\/2026\/01\/29\/revision-desacomplejada-de-la-historia\/\" class=\"more-link\">Sigue leyendo <span class=\"screen-reader-text\">REVISI\u00d3N DESACOMPLEJADA DE LA HISTORIA<\/span><\/a><!-- AddThis Advanced Settings generic via filter on get_the_excerpt --><!-- AddThis Share Buttons generic via filter on get_the_excerpt --><\/p>\n","protected":false},"author":19,"featured_media":0,"comment_status":"open","ping_status":"open","sticky":false,"template":"","format":"standard","meta":{"footnotes":""},"categories":[1],"tags":[],"class_list":["post-21351","post","type-post","status-publish","format-standard","hentry","category-general"],"_links":{"self":[{"href":"https:\/\/blogs.deia.eus\/anasagasti\/wp-json\/wp\/v2\/posts\/21351","targetHints":{"allow":["GET"]}}],"collection":[{"href":"https:\/\/blogs.deia.eus\/anasagasti\/wp-json\/wp\/v2\/posts"}],"about":[{"href":"https:\/\/blogs.deia.eus\/anasagasti\/wp-json\/wp\/v2\/types\/post"}],"author":[{"embeddable":true,"href":"https:\/\/blogs.deia.eus\/anasagasti\/wp-json\/wp\/v2\/users\/19"}],"replies":[{"embeddable":true,"href":"https:\/\/blogs.deia.eus\/anasagasti\/wp-json\/wp\/v2\/comments?post=21351"}],"version-history":[{"count":1,"href":"https:\/\/blogs.deia.eus\/anasagasti\/wp-json\/wp\/v2\/posts\/21351\/revisions"}],"predecessor-version":[{"id":21353,"href":"https:\/\/blogs.deia.eus\/anasagasti\/wp-json\/wp\/v2\/posts\/21351\/revisions\/21353"}],"wp:attachment":[{"href":"https:\/\/blogs.deia.eus\/anasagasti\/wp-json\/wp\/v2\/media?parent=21351"}],"wp:term":[{"taxonomy":"category","embeddable":true,"href":"https:\/\/blogs.deia.eus\/anasagasti\/wp-json\/wp\/v2\/categories?post=21351"},{"taxonomy":"post_tag","embeddable":true,"href":"https:\/\/blogs.deia.eus\/anasagasti\/wp-json\/wp\/v2\/tags?post=21351"}],"curies":[{"name":"wp","href":"https:\/\/api.w.org\/{rel}","templated":true}]}}