{"id":21355,"date":"2026-01-30T13:33:50","date_gmt":"2026-01-30T11:33:50","guid":{"rendered":"https:\/\/blogs.deia.eus\/anasagasti\/?p=21355"},"modified":"2026-01-30T13:33:51","modified_gmt":"2026-01-30T11:33:51","slug":"demanda-a-antonio-maestre-por-incitacion-al-odio-hacia-los-venezolanos","status":"publish","type":"post","link":"https:\/\/blogs.deia.eus\/anasagasti\/2026\/01\/30\/demanda-a-antonio-maestre-por-incitacion-al-odio-hacia-los-venezolanos\/","title":{"rendered":"DEMANDA A ANTONIO MAESTRE POR INCITACI\u00d3N AL ODIO HACIA LOS VENEZOLANOS"},"content":{"rendered":"\n<p><strong>Viernes 30 de enero de 2026<\/strong><strong><\/strong><\/p>\n\n\n<div class=\"wp-block-image\">\n<figure class=\"aligncenter size-full\"><a href=\"https:\/\/blogs.deia.eus\/anasagasti\/files\/2026\/01\/Antonio-Maestre.jpg\"><img loading=\"lazy\" decoding=\"async\" width=\"880\" height=\"495\" src=\"https:\/\/blogs.deia.eus\/anasagasti\/files\/2026\/01\/Antonio-Maestre.jpg\" alt=\"\" class=\"wp-image-21356\" srcset=\"https:\/\/blogs.deia.eus\/anasagasti\/files\/2026\/01\/Antonio-Maestre.jpg 880w, https:\/\/blogs.deia.eus\/anasagasti\/files\/2026\/01\/Antonio-Maestre-580x326.jpg 580w, https:\/\/blogs.deia.eus\/anasagasti\/files\/2026\/01\/Antonio-Maestre-768x432.jpg 768w\" sizes=\"auto, (max-width: 880px) 100vw, 880px\" \/><\/a><\/figure>\n<\/div>\n\n\n<p>La Asociaci\u00f3n Civil Venezuela Libre, registrada &nbsp;desde 2015, demand\u00f3 al periodista espa\u00f1ol Antonio Maestre por la publicaci\u00f3n del art\u00edculo \u00abLa gusanera fascista venezolana en Espa\u00f1a\u00bb, difundida por LaSexta el pasado 7 de enero.<\/p>\n\n\n\n<p>Acompa\u00f1ados por el abogado Blas Jes\u00fas Imbroda, la asociaci\u00f3n interpuso una acci\u00f3n penal ante tribunales nacionales e internacionales contra Maestre por incitaci\u00f3n al odio y discriminaci\u00f3n, conforme al art\u00edculo 510 del C\u00f3digo Penal espa\u00f1ol.<\/p>\n\n\n\n<p>A trav\u00e9s de un comunicado,&nbsp;<strong>firmado por Sim\u00f3n Pedro Deffendini, Miguel Henrique Otero y Carlos Sarmiento Sosa,&nbsp;<\/strong>Venezuela Libre expres\u00f3 que el reportaje presenta a la comunidad venezolana en Espa\u00f1a como un grupo de \u201cfascistas\u201d y la vincula con la ultraderecha, configurando \u00abun discurso estigmatizador y deshumanizante\u00bb, contrario a los principios democr\u00e1ticos b\u00e1sicos.<\/p>\n\n\n\n<p>Sostuvo adem\u00e1s que dichas expresiones incurren en discurso de odio, tipificado en la legislaci\u00f3n espa\u00f1ola y contrario a los principios de la Carta de los Derechos Fundamentales de la UE y la jurisprudencia del Tribunal Europeo de Derechos Humanos, que avala sanciones frente a manifestaciones xen\u00f3foba o racistas (casos F\u00e9ret c. B\u00e9lgica y Vejdeland y otros c. Suecia).<\/p>\n\n\n\n<p>La asociaci\u00f3n tild\u00f3 de \u201cparad\u00f3jico\u201d que Maestre y LaSexta, difundan mensajes que, a su juicio, niegan la diversidad y fomentan la desigualdad.<\/p>\n\n\n\n<p>Advirti\u00f3 que&nbsp;este tipo de ret\u00f3rica recuerda episodios hist\u00f3ricos de propaganda de odio, como la promovida por medios en la Alemania nazi o la Radio T\u00e9l\u00e9vision Libre des Mille Collines durante el genocidio de Ruanda, ambos considerados incitaciones punibles por tribunales internacionales.<\/p>\n\n\n\n<p>Finalmente, exigi\u00f3 a Maestre y a LaSexta una rectificaci\u00f3n p\u00fablica y que se abstengan de reproducir discursos que promuevan el odio o la discriminaci\u00f3n contra comunidades migrantes o minoritarias.<\/p>\n\n\n\n<p><strong>El periodista espa\u00f1ol Maestre ha sido duramente criticado<\/strong>&nbsp;tras la publicaci\u00f3n del art\u00edculo contra los venezolanos por ser considerado xen\u00f3fobo, pues emplea calificativos que trascienden la cr\u00edtica pol\u00edtica y afectan de manera directa a un colectivo definido por su origen.<\/p>\n\n\n\n<p>\u00abGilipollas hay en todo el mundo y de todas las nacionalidades,&nbsp;<strong>pero la peculiaridad de la gusanera fascista venezolana en Espa\u00f1a no podemos eludirla<\/strong>\u00ab, expres\u00f3 Maestre al inicio del texto luego de que hiciera menci\u00f3n a la entrevista ofrecida por un refugiado venezolano sobre la captura de Nicol\u00e1s Maduro el pasado 3 de enero.<\/p>\n\n\n\n<p>Y agreg\u00f3: \u00abEl mayor error del gobierno socialista de estos a\u00f1os es haber sido tan laxo con la concesi\u00f3n de asilo a una caterva de fascistas que representan lo peor de la ultraderecha mundial y que han sido correa de transmisi\u00f3n de la peor propaganda ultra que asimila cualquier gobierno progresista a una peste a erradicar. Una cosa es dar asilo a personas vulnerables que huyen de la represi\u00f3n, que los ha habido, y otra convertirse de manera voluntaria en depositario de una quinta columna antidemocr\u00e1tica que no discrimina entre gobiernos autoritarios y democr\u00e1ticos cuando los que est\u00e1n en el poder no comparten su ideolog\u00eda\u00bb.<\/p>\n\n\n\n<p>La composici\u00f3n sociol\u00f3gica de la gusanera venezolana es completamente diferente a la de cualquier otro grupo de inmigrantes porque est\u00e1 compuesta por individuos con mucho m\u00e1s poder econ\u00f3mico que el que puede tener toda la izquierda poscomunista espa\u00f1ola&#8230; Los fascistas venezolanos en Espa\u00f1a tienen suerte de que los valores progresistas, muy alejados de los ultras a los que se acercan, nunca propondr\u00e1n su expulsi\u00f3n a pesar de que su presencia atente contra los intereses progresistas\u00bb.<\/p>\n\n\n\n<p>Pese a la gravedad del contenido, el texto a\u00fan no ha sido retirado.<\/p>\n<!-- AddThis Advanced Settings generic via filter on the_content --><!-- AddThis Share Buttons generic via filter on the_content -->","protected":false},"excerpt":{"rendered":"<p>Viernes 30 de enero de 2026 La Asociaci\u00f3n Civil Venezuela Libre, registrada &nbsp;desde 2015, demand\u00f3 al periodista espa\u00f1ol Antonio Maestre por la publicaci\u00f3n del art\u00edculo \u00abLa gusanera fascista venezolana en Espa\u00f1a\u00bb, difundida por LaSexta el pasado 7 de enero. Acompa\u00f1ados por el abogado Blas Jes\u00fas Imbroda, la asociaci\u00f3n interpuso una acci\u00f3n penal ante tribunales nacionales &hellip; <a href=\"https:\/\/blogs.deia.eus\/anasagasti\/2026\/01\/30\/demanda-a-antonio-maestre-por-incitacion-al-odio-hacia-los-venezolanos\/\" class=\"more-link\">Sigue leyendo <span class=\"screen-reader-text\">DEMANDA A ANTONIO MAESTRE POR INCITACI\u00d3N AL ODIO HACIA LOS VENEZOLANOS<\/span><\/a><!-- AddThis Advanced Settings generic via filter on get_the_excerpt --><!-- AddThis Share Buttons generic via filter on get_the_excerpt --><\/p>\n","protected":false},"author":19,"featured_media":0,"comment_status":"open","ping_status":"open","sticky":false,"template":"","format":"standard","meta":{"footnotes":""},"categories":[1],"tags":[],"class_list":["post-21355","post","type-post","status-publish","format-standard","hentry","category-general"],"_links":{"self":[{"href":"https:\/\/blogs.deia.eus\/anasagasti\/wp-json\/wp\/v2\/posts\/21355","targetHints":{"allow":["GET"]}}],"collection":[{"href":"https:\/\/blogs.deia.eus\/anasagasti\/wp-json\/wp\/v2\/posts"}],"about":[{"href":"https:\/\/blogs.deia.eus\/anasagasti\/wp-json\/wp\/v2\/types\/post"}],"author":[{"embeddable":true,"href":"https:\/\/blogs.deia.eus\/anasagasti\/wp-json\/wp\/v2\/users\/19"}],"replies":[{"embeddable":true,"href":"https:\/\/blogs.deia.eus\/anasagasti\/wp-json\/wp\/v2\/comments?post=21355"}],"version-history":[{"count":1,"href":"https:\/\/blogs.deia.eus\/anasagasti\/wp-json\/wp\/v2\/posts\/21355\/revisions"}],"predecessor-version":[{"id":21357,"href":"https:\/\/blogs.deia.eus\/anasagasti\/wp-json\/wp\/v2\/posts\/21355\/revisions\/21357"}],"wp:attachment":[{"href":"https:\/\/blogs.deia.eus\/anasagasti\/wp-json\/wp\/v2\/media?parent=21355"}],"wp:term":[{"taxonomy":"category","embeddable":true,"href":"https:\/\/blogs.deia.eus\/anasagasti\/wp-json\/wp\/v2\/categories?post=21355"},{"taxonomy":"post_tag","embeddable":true,"href":"https:\/\/blogs.deia.eus\/anasagasti\/wp-json\/wp\/v2\/tags?post=21355"}],"curies":[{"name":"wp","href":"https:\/\/api.w.org\/{rel}","templated":true}]}}