{"id":21358,"date":"2026-01-31T08:50:11","date_gmt":"2026-01-31T06:50:11","guid":{"rendered":"https:\/\/blogs.deia.eus\/anasagasti\/?p=21358"},"modified":"2026-01-31T08:50:12","modified_gmt":"2026-01-31T06:50:12","slug":"el-arbol-de-nuestra-ama","status":"publish","type":"post","link":"https:\/\/blogs.deia.eus\/anasagasti\/2026\/01\/31\/el-arbol-de-nuestra-ama\/","title":{"rendered":"EL \u00c1RBOL DE \u00a0NUESTRA AMA"},"content":{"rendered":"\n<p><strong>S\u00e1bado 31 de enero de 2026<\/strong><\/p>\n\n\n<div class=\"wp-block-image\">\n<figure class=\"aligncenter size-full is-resized\"><a href=\"https:\/\/blogs.deia.eus\/anasagasti\/files\/2026\/01\/Magnolia-Campo-Volantin.jpg\"><img loading=\"lazy\" decoding=\"async\" width=\"768\" height=\"960\" src=\"https:\/\/blogs.deia.eus\/anasagasti\/files\/2026\/01\/Magnolia-Campo-Volantin.jpg\" alt=\"\" class=\"wp-image-21359\" style=\"width:472px;height:auto\" srcset=\"https:\/\/blogs.deia.eus\/anasagasti\/files\/2026\/01\/Magnolia-Campo-Volantin.jpg 768w, https:\/\/blogs.deia.eus\/anasagasti\/files\/2026\/01\/Magnolia-Campo-Volantin-580x725.jpg 580w\" sizes=\"auto, (max-width: 768px) 100vw, 768px\" \/><\/a><\/figure>\n<\/div>\n\n\n<p>Todos los a\u00f1os, adem\u00e1s del recuerdo perenne, recordamos a nuestra ama fallecida en 2008. Y todo los a\u00f1os saco una fotograf\u00eda a \u00e9ste \u00e1rbol que sigue floreciendo, como uno de los miles de milagros de la naturaleza. Y es uno de los primeros que florece en Bilbao a veces tres meses antes de la llegada de la primavera.<\/p>\n\n\n\n<p>Y comento \u00e9sta su peque\u00f1a historia.<\/p>\n\n\n\n<p>Eran dos. Dos&nbsp; magnolios .Uno de flor blanca y otro de flor rosada. Preciosos. Llamaban la atenci\u00f3n. Un mal d\u00eda, sal\u00eda mi ama de casa y hab\u00edan cortado ya el de las flores rosadas y se preparaban para cortar al que salv\u00f3 mont\u00e1ndoles un pollo a los mutiladores de tanta belleza. Me lo cont\u00f3 una vecina. Ella hizo lo que su sensibilidad le mandaba .Y lo salv\u00f3. Y sigue floreciendo todos los a\u00f1os en enero. Y nosotros nos enorgullecemos de este peque\u00f1o gesto de nuestra ama.<\/p>\n\n\n\n<p>Mi ama ayer 30 hubiera sido su cumplea\u00f1os. Mujer con muchas amistades en todos los sitios, se sentaba cada 30 de enero en su butaca a recibir las felicitaciones de amigas, amigos, familiares, vecinos y todo quisqui. Las ten\u00eda en todas partes y sobre todo las cultivaba. \u201dEste a\u00f1o tengo seis llamadas m\u00e1s, aunque no me ha llamado fulanita, igual le ha pasado algo, le tengo que llamar\u201d.<\/p>\n\n\n\n<p>La vida sigue. Aquella mutilaci\u00f3n arb\u00f3rea obedec\u00eda a la \u00e9poca, aunque no estamos inmunizados contra la piqueta o contra los arboricidas. Pero \u00e9ste se salv\u00f3. Por eso lo recuerdo.<\/p>\n\n\n\n<p>Es como la historia David y Goliat. Sabemos que existi\u00f3 David porque fue un David el que venci\u00f3 a Goliat. Por eso fue noticia. La norma era que venciera siempre Goliat.<\/p>\n\n\n\n<p>El \u00e1rbol sigue porque lo salv\u00f3 D\u00f1a Itziar Olabeaga Basurko. Nuestro homenaje .<\/p>\n<!-- AddThis Advanced Settings generic via filter on the_content --><!-- AddThis Share Buttons generic via filter on the_content -->","protected":false},"excerpt":{"rendered":"<p>S\u00e1bado 31 de enero de 2026 Todos los a\u00f1os, adem\u00e1s del recuerdo perenne, recordamos a nuestra ama fallecida en 2008. Y todo los a\u00f1os saco una fotograf\u00eda a \u00e9ste \u00e1rbol que sigue floreciendo, como uno de los miles de milagros de la naturaleza. Y es uno de los primeros que florece en Bilbao a veces &hellip; <a href=\"https:\/\/blogs.deia.eus\/anasagasti\/2026\/01\/31\/el-arbol-de-nuestra-ama\/\" class=\"more-link\">Sigue leyendo <span class=\"screen-reader-text\">EL \u00c1RBOL DE \u00a0NUESTRA AMA<\/span><\/a><!-- AddThis Advanced Settings generic via filter on get_the_excerpt --><!-- AddThis Share Buttons generic via filter on get_the_excerpt --><\/p>\n","protected":false},"author":19,"featured_media":0,"comment_status":"open","ping_status":"open","sticky":false,"template":"","format":"standard","meta":{"footnotes":""},"categories":[1],"tags":[],"class_list":["post-21358","post","type-post","status-publish","format-standard","hentry","category-general"],"_links":{"self":[{"href":"https:\/\/blogs.deia.eus\/anasagasti\/wp-json\/wp\/v2\/posts\/21358","targetHints":{"allow":["GET"]}}],"collection":[{"href":"https:\/\/blogs.deia.eus\/anasagasti\/wp-json\/wp\/v2\/posts"}],"about":[{"href":"https:\/\/blogs.deia.eus\/anasagasti\/wp-json\/wp\/v2\/types\/post"}],"author":[{"embeddable":true,"href":"https:\/\/blogs.deia.eus\/anasagasti\/wp-json\/wp\/v2\/users\/19"}],"replies":[{"embeddable":true,"href":"https:\/\/blogs.deia.eus\/anasagasti\/wp-json\/wp\/v2\/comments?post=21358"}],"version-history":[{"count":1,"href":"https:\/\/blogs.deia.eus\/anasagasti\/wp-json\/wp\/v2\/posts\/21358\/revisions"}],"predecessor-version":[{"id":21360,"href":"https:\/\/blogs.deia.eus\/anasagasti\/wp-json\/wp\/v2\/posts\/21358\/revisions\/21360"}],"wp:attachment":[{"href":"https:\/\/blogs.deia.eus\/anasagasti\/wp-json\/wp\/v2\/media?parent=21358"}],"wp:term":[{"taxonomy":"category","embeddable":true,"href":"https:\/\/blogs.deia.eus\/anasagasti\/wp-json\/wp\/v2\/categories?post=21358"},{"taxonomy":"post_tag","embeddable":true,"href":"https:\/\/blogs.deia.eus\/anasagasti\/wp-json\/wp\/v2\/tags?post=21358"}],"curies":[{"name":"wp","href":"https:\/\/api.w.org\/{rel}","templated":true}]}}