{"id":21361,"date":"2026-02-01T09:15:25","date_gmt":"2026-02-01T07:15:25","guid":{"rendered":"https:\/\/blogs.deia.eus\/anasagasti\/?p=21361"},"modified":"2026-02-01T09:15:26","modified_gmt":"2026-02-01T07:15:26","slug":"navarro-hasta-las-cachas","status":"publish","type":"post","link":"https:\/\/blogs.deia.eus\/anasagasti\/2026\/02\/01\/navarro-hasta-las-cachas\/","title":{"rendered":"NAVARRO HASTA LAS CACHAS"},"content":{"rendered":"\n<p><strong>Domingo 1 de febrero de 2026<\/strong><\/p>\n\n\n<div class=\"wp-block-image\">\n<figure class=\"aligncenter size-full\"><a href=\"https:\/\/blogs.deia.eus\/anasagasti\/files\/2026\/02\/Premio-Manuel-de-Irujo.jpg\"><img loading=\"lazy\" decoding=\"async\" width=\"810\" height=\"716\" src=\"https:\/\/blogs.deia.eus\/anasagasti\/files\/2026\/02\/Premio-Manuel-de-Irujo.jpg\" alt=\"\" class=\"wp-image-21362\" srcset=\"https:\/\/blogs.deia.eus\/anasagasti\/files\/2026\/02\/Premio-Manuel-de-Irujo.jpg 810w, https:\/\/blogs.deia.eus\/anasagasti\/files\/2026\/02\/Premio-Manuel-de-Irujo-580x513.jpg 580w, https:\/\/blogs.deia.eus\/anasagasti\/files\/2026\/02\/Premio-Manuel-de-Irujo-768x679.jpg 768w\" sizes=\"auto, (max-width: 810px) 100vw, 810px\" \/><\/a><\/figure>\n<\/div>\n\n\n<p>El pasado uno de enero se cumplieron 45 a\u00f1os del fallecimiento en Lizarra del pol\u00edtico navarro m\u00e1s importante del siglo XX, Don Manuel de Irujo. Su funeral y entierro fue multitudinario, y el dolor por su p\u00e9rdida, palpable y expresivo. All\u00ed estuvieron todos. El escritor Pablo Anto\u00f1ana recordaba que en Navarra hab\u00eda \u201cvasquistas\u201d e \u201cIrujistas\u201d. \u201dSin la guerra civil la historia de \u00e9sta tierra hubiera sido distinta. Don Manuel hubiera sido un personaje principal, como lo fue como ministro de Justicia del gobierno republicano. En la guerra fue un Pimpinela Escarlata, que salv\u00f3 muchas vidas arriesgando la suya, en&nbsp; aquellos d\u00edas azarosos, y, los salvados le recordaron con gratitud. Se declar\u00f3 navarro hasta las cachas\u201d.<\/p>\n\n\n\n<p>El 25 de marzo de 2002 el Gobierno Vasco cre\u00f3 el Premio Manuel de Irujo&nbsp; con la intenci\u00f3n de reconocer a aquellas personas o colectivos que sean un ejemplo &nbsp;en &nbsp;\u201cla defensa de la justicia y la promoci\u00f3n de sus valores\u201d. El Lehendakari Ibarretxe calific\u00f3 de magn\u00edfica la idea&nbsp; en una sociedad golpeada por la barbaridad y la injusticia de la violencia mientras agradec\u00eda al Departamento de Justicia y a su consejero Azkarraga la puesta en marcha de dicho premio, galard\u00f3n &nbsp;que en tiempos de la Consejera Idoia Mendia, creo,&nbsp; se dej\u00f3 de entregar ,aunque pienso sigue vigente. Fue un acuerdo de Gobierno.<\/p>\n\n\n\n<p>Hoy el Departamento est\u00e1 regentado por la Consejera &nbsp;de Justicia y Derechos Humanos, Mar\u00eda Jes\u00fas San Jos\u00e9 que pienso no tendr\u00e1 el menor inconveniente, asi como el Lehendakari Pradales, de retomar \u00e9ste galard\u00f3n. Solo recordar que Irujo fue ministro con los presidentes de los gobiernos socialistas de Largo Caballero y Negr\u00edn y que cuando le propusimos al ministro Belloch un cuadro de Don Manuel para la galer\u00eda de ex ministros, inmediatamente nos atendi\u00f3. Fueron Margarita Robles y Mar\u00eda Teresa Fern\u00e1ndez de la Vega, secretarias de estado, quienes encargaron el cuadro a un pintor navarro organizando la develaci\u00f3n del cuadro en el ministerio de Justicia en presencia de Ram\u00f3n Rubial, Xabier Arzalluz y todos los diputados y senadores del PSE y PNV de la \u00e9poca. Y es que Irujo es una figura que trasciende a los partidos. Posteriormente&nbsp; y bajo mandato de la ministra de justicia socialista Pilar Llop y a petici\u00f3n nuestra se edit\u00f3 el&nbsp; espl\u00e9ndido trabajo sobre&nbsp; Don Manuel Irujo \u201cCristiano, Dem\u00f3crata y Vasco\u201d del historiador Patxi Agirre que est\u00e1 disponible en la web del Ministerio de justicia y puede ser descargado gratuitamente.<\/p>\n\n\n\n<p>En la rueda de prensa aludida del Lehendakari Ibarretxe, cuya fotograf\u00eda publicamos, vemos como tel\u00f3n de fondo en letra peque\u00f1a un pensamiento de Irujo que dice as\u00ed. \u201dComo hombre soy cristiano, dem\u00f3crata y republicano. Como ministro de Justicia vengo a guardar y hacer guardar las leyes. Gentes de toda condici\u00f3n social han sido v\u00edctimas de la represi\u00f3n criminal. Levanto mi voz para oponerme al sistema y afirmar que se han acabado los llamados paseos. En adelante solo podr\u00e1n juzgar los tribunales. Manuel de Irujo. Mayo de 1937\u201d.<\/p>\n\n\n\n<p><strong>EL PRECIO DEL ESTATUTO.<\/strong><strong><\/strong><\/p>\n\n\n\n<p>Hace pues 45 a\u00f1os que se apag\u00f3 la recia voz de un hombre de quien el sacerdote en la homil\u00eda de su funeral dijo: \u00abHombres como estos justifican toda una generaci\u00f3n\u00bb. Y acert\u00f3. Hijo de Daniel Irujo, el abogado defensor de Sabino Arana, estudi\u00f3 en Deusto y se licenci\u00f3 como abogado. Parlamentario foral,&nbsp; creador de la Caja de Ahorros de Navarra, diputado en el Congreso, Ministro de Justicia y sin Cartera de los gobiernos de Largo Caballero y Negrin, Delegado vasco en Londres, presidente del Consejo Nacional Vasco, escritor, m\u00fasico, historiador, humanista, pero por sobre todo, exiliado. \u00abCuarenta a\u00f1os de exilio os contemplan\u00bb exclam\u00f3 cuando pis\u00f3 el aeropuerto de Noain.<\/p>\n\n\n\n<p>D. Manuel de Irujo fue adem\u00e1s un gran parlamentario. Si Aguirre era la cara visible de la lucha en las &nbsp;Cortes por el primer estatuto de Autonom\u00eda, Irujo era quien llevaba el d\u00eda a d\u00eda del Grupo parlamentario siendo numeros\u00edsimas sus intervenciones. Orador fogoso y cargado de datos, pon\u00eda fuego en sus intervenciones y nada de lo vasco, ni de lo humano en general, le era ajeno. Puertos, corralizas, v\u00edas f\u00e9rreas, cierres de peri\u00f3dicos, tribunales y grandes debates. En 1935, tras la famosa frase de Calvo Sotelo en el Front\u00f3n Urumea de San Sebasti\u00e1n diciendo que m\u00e1s prefer\u00eda \u201cuna Espa\u00f1a roja que rota\u201d, el siguiente paso del l\u00edder de Renovaci\u00f3n Espa\u00f1ola fue pedir la ilegalizaci\u00f3n del PNV. Y fueron Aguirre, Picavea, Monz\u00f3n e Irujo quienes protagonizaron un debate sensacional en el que Irujo le llam\u00f3 a Calvo Sotelo &nbsp;\u00abel \u00faltimo godo\u00bb. Fueron tiempos muy dif\u00edciles, tiempos de aguda parcializaci\u00f3n y enfrentamiento que desembocaron en una guerra espantosa que D. Manuel trat\u00f3 de humanizar, visitando en Madrid las morgues, votando siempre en contra de la pena de muerte, tratando de legislar en favor del m\u00e1s d\u00e9bil, regularizando el culto religioso, all\u00ed donde pudo, &nbsp;y todo esto en momentos de pasiones desatadas.<\/p>\n\n\n\n<p>Irujo sol\u00eda decir que \u00e9l hab\u00eda sido el precio del Estatuto de autonom\u00eda de 1936.. Desgarrado por la desafecci\u00f3n de su Navarra a causa de un cambio de actas fraudulento, cuando &nbsp;en setiembre de 1936 Largo Caballero quiso un ministro del PNV en su gobierno, el EBB del PNV le dijo que s\u00ed, pero antes quer\u00eda que en el pleno del Congreso se aprobase el Estatuto que ya estaba dictaminado en comisi\u00f3n. El presidente accedi\u00f3 y el 1 de octubre de 1936, Manuel de Irujo, desde el banco azul, aplaud\u00eda la votaci\u00f3n favorable a aquel articulado cuya tramitaci\u00f3n hab\u00eda costado cinco largos a\u00f1os. No es ocioso recordar que en esos mismos momentos, el nuevo ministro, ten\u00eda a su madre, su hija, dos hermanas, su hermano menor y una cu\u00f1ada encarcelados en Pamplona por los militares sublevados. Afortunadamente pudieron ser canjeados.<\/p>\n\n\n\n<p><strong>EL INFLUENCER VASCO POR EXCELENCIA<\/strong><\/p>\n\n\n\n<p>Autor de numerosos libros no s\u00e9 que hubiera sido hoy Irujo con Internet ya que escribi\u00f3 miles y miles de cartas. Los archivos est\u00e1n llenos de ellas. Y como dec\u00eda Leizaola de \u00e9l, \u201dnunca dejaba una carta sin contestar\u201d. Todo un lujo hoy donde no se estila el respeto a quien se comunica por escrito. En 1976 nos inform\u00f3 que en Salamanca reposaban cientos de mensajes suyos escritos en su \u00e9poca de ministro. Hoy con Internet hubiera sido el campe\u00f3n de los blogueros y el n\u00famero uno de todas las nubes, el \u201cinfluencer vasco\u201d por excelencia, porque lo mismo felicitaba un cumplea\u00f1os o enviaba un p\u00e9same, que escrib\u00eda un art\u00edculo sobre el alcalde de Ojacastro o coordinaba con portugueses, gallegos y catalanes la edici\u00f3n de un libro sobre la \u00abComunidad Ib\u00e9rica de Naciones\u00bb, o daba cuenta de su valiente toma de postura el 18 de julio de 1936 logrando la rendici\u00f3n de los militares sublevados en el cuartel de Loyola, algo de lo que por cierto se acuerdan muy poco en Donostia. Y lo hicieron los diputados vascos..<\/p>\n\n\n\n<p>A Don Manuel tuve la suerte de conocerle en Caracas. Ten\u00eda hermanos y sobrinos &nbsp;en la capital de Venezuela y sol\u00eda venir cada cierto tiempo a visitarles terminando el periplo en Buenos Aires donde su hermano Pello dirig\u00eda Tierra Vasca y su hermano Andr\u00e9s, la editorial Ekin, y all\u00ed le exprim\u00edamos. Nos escrib\u00eda art\u00edculos muy radiof\u00f3nicos y de actualidad &nbsp;para la clandestina Radio Euzkadi bajo el seud\u00f3nimo de Lizarraga y, en 1975, designado por la Junta Directiva del Centro Vasco como su Socio de Honor, el a\u00f1o en el que se avizoraba la muerte de Franco, lo movimos como se mueve a un l\u00edder de su envergadura por todos los medios pol\u00edticos y period\u00edsticos del pa\u00eds, causando un impacto extraordinario. Su verbo, su elegante presencia, su humanidad, su traje negro desde que qued\u00f3 viudo, sus chispeantes comentarios, su iron\u00eda y humor y sobre todo el bagaje moral de una persona tan fiel a sus principios, dej\u00f3 a todos con la boca abierta.<\/p>\n\n\n\n<p><strong>LOS CONVERSOS \u00a1A LA COLA!.<\/strong><\/p>\n\n\n\n<p>Fallecido el dictador y saliendo el PNV de la clandestinidad en 1977 me toc\u00f3 en nombre del EBB viajar a Par\u00eds para invitarle a regresar del exilio aprovechando la gran Asamblea del PNV en Iru\u00f1a. Tras la aprobaci\u00f3n&nbsp;de nuestras ponencias y la renovaci\u00f3n de los cargos, la llegada de Irujo a Pamplona constituy\u00f3 el remate de oro de aquella Asamblea boreal mientras conserv\u00e1bamos el gobierno vasco en el exilio hasta tanto no logr\u00e1ramos aprobar el segundo estatuto.<\/p>\n\n\n\n<p>Irujo, cuando le plante\u00e9 su regreso y le dije que su llegada a Iru\u00f1a la pens\u00e1bamos organizar&nbsp; tras alquilar un peque\u00f1o avi\u00f3n, me dijo: \u00abNo me parece serio, pero en toda mi vida no he hecho m\u00e1s que obedecer, por lo que procedan como crean conveniente\u00bb. Y as\u00ed logramos traerle por aire, con escala en Hondarribia y llegada por los cielos a Noain, donde fue recibido apote\u00f3sicamente. Al d\u00eda siguiente, el alcalde en funciones, Tom\u00e1s Caballero, le recibi\u00f3 con toda cortes\u00eda en el ayuntamiento de Pamplona.<\/p>\n\n\n\n<p>En su cuartito de la rue Singer parisina, en aquella ocasi\u00f3n, me cont\u00f3 lo que en su d\u00eda hab\u00eda hecho cuando tanto Dionisio Ridruejo, falangista, soldado en la Divisi\u00f3n Azul y uno de los letristas del \u201cCara al Sol\u201d, as\u00ed como Jos\u00e9 Mar\u00eda de Areilza, alcalde de Bilbao y embajador franquista en Buenos Aires, Washington y Par\u00eds, tras su abandono del franquismo escrib\u00edan, se entrevistaban y opinaban sobre c\u00f3mo deber\u00eda ser la transici\u00f3n de la dictadura a la democracia. Y \u00e9l les dijo con todo respeto que era muy bueno evolucionar, reconocer errores y trabajar por la democracia pero que a los exiliados de fuera y de dentro de Espa\u00f1a, lecciones, las justas y contundentemente les dec\u00eda con claridad su frase redonda de: \u201d\u00a1Los &nbsp;conversos, \u00a1a la cola!.\u201d. Frase que he escuchado se la atribuyen a otros no siendo verdad. Es de Don Manuel.<\/p>\n\n\n\n<p><strong>EUROPEISTA DE VANGUARDIA<\/strong><\/p>\n\n\n\n<p>Al t\u00e9rmino de la II Guerra Mundial, el Lehendakari Agirre y Don Manuel, fervorosos europeos, concurrieron al frente de un nutrido grupo de vascos a La Haya donde los tenores de aquella Europa post guerra pusieron en marcha el Movimiento Europeo. All\u00ed se encontraron con personalidades dem\u00f3cratas de todo el continente. Los vascos llevaban en la mente y en el coraz\u00f3n la Europa de los Pueblos, pero la que nac\u00eda era la Europa de los estados. Para Agirre y los suyos el dilema planteado no era el de una Europa u otra, sino el de la Europa de los estados o ninguna. Y aceptaron el \u00f3rdago sin dejar de reivindicar su visi\u00f3n de aquella Europa federal sin fronteras, con moneda \u00fanica, ej\u00e9rcito europeo, realidades territoriales reconocidas y un mercado com\u00fan. Consecuencia de&nbsp; aquella realidad fue la constituci\u00f3n del Consejo Federal del Estado espa\u00f1ol del Movimiento Europeo quedando constituido en la Delegaci\u00f3n Vasca de la&nbsp; Av. Marceau.<\/p>\n\n\n\n<p>En el cuarenta y cinco &nbsp;aniversario de la marcha de aquel gigante, el recuerdo cari\u00f1oso hacia un hombre que desde el PNV, fue ante todo, un gran humanista, un gran cristiano y un gran pol\u00edtico y la necesidad de que su llama no se apague. Los muertos solo mueren de verdad, cuando se les olvida.<\/p>\n<!-- AddThis Advanced Settings generic via filter on the_content --><!-- AddThis Share Buttons generic via filter on the_content -->","protected":false},"excerpt":{"rendered":"<p>Domingo 1 de febrero de 2026 El pasado uno de enero se cumplieron 45 a\u00f1os del fallecimiento en Lizarra del pol\u00edtico navarro m\u00e1s importante del siglo XX, Don Manuel de Irujo. Su funeral y entierro fue multitudinario, y el dolor por su p\u00e9rdida, palpable y expresivo. All\u00ed estuvieron todos. El escritor Pablo Anto\u00f1ana recordaba que &hellip; <a href=\"https:\/\/blogs.deia.eus\/anasagasti\/2026\/02\/01\/navarro-hasta-las-cachas\/\" class=\"more-link\">Sigue leyendo <span class=\"screen-reader-text\">NAVARRO HASTA LAS CACHAS<\/span><\/a><!-- AddThis Advanced Settings generic via filter on get_the_excerpt --><!-- AddThis Share Buttons generic via filter on get_the_excerpt --><\/p>\n","protected":false},"author":19,"featured_media":0,"comment_status":"open","ping_status":"open","sticky":false,"template":"","format":"standard","meta":{"footnotes":""},"categories":[1],"tags":[],"class_list":["post-21361","post","type-post","status-publish","format-standard","hentry","category-general"],"_links":{"self":[{"href":"https:\/\/blogs.deia.eus\/anasagasti\/wp-json\/wp\/v2\/posts\/21361","targetHints":{"allow":["GET"]}}],"collection":[{"href":"https:\/\/blogs.deia.eus\/anasagasti\/wp-json\/wp\/v2\/posts"}],"about":[{"href":"https:\/\/blogs.deia.eus\/anasagasti\/wp-json\/wp\/v2\/types\/post"}],"author":[{"embeddable":true,"href":"https:\/\/blogs.deia.eus\/anasagasti\/wp-json\/wp\/v2\/users\/19"}],"replies":[{"embeddable":true,"href":"https:\/\/blogs.deia.eus\/anasagasti\/wp-json\/wp\/v2\/comments?post=21361"}],"version-history":[{"count":1,"href":"https:\/\/blogs.deia.eus\/anasagasti\/wp-json\/wp\/v2\/posts\/21361\/revisions"}],"predecessor-version":[{"id":21363,"href":"https:\/\/blogs.deia.eus\/anasagasti\/wp-json\/wp\/v2\/posts\/21361\/revisions\/21363"}],"wp:attachment":[{"href":"https:\/\/blogs.deia.eus\/anasagasti\/wp-json\/wp\/v2\/media?parent=21361"}],"wp:term":[{"taxonomy":"category","embeddable":true,"href":"https:\/\/blogs.deia.eus\/anasagasti\/wp-json\/wp\/v2\/categories?post=21361"},{"taxonomy":"post_tag","embeddable":true,"href":"https:\/\/blogs.deia.eus\/anasagasti\/wp-json\/wp\/v2\/tags?post=21361"}],"curies":[{"name":"wp","href":"https:\/\/api.w.org\/{rel}","templated":true}]}}